{"id":44171,"date":"2024-07-14T21:02:03","date_gmt":"2024-07-15T00:02:03","guid":{"rendered":"https:\/\/radiorevelacionfm.cl\/?p=44171"},"modified":"2024-07-14T21:02:03","modified_gmt":"2024-07-15T00:02:03","slug":"dirigentes-valoran-aprobacion-del-core-a-proyectos-presentados-por-el-municipio-de-aysen","status":"publish","type":"post","link":"https:\/\/radiorevelacionfm.cl\/?p=44171","title":{"rendered":"Dirigentes valoran aprobaci\u00f3n del CORE a proyectos presentados por el municipio de Ays\u00e9n"},"content":{"rendered":"<div class=\"flex_column av_one_full  flex_column_div av-zero-column-padding first  avia-builder-el-0  el_before_av_one_full  avia-builder-el-first  \" style='border-radius:0px; '><div  class='avia-image-container  av-styling-    avia-builder-el-1  avia-builder-el-no-sibling  avia-align-center '  itemprop=\"image\" itemscope=\"itemscope\" itemtype=\"https:\/\/schema.org\/ImageObject\"  ><div class='avia-image-container-inner'><div class='avia-image-overlay-wrap'><img decoding=\"async\" class='wp-image-44172 avia-img-lazy-loading-not-44172 avia_image' src=\"https:\/\/radiorevelacionfm.cl\/wp-content\/uploads\/2024\/07\/alicia-ruiz1-1_optimized.jpg\" alt='' title='alicia-ruiz1-(1)_optimized' height=\"600\" width=\"800\"  itemprop=\"thumbnailUrl\" srcset=\"https:\/\/radiorevelacionfm.cl\/wp-content\/uploads\/2024\/07\/alicia-ruiz1-1_optimized.jpg 800w, https:\/\/radiorevelacionfm.cl\/wp-content\/uploads\/2024\/07\/alicia-ruiz1-1_optimized-300x225.jpg 300w, https:\/\/radiorevelacionfm.cl\/wp-content\/uploads\/2024\/07\/alicia-ruiz1-1_optimized-768x576.jpg 768w, https:\/\/radiorevelacionfm.cl\/wp-content\/uploads\/2024\/07\/alicia-ruiz1-1_optimized-705x529.jpg 705w, https:\/\/radiorevelacionfm.cl\/wp-content\/uploads\/2024\/07\/alicia-ruiz1-1_optimized-450x338.jpg 450w, https:\/\/radiorevelacionfm.cl\/wp-content\/uploads\/2024\/07\/alicia-ruiz1-1_optimized-600x450.jpg 600w\" sizes=\"(max-width: 800px) 100vw, 800px\" \/><\/div><\/div><\/div><\/div><div class=\"flex_column av_one_full  flex_column_div av-zero-column-padding first  avia-builder-el-2  el_after_av_one_full  el_before_av_one_full  column-top-margin\" style='border-radius:0px; '><section class=\"av_textblock_section \"  itemscope=\"itemscope\" itemtype=\"https:\/\/schema.org\/BlogPosting\" itemprop=\"blogPost\" ><div class='avia_textblock  '   itemprop=\"text\" ><p style=\"text-align: center;\"><strong><span style=\"font-size: 18pt;\">Dirigentes valoran aprobaci\u00f3n del CORE a proyectos presentados por el municipio de Ays\u00e9n<\/span><\/strong><\/p>\n<div id=\"gtx-trans\" style=\"position: absolute; left: -50px; top: 4.31534px;\">\n<div class=\"gtx-trans-icon\"><\/div>\n<\/div>\n<\/div><\/section><\/div><div class=\"flex_column av_one_full  flex_column_div av-zero-column-padding first  avia-builder-el-4  el_after_av_one_full  el_before_av_hr  column-top-margin\" style='border-radius:0px; '><section class=\"av_textblock_section \"  itemscope=\"itemscope\" itemtype=\"https:\/\/schema.org\/BlogPosting\" itemprop=\"blogPost\" ><div class='avia_textblock  '   itemprop=\"text\" ><p style=\"text-align: justify;\">La semana reci\u00e9n pasada, tras la votaci\u00f3n de la Gobernadora Andrea Mac\u00edas y todos los Consejeros y Consejeras Regionales, se aprobaron en el pleno del Consejo Regional casi 700 millones de pesos, destinados a cuatro proyectos a ejecutarse en la comuna de Ays\u00e9n.<\/p>\n<p style=\"text-align: justify;\">Una de las iniciativas considera la construcci\u00f3n de una cancha de pasto sint\u00e9tico en el sector norte de Puerto Chacabuco, lo que permitir\u00e1 dar trabajo a mano de obra local, donde varias personas podr\u00e1n seguir contando con una fuente laboral.<\/p>\n<p style=\"text-align: justify;\">Alicia Ruiz, presidenta del sindicato Mujeres del Mar, puso en valor el proyecto que se iniciar\u00e1 prontamente. \u201cS\u00faper bien, porque nos encontramos con un trabajo que vamos a tener por siete meses que nos va a entregar el Municipio, gracias a los recursos que aprob\u00f3 el Gore. Esto es algo significativo para la poblaci\u00f3n de Puerto Chacabuco, para los ni\u00f1os, para que ellos puedan hacer deporte, ya que, tenemos las canchas colapsadas, entonces, este ser\u00eda un espacio importante para la poblaci\u00f3n\u201d.<\/p>\n<p style=\"text-align: justify;\">Otra iniciativa es, la construcci\u00f3n de la sede social para el \u201cCirculo, Hijos y Amigos de Chilo\u00e9\u201d, organizaci\u00f3n que ya lleva 26 a\u00f1os trabajando en el rescate cultural entre la isla grande y Ays\u00e9n. Su presidente, Jos\u00e9 Pincol, agradeci\u00f3 el respaldo del Consejo Regional y la Municipalidad de Ays\u00e9n, para concretar el espacio que necesitan para llevar a cabo sus actividades.<\/p>\n<p style=\"text-align: justify;\">Pincol, afirm\u00f3 tambi\u00e9n que, \u201cla regi\u00f3n les debe un buen espacio a los hijos de Chilo\u00e9, porque nuestros antepasados fueron los colonizadores por el mar, as\u00ed es que, por eso yo estoy contento, porque ellos nos dejaron el legado y nosotros tenemos que cumplirlo, todos los chilotes residentes tanto en Coyhaique como en Puerto Ays\u00e9n. Muchas gracias a todo el equipo que trabaj\u00f3 para aprobar este anhelo, un sue\u00f1o hecho realidad que de aqu\u00ed comienza y yo me voy totalmente robustecido y agradecido de todo el equipo que trabaj\u00f3 en esto, tanto de la Municipalidad como del Gobierno Regional\u201d.<\/p>\n<p style=\"text-align: justify;\">Los otros dos proyectos aprobados por el Consejo Regional y que son parte de la reciente presentaci\u00f3n del equipo de la Municipalidad de Ays\u00e9n liderado por el Alcalde Julio Uribe, son, la construcci\u00f3n de la cl\u00ednica veterinaria municipal y la ampliaci\u00f3n de la Ruca de Puerto Ays\u00e9n.<\/p>\n<\/div><\/section><\/div><div  style='height:50px' class='hr hr-invisible   avia-builder-el-6  el_after_av_one_full  el_before_av_social_share '><span class='hr-inner ' ><span class='hr-inner-style'><\/span><\/span><\/div><\/p>\n<div  class='av-social-sharing-box  avia-builder-el-7  el_after_av_hr  el_before_av_hr  '><div class='av-share-box'><h5 class='av-share-link-description av-no-toc '>Compartir esta noticia<\/h5><ul class='av-share-box-list noLightbox'><li class='av-share-link av-social-link-facebook' ><a target=\"_blank\" aria-label=\"Compartir en Facebook\" href='https:\/\/www.facebook.com\/sharer.php?u=https:\/\/radiorevelacionfm.cl\/?p=44171&#038;t=Dirigentes%20valoran%20aprobaci%C3%B3n%20del%20CORE%20a%20proyectos%20presentados%20por%20el%20municipio%20de%20Ays%C3%A9n' aria-hidden='false' data-av_icon='\ue8f3' data-av_iconfont='entypo-fontello' title='' data-avia-related-tooltip='Compartir en Facebook' rel=\"noopener\"><span class='avia_hidden_link_text'>Compartir en Facebook<\/span><\/a><\/li><li class='av-share-link av-social-link-twitter' ><a target=\"_blank\" aria-label=\"Compartir en Twitter\" href='https:\/\/twitter.com\/share?text=Dirigentes%20valoran%20aprobaci%C3%B3n%20del%20CORE%20a%20proyectos%20presentados%20por%20el%20municipio%20de%20Ays%C3%A9n&#038;url=https:\/\/radiorevelacionfm.cl\/?p=44171' aria-hidden='false' data-av_icon='\ue8f1' data-av_iconfont='entypo-fontello' title='' data-avia-related-tooltip='Compartir en Twitter' rel=\"noopener\"><span class='avia_hidden_link_text'>Compartir en Twitter<\/span><\/a><\/li><li class='av-share-link av-social-link-whatsapp' ><a target=\"_blank\" aria-label=\"Compartir en Whatsapp\" href='https:\/\/api.whatsapp.com\/send?text=https:\/\/radiorevelacionfm.cl\/?p=44171' aria-hidden='false' data-av_icon='\uf232' data-av_iconfont='entypo-fontello' title='' data-avia-related-tooltip='Compartir en Whatsapp' rel=\"noopener\"><span class='avia_hidden_link_text'>Compartir en Whatsapp<\/span><\/a><\/li><li class='av-share-link av-social-link-linkedin' ><a target=\"_blank\" aria-label=\"Compartir en LinkedIn\" href='https:\/\/linkedin.com\/shareArticle?mini=true&#038;title=Dirigentes%20valoran%20aprobaci%C3%B3n%20del%20CORE%20a%20proyectos%20presentados%20por%20el%20municipio%20de%20Ays%C3%A9n&#038;url=https:\/\/radiorevelacionfm.cl\/?p=44171' aria-hidden='false' data-av_icon='\ue8fc' data-av_iconfont='entypo-fontello' title='' data-avia-related-tooltip='Compartir en LinkedIn' rel=\"noopener\"><span class='avia_hidden_link_text'>Compartir en LinkedIn<\/span><\/a><\/li><li class='av-share-link av-social-link-mail' ><a  aria-label=\"Compartir por correo\" href='mailto:?subject=Dirigentes%20valoran%20aprobaci%C3%B3n%20del%20CORE%20a%20proyectos%20presentados%20por%20el%20municipio%20de%20Ays%C3%A9n&#038;body=https:\/\/radiorevelacionfm.cl\/?p=44171' aria-hidden='false' data-av_icon='\ue805' data-av_iconfont='entypo-fontello' title='' data-avia-related-tooltip='Compartir por correo'><span class='avia_hidden_link_text'>Compartir por correo<\/span><\/a><\/li><\/ul><\/div><\/div>\n<div  style='height:50px' class='hr hr-invisible   avia-builder-el-8  el_after_av_social_share  el_before_av_comments_list '><span class='hr-inner ' ><span class='hr-inner-style'><\/span><\/span><\/div>\n<div  class='av-buildercomment  av-blog-meta-html-info-disabled av-blog-meta-tag-disabled  '><\/div>\n","protected":false},"excerpt":{"rendered":"","protected":false},"author":1,"featured_media":44172,"comment_status":"open","ping_status":"open","sticky":false,"template":"","format":"standard","meta":{"footnotes":""},"categories":[38],"tags":[],"class_list":["post-44171","post","type-post","status-publish","format-standard","has-post-thumbnail","hentry","category-regional"],"jetpack_featured_media_url":"https:\/\/radiorevelacionfm.cl\/wp-content\/uploads\/2024\/07\/alicia-ruiz1-1_optimized.jpg","_links":{"self":[{"href":"https:\/\/radiorevelacionfm.cl\/index.php?rest_route=\/wp\/v2\/posts\/44171","targetHints":{"allow":["GET"]}}],"collection":[{"href":"https:\/\/radiorevelacionfm.cl\/index.php?rest_route=\/wp\/v2\/posts"}],"about":[{"href":"https:\/\/radiorevelacionfm.cl\/index.php?rest_route=\/wp\/v2\/types\/post"}],"author":[{"embeddable":true,"href":"https:\/\/radiorevelacionfm.cl\/index.php?rest_route=\/wp\/v2\/users\/1"}],"replies":[{"embeddable":true,"href":"https:\/\/radiorevelacionfm.cl\/index.php?rest_route=%2Fwp%2Fv2%2Fcomments&post=44171"}],"version-history":[{"count":1,"href":"https:\/\/radiorevelacionfm.cl\/index.php?rest_route=\/wp\/v2\/posts\/44171\/revisions"}],"predecessor-version":[{"id":44173,"href":"https:\/\/radiorevelacionfm.cl\/index.php?rest_route=\/wp\/v2\/posts\/44171\/revisions\/44173"}],"wp:featuredmedia":[{"embeddable":true,"href":"https:\/\/radiorevelacionfm.cl\/index.php?rest_route=\/wp\/v2\/media\/44172"}],"wp:attachment":[{"href":"https:\/\/radiorevelacionfm.cl\/index.php?rest_route=%2Fwp%2Fv2%2Fmedia&parent=44171"}],"wp:term":[{"taxonomy":"category","embeddable":true,"href":"https:\/\/radiorevelacionfm.cl\/index.php?rest_route=%2Fwp%2Fv2%2Fcategories&post=44171"},{"taxonomy":"post_tag","embeddable":true,"href":"https:\/\/radiorevelacionfm.cl\/index.php?rest_route=%2Fwp%2Fv2%2Ftags&post=44171"}],"curies":[{"name":"wp","href":"https:\/\/api.w.org\/{rel}","templated":true}]}}