{"id":44156,"date":"2024-07-14T13:27:41","date_gmt":"2024-07-14T16:27:41","guid":{"rendered":"https:\/\/radiorevelacionfm.cl\/?p=44156"},"modified":"2024-07-14T13:27:41","modified_gmt":"2024-07-14T16:27:41","slug":"vecinos-de-puerto-tranquilo-molestos-con-municipio-de-rio-ibanez-por-falta-de-apoyo-a-actividades-comunitarias","status":"publish","type":"post","link":"https:\/\/radiorevelacionfm.cl\/?p=44156","title":{"rendered":"Vecinos de Puerto Tranquilo molestos con Municipio de R\u00edo Ib\u00e1\u00f1ez por falta de apoyo a actividades comunitarias"},"content":{"rendered":"<div class=\"flex_column av_one_full  flex_column_div av-zero-column-padding first  avia-builder-el-0  el_before_av_one_full  avia-builder-el-first  \" style='border-radius:0px; '><div  class='avia-image-container  av-styling-    avia-builder-el-1  avia-builder-el-no-sibling  avia-align-center '  itemprop=\"image\" itemscope=\"itemscope\" itemtype=\"https:\/\/schema.org\/ImageObject\"  ><div class='avia-image-container-inner'><div class='avia-image-overlay-wrap'><img decoding=\"async\" class='wp-image-44158 avia-img-lazy-loading-not-44158 avia_image' src=\"https:\/\/radiorevelacionfm.cl\/wp-content\/uploads\/2024\/07\/en-las-capillas-1-1-1_optimized-1.jpg\" alt='' title='en-las-capillas-(1)-(1)-(1)_optimized (1)' height=\"600\" width=\"900\"  itemprop=\"thumbnailUrl\" srcset=\"https:\/\/radiorevelacionfm.cl\/wp-content\/uploads\/2024\/07\/en-las-capillas-1-1-1_optimized-1.jpg 900w, https:\/\/radiorevelacionfm.cl\/wp-content\/uploads\/2024\/07\/en-las-capillas-1-1-1_optimized-1-300x200.jpg 300w, https:\/\/radiorevelacionfm.cl\/wp-content\/uploads\/2024\/07\/en-las-capillas-1-1-1_optimized-1-768x512.jpg 768w, https:\/\/radiorevelacionfm.cl\/wp-content\/uploads\/2024\/07\/en-las-capillas-1-1-1_optimized-1-705x470.jpg 705w, https:\/\/radiorevelacionfm.cl\/wp-content\/uploads\/2024\/07\/en-las-capillas-1-1-1_optimized-1-450x300.jpg 450w, https:\/\/radiorevelacionfm.cl\/wp-content\/uploads\/2024\/07\/en-las-capillas-1-1-1_optimized-1-600x400.jpg 600w\" sizes=\"(max-width: 900px) 100vw, 900px\" \/><\/div><\/div><\/div><\/div><div class=\"flex_column av_one_full  flex_column_div av-zero-column-padding first  avia-builder-el-2  el_after_av_one_full  el_before_av_one_full  column-top-margin\" style='border-radius:0px; '><section class=\"av_textblock_section \"  itemscope=\"itemscope\" itemtype=\"https:\/\/schema.org\/BlogPosting\" itemprop=\"blogPost\" ><div class='avia_textblock  '   itemprop=\"text\" ><p style=\"text-align: center;\"><span style=\"font-size: 18pt;\"><b>Vecinos de Puerto Tranquilo molestos con Municipio de R\u00edo Ib\u00e1\u00f1ez por falta de apoyo a actividades comunitarias<\/b><\/span><\/p>\n<div id=\"gtx-trans\" style=\"position: absolute; left: -50px; top: 4.31534px;\">\n<div class=\"gtx-trans-icon\"><\/div>\n<\/div>\n<\/div><\/section><\/div><div class=\"flex_column av_one_full  flex_column_div av-zero-column-padding first  avia-builder-el-4  el_after_av_one_full  el_before_av_hr  column-top-margin\" style='border-radius:0px; '><section class=\"av_textblock_section \"  itemscope=\"itemscope\" itemtype=\"https:\/\/schema.org\/BlogPosting\" itemprop=\"blogPost\" ><div class='avia_textblock  '   itemprop=\"text\" ><ul>\n<li style=\"text-align: justify;\"><i>A pesar del \u00e9xito del Festival Regional del M\u00e1rmol que se desarroll\u00f3 a fines de junio en el poblado, organizadores dieron cuenta de una serie de desencuentros con el alcalde Juan Saldivia y funcionarios municipales.<\/i><\/li>\n<li class=\"v1gmail-MsoListParagraphCxSpLast\" style=\"text-align: justify;\"><i>Esto, se\u00f1alan en la misiva, es \u00abes una falta de respeto y solicitamos una explicaci\u00f3n formal\u00bb.<\/i><\/li>\n<\/ul>\n<p class=\"v1MsoNormal\" style=\"text-align: justify;\">La directiva de la Junta de Vecinos N\u00b06 de Puerto Tranquilo envi\u00f3 hace unos d\u00edas una carta al alcalde Juan\u00a0Saldivia Cea y al Concejo Municipal\u00a0de R\u00edo Ib\u00e1\u00f1ez, a trav\u00e9s de la cual expres\u00f3 su queja formal por las trabas que la municipalidad habr\u00eda puesto para el correcto desarrollo del\u00a0<a href=\"https:\/\/www.diarioregionalaysen.cl\/noticia\/actualidad\/2024\/06\/con-exito-conmemoraron-30-anos-de-santuario-de-la-naturaleza-capilla-de-marmol\" target=\"_blank\" rel=\"noopener noreferrer\">Festival Regional del M\u00e1rmol<\/a>. La actividad se realiz\u00f3 entre el 20 y el 22 de junio en la localidad para conmemorar los 30 a\u00f1os de la creaci\u00f3n del Santuario de la Naturaleza \u00ab<i>Capilla de M\u00e1rmol<\/i>\u00ab.<\/p>\n<p class=\"v1MsoNormal\" style=\"text-align: justify;\">Detallaron los dirigentes en la misiva una serie de situaciones que \u00ab<i>impiden una buena relaci\u00f3n institucional basada en el respeto y la valorizaci\u00f3n del trabajo social entre la Municipalidad de R\u00edo Ib\u00e1\u00f1ez y la comunidad de Puerto Tranquilo<\/i>\u00ab.<\/p>\n<p class=\"v1MsoNormal\" style=\"text-align: justify;\">Entre \u00e9stas mencionan la no respuesta a correos electr\u00f3nicos para coordinar la fecha de realizaci\u00f3n de las jornadas, lo cual transgrede el art\u00edculo 98 inciso primero de la Ley 18.695, Org\u00e1nica Constitucional de Municipalidades.<\/p>\n<p class=\"v1MsoNormal\" style=\"text-align: justify;\">Asimismo, aluden a que el municipio destin\u00f3 $ 63.356.855 para once actividades costumbristas en la comuna, invirti\u00e9ndose un 72 % en Puerto Ingeniero Ib\u00e1\u00f1ez, un 11,5 % en Puerto R\u00edo Tranquilo, un 14% en Bah\u00eda Murta y un 2,2 % en Puerto S\u00e1nchez. \u00ab<i>Se observa la desigualdad existente en materia de inversi\u00f3n cultural municipal para sus diversas localidades<\/i>\u00ab, por lo cual solicitan \u00ab<i>conocer el criterio que utiliza la unidad de DIDECO para definir la inversi\u00f3n en cada localidad<\/i>\u00ab.<\/p>\n<p class=\"v1MsoNormal\" style=\"text-align: justify;\">Acusan a las autoridades de apropiarse de una actividad autoconvocada por la comunidad, producto de que \u00ab<i>se publicaron a trav\u00e9s de los perfiles de Instagram del alcalde Juan Saldivia, de Fomento Productivo y de la Municipalidad de R\u00edo Ib\u00e1\u00f1ez unas gr\u00e1ficas del evento, donde se adjudicaban la ejecuci\u00f3n del festival, mencionando informaci\u00f3n err\u00f3nea, y delegando a la Junta de Vecinos como unos &#8216;colaboradores&#8217;<\/i>\u00ab. Adem\u00e1s, mientras ya se desarrollaba la actividad, \u00ab<i>una funcionaria municipal envi\u00f3 un mensaje de texto a las artesanas de Bah\u00eda Murta informando &#8216;la suspensi\u00f3n del Festival, por las condiciones clim\u00e1ticas&#8217;<\/i>\u00ab.<\/p>\n<p class=\"v1MsoNormal\" style=\"text-align: justify;\">Esta decisi\u00f3n se materializ\u00f3 en retirar los aportes municipales para la presentaci\u00f3n de \u00ab<i>Los charros de Lumaco<\/i>\u00ab, la amplificaci\u00f3n, la iluminaci\u00f3n, la pantalla led y el transporte de las artesanas de Puerto Ingeniero Ib\u00e1\u00f1ez hacia la localidad de Puerto R\u00edo Tranquilo. Y aunque \u00ab<i>mencionaron que el apoyo en la amplificaci\u00f3n musical y las gomas para proteger el suelo del gimnasio se mantendr\u00edan, esto no se cumpli\u00f3<\/i>\u00ab.<\/p>\n<p class=\"v1MsoNormal\" style=\"text-align: justify;\">\u00ab<i>Consideramos que es una falta grave que las decisiones de retirar la colaboraci\u00f3n de una instituci\u00f3n p\u00fablica a una comunidad, se entregue inicialmente a los asistentes y luego a sus organizaciones. Esto es una falta de respeto y solicitamos una explicaci\u00f3n formal<\/i>\u00bb se\u00f1alan en la carta.<\/p>\n<p class=\"v1MsoNormal\" style=\"text-align: justify;\">Como corolario, se inform\u00f3 desde la directiva que ninguna autoridad alcaldicia ni funcionario municipal asisti\u00f3 a la actividad en calidad de tal.<\/p>\n<p class=\"v1MsoNormal\" style=\"text-align: justify;\">\u00ab<i>Esperamos humildemente que exista una respuesta formal por parte de la Municipalidad de R\u00edo Ib\u00e1\u00f1ez y su Concejo sobre todos los hechos anteriormente expuestos. Como junta de vecinos es nuestra obligaci\u00f3n y deber manifestar el malestar y el agotamiento innecesario producido por estas malas pr\u00e1cticas, sabiendo que las voluntades debiesen avanzar hacia el trabajo intersectorial y colaborativo en pro del desarrollo de los vecinos y vecinas<\/i>\u00bb concluyen los dirigentes en la carta.<\/p>\n<p class=\"v1MsoNormal\" style=\"text-align: justify;\">La presidenta de la organizaci\u00f3n, Gloria Jaramillo Gallardo, explic\u00f3 que \u00ab<i>cuando se dieron estos hechos hablamos con las organizaciones y tomamos el acuerdo de enviar esta carta como Junta de Vecinos una vez que concluyera el Festival del M\u00e1rmol<\/i>\u00ab. La misiva tiene como objetivo sentar las bases para \u00ab<i>seguir avanzando en una relaci\u00f3n de Junta de Vecinos y municipalidad, ya que nuestra organizaci\u00f3n representa a nuestro pueblo<\/i>\u00ab.<\/p>\n<p class=\"v1MsoNormal\" style=\"text-align: justify;\">\u00ab<i>El fin de nuestra Junta de Vecinos es que nuestro pueblo se pueda desarrollar de mejor manera, podamos estar de acuerdo en c\u00f3mo vemos y c\u00f3mo trabajamos para nuestra localidad. En esto es preciso que las autoridades recuerden que los dirigentes sociales son representantes de cada uno de los pueblos, por tanto su voz tiene que ser escuchada y respetada<\/i>\u00bb concluy\u00f3.<\/p>\n<\/div><\/section><\/div><div  style='height:50px' class='hr hr-invisible   avia-builder-el-6  el_after_av_one_full  el_before_av_social_share '><span class='hr-inner ' ><span class='hr-inner-style'><\/span><\/span><\/div><\/p>\n<div  class='av-social-sharing-box  avia-builder-el-7  el_after_av_hr  el_before_av_hr  '><div class='av-share-box'><h5 class='av-share-link-description av-no-toc '>Compartir esta noticia<\/h5><ul class='av-share-box-list noLightbox'><li class='av-share-link av-social-link-facebook' ><a target=\"_blank\" aria-label=\"Compartir en Facebook\" href='https:\/\/www.facebook.com\/sharer.php?u=https:\/\/radiorevelacionfm.cl\/?p=44156&#038;t=Vecinos%20de%20Puerto%20Tranquilo%20molestos%20con%20Municipio%20de%20R%C3%ADo%20Ib%C3%A1%C3%B1ez%20por%20falta%20de%20apoyo%20a%20actividades%20comunitarias' aria-hidden='false' data-av_icon='\ue8f3' data-av_iconfont='entypo-fontello' title='' data-avia-related-tooltip='Compartir en Facebook' rel=\"noopener\"><span class='avia_hidden_link_text'>Compartir en Facebook<\/span><\/a><\/li><li class='av-share-link av-social-link-twitter' ><a target=\"_blank\" aria-label=\"Compartir en Twitter\" href='https:\/\/twitter.com\/share?text=Vecinos%20de%20Puerto%20Tranquilo%20molestos%20con%20Municipio%20de%20R%C3%ADo%20Ib%C3%A1%C3%B1ez%20por%20falta%20de%20apoyo%20a%20actividades%20comunitarias&#038;url=https:\/\/radiorevelacionfm.cl\/?p=44156' aria-hidden='false' data-av_icon='\ue8f1' data-av_iconfont='entypo-fontello' title='' data-avia-related-tooltip='Compartir en Twitter' rel=\"noopener\"><span class='avia_hidden_link_text'>Compartir en Twitter<\/span><\/a><\/li><li class='av-share-link av-social-link-whatsapp' ><a target=\"_blank\" aria-label=\"Compartir en Whatsapp\" href='https:\/\/api.whatsapp.com\/send?text=https:\/\/radiorevelacionfm.cl\/?p=44156' aria-hidden='false' data-av_icon='\uf232' data-av_iconfont='entypo-fontello' title='' data-avia-related-tooltip='Compartir en Whatsapp' rel=\"noopener\"><span class='avia_hidden_link_text'>Compartir en Whatsapp<\/span><\/a><\/li><li class='av-share-link av-social-link-linkedin' ><a target=\"_blank\" aria-label=\"Compartir en LinkedIn\" href='https:\/\/linkedin.com\/shareArticle?mini=true&#038;title=Vecinos%20de%20Puerto%20Tranquilo%20molestos%20con%20Municipio%20de%20R%C3%ADo%20Ib%C3%A1%C3%B1ez%20por%20falta%20de%20apoyo%20a%20actividades%20comunitarias&#038;url=https:\/\/radiorevelacionfm.cl\/?p=44156' aria-hidden='false' data-av_icon='\ue8fc' data-av_iconfont='entypo-fontello' title='' data-avia-related-tooltip='Compartir en LinkedIn' rel=\"noopener\"><span class='avia_hidden_link_text'>Compartir en LinkedIn<\/span><\/a><\/li><li class='av-share-link av-social-link-mail' ><a  aria-label=\"Compartir por correo\" href='mailto:?subject=Vecinos%20de%20Puerto%20Tranquilo%20molestos%20con%20Municipio%20de%20R%C3%ADo%20Ib%C3%A1%C3%B1ez%20por%20falta%20de%20apoyo%20a%20actividades%20comunitarias&#038;body=https:\/\/radiorevelacionfm.cl\/?p=44156' aria-hidden='false' data-av_icon='\ue805' data-av_iconfont='entypo-fontello' title='' data-avia-related-tooltip='Compartir por correo'><span class='avia_hidden_link_text'>Compartir por correo<\/span><\/a><\/li><\/ul><\/div><\/div>\n<div  style='height:50px' class='hr hr-invisible   avia-builder-el-8  el_after_av_social_share  el_before_av_comments_list '><span class='hr-inner ' ><span class='hr-inner-style'><\/span><\/span><\/div>\n<div  class='av-buildercomment  av-blog-meta-html-info-disabled av-blog-meta-tag-disabled  '><\/div>\n","protected":false},"excerpt":{"rendered":"","protected":false},"author":1,"featured_media":44158,"comment_status":"open","ping_status":"open","sticky":false,"template":"","format":"standard","meta":{"footnotes":""},"categories":[38],"tags":[],"class_list":["post-44156","post","type-post","status-publish","format-standard","has-post-thumbnail","hentry","category-regional"],"jetpack_featured_media_url":"https:\/\/radiorevelacionfm.cl\/wp-content\/uploads\/2024\/07\/en-las-capillas-1-1-1_optimized-1.jpg","_links":{"self":[{"href":"https:\/\/radiorevelacionfm.cl\/index.php?rest_route=\/wp\/v2\/posts\/44156","targetHints":{"allow":["GET"]}}],"collection":[{"href":"https:\/\/radiorevelacionfm.cl\/index.php?rest_route=\/wp\/v2\/posts"}],"about":[{"href":"https:\/\/radiorevelacionfm.cl\/index.php?rest_route=\/wp\/v2\/types\/post"}],"author":[{"embeddable":true,"href":"https:\/\/radiorevelacionfm.cl\/index.php?rest_route=\/wp\/v2\/users\/1"}],"replies":[{"embeddable":true,"href":"https:\/\/radiorevelacionfm.cl\/index.php?rest_route=%2Fwp%2Fv2%2Fcomments&post=44156"}],"version-history":[{"count":1,"href":"https:\/\/radiorevelacionfm.cl\/index.php?rest_route=\/wp\/v2\/posts\/44156\/revisions"}],"predecessor-version":[{"id":44159,"href":"https:\/\/radiorevelacionfm.cl\/index.php?rest_route=\/wp\/v2\/posts\/44156\/revisions\/44159"}],"wp:featuredmedia":[{"embeddable":true,"href":"https:\/\/radiorevelacionfm.cl\/index.php?rest_route=\/wp\/v2\/media\/44158"}],"wp:attachment":[{"href":"https:\/\/radiorevelacionfm.cl\/index.php?rest_route=%2Fwp%2Fv2%2Fmedia&parent=44156"}],"wp:term":[{"taxonomy":"category","embeddable":true,"href":"https:\/\/radiorevelacionfm.cl\/index.php?rest_route=%2Fwp%2Fv2%2Fcategories&post=44156"},{"taxonomy":"post_tag","embeddable":true,"href":"https:\/\/radiorevelacionfm.cl\/index.php?rest_route=%2Fwp%2Fv2%2Ftags&post=44156"}],"curies":[{"name":"wp","href":"https:\/\/api.w.org\/{rel}","templated":true}]}}