{"id":44153,"date":"2024-07-13T21:37:30","date_gmt":"2024-07-14T00:37:30","guid":{"rendered":"https:\/\/radiorevelacionfm.cl\/?p=44153"},"modified":"2024-07-13T21:37:30","modified_gmt":"2024-07-14T00:37:30","slug":"cchc-presenta-ante-el-core-proyecto-que-perfecciona-leyes-para-zonas-extremas-en-la-region","status":"publish","type":"post","link":"https:\/\/radiorevelacionfm.cl\/?p=44153","title":{"rendered":"CChC presenta ante el CORE proyecto que perfecciona leyes para zonas extremas en la regi\u00f3n"},"content":{"rendered":"<div class=\"flex_column av_one_full  flex_column_div av-zero-column-padding first  avia-builder-el-0  el_before_av_one_full  avia-builder-el-first  \" style='border-radius:0px; '><div  class='avia-image-container  av-styling-    avia-builder-el-1  avia-builder-el-no-sibling  avia-align-center '  itemprop=\"image\" itemscope=\"itemscope\" itemtype=\"https:\/\/schema.org\/ImageObject\"  ><div class='avia-image-container-inner'><div class='avia-image-overlay-wrap'><img decoding=\"async\" class='wp-image-44154 avia-img-lazy-loading-not-44154 avia_image' src=\"https:\/\/radiorevelacionfm.cl\/wp-content\/uploads\/2024\/07\/3-2024-07-13t203700_optimized.669-1.jpg\" alt='' title='3---2024-07-13t203700_optimized.669-(1)' height=\"600\" width=\"1069\"  itemprop=\"thumbnailUrl\" srcset=\"https:\/\/radiorevelacionfm.cl\/wp-content\/uploads\/2024\/07\/3-2024-07-13t203700_optimized.669-1.jpg 1069w, https:\/\/radiorevelacionfm.cl\/wp-content\/uploads\/2024\/07\/3-2024-07-13t203700_optimized.669-1-300x168.jpg 300w, https:\/\/radiorevelacionfm.cl\/wp-content\/uploads\/2024\/07\/3-2024-07-13t203700_optimized.669-1-1030x578.jpg 1030w, https:\/\/radiorevelacionfm.cl\/wp-content\/uploads\/2024\/07\/3-2024-07-13t203700_optimized.669-1-768x431.jpg 768w, https:\/\/radiorevelacionfm.cl\/wp-content\/uploads\/2024\/07\/3-2024-07-13t203700_optimized.669-1-705x396.jpg 705w, https:\/\/radiorevelacionfm.cl\/wp-content\/uploads\/2024\/07\/3-2024-07-13t203700_optimized.669-1-450x253.jpg 450w, https:\/\/radiorevelacionfm.cl\/wp-content\/uploads\/2024\/07\/3-2024-07-13t203700_optimized.669-1-600x337.jpg 600w\" sizes=\"(max-width: 1069px) 100vw, 1069px\" \/><\/div><\/div><\/div><\/div><div class=\"flex_column av_one_full  flex_column_div av-zero-column-padding first  avia-builder-el-2  el_after_av_one_full  el_before_av_one_full  column-top-margin\" style='border-radius:0px; '><section class=\"av_textblock_section \"  itemscope=\"itemscope\" itemtype=\"https:\/\/schema.org\/BlogPosting\" itemprop=\"blogPost\" ><div class='avia_textblock  '   itemprop=\"text\" ><p style=\"text-align: center;\"><span style=\"font-size: 18pt;\"><strong>CChC presenta ante el CORE proyecto que perfecciona leyes para zonas extremas en la regi\u00f3n<\/strong><\/span><\/p>\n<div id=\"gtx-trans\" style=\"position: absolute; left: -50px; top: 4.31534px;\">\n<div class=\"gtx-trans-icon\"><\/div>\n<\/div>\n<\/div><\/section><\/div><div class=\"flex_column av_one_full  flex_column_div av-zero-column-padding first  avia-builder-el-4  el_after_av_one_full  el_before_av_hr  column-top-margin\" style='border-radius:0px; '><section class=\"av_textblock_section \"  itemscope=\"itemscope\" itemtype=\"https:\/\/schema.org\/BlogPosting\" itemprop=\"blogPost\" ><div class='avia_textblock  '   itemprop=\"text\" ><p style=\"text-align: justify;\">La C\u00e1mara Chilena de la Construcci\u00f3n de Coyhaique, expuso ante los consejeros regionales, integrantes de la comisi\u00f3n de presupuesto e inversiones del Gobierno Regional, los alcances de la propuesta que han dise\u00f1ado, para perfeccionar las leyes especiales que existen en la regi\u00f3n. Esto, porque seg\u00fan se indica un estudio de la CChC, estos incentivos no han tenido el impacto esperado en el crecimiento del territorio local.<\/p>\n<p style=\"text-align: justify;\">La exposici\u00f3n estuvo a cargo de la economista Marcela Ruiz-Tagle -consultora contratada por la CChC-, quien evidenci\u00f3 a trav\u00e9s de cifras econ\u00f3micas, el impacto que han tenido estas leyes y decretos desde su creaci\u00f3n, tales como: el DFL 15, la Ley Austral, la Zona Extrema de Extensi\u00f3n y el DS889 de bonificaci\u00f3n a la mano de obra, entre otros.<\/p>\n<p style=\"text-align: justify;\">En el pa\u00eds hay tres regiones consideradas extremas, Arica, Magallanes y Ays\u00e9n, siendo esta \u00faltima, la \u00fanica que ha presentado un Producto Interno Bruto (PIB) regional, un 37% bajo el promedio nacional, a pesar de contar con estas leyes especiales.<\/p>\n<p style=\"text-align: justify;\">\u201cSiempre hemos planteado que la regi\u00f3n se est\u00e1 desacoplando del desarrollo de Chile\u201d, indic\u00f3 desde la C\u00e1mara Chilena de la Construcci\u00f3n Pedro Pablo Arriagada, socio del gremio, agregando que el estudio realizado tiene por objeto \u201catraer y potenciar la inversi\u00f3n para lograr el desarrollo esperado\u201d.<\/p>\n<p style=\"text-align: justify;\">Adem\u00e1s de presentar la problem\u00e1tica, el estudio de la CChC Coyhaique propone soluciones, que implican un redise\u00f1o de las leyes de excepci\u00f3n vigentes en la regi\u00f3n de Ays\u00e9n, cuyo prop\u00f3sito es mejorar el alto costo de vida en la regi\u00f3n, los que est\u00e1n agrupados en tres ejes: Incentivos a la integraci\u00f3n y equidad territorial; incentivos al empleo, capacitaci\u00f3n y disminuci\u00f3n del costo de vida; e incentivos al emprendimiento y la inversi\u00f3n.<\/p>\n<p style=\"text-align: justify;\">Las propuestas, que se han denominado como un nuevo marco de beneficios e incentivos tributarios para la regi\u00f3n, adem\u00e1s de potenciar la inversi\u00f3n en la zona, proponen un beneficio social y econ\u00f3mico para el territorio, al contemplar medidas como: Un fondo para el desarrollo de las redes de infraestructura; la adecuaci\u00f3n de la red el\u00e9ctrica de sistemas aislados; una bonificaci\u00f3n efectiva a la contrataci\u00f3n de mano de obra y capacitaci\u00f3n; disminuir el costo de vida; mejorar el subsidio a la inversi\u00f3n (DFL15) con foco en las peque\u00f1as y medianas empresas; incorporar un incentivo tributario a la inversi\u00f3n de medianas y grandes empresas; y finalmente, generar incentivos a la asociatividad y promoci\u00f3n de servicios y productos locales.<\/p>\n<p style=\"text-align: justify;\">Los consejeros regionales integrantes de la comisi\u00f3n de presupuesto e inversiones evaluaron positivamente la propuesta de la CChC, destacando entre ellos, el argumento propuesto en el estudio, para generar una exenci\u00f3n de IVA en toda la regi\u00f3n.<\/p>\n<p style=\"text-align: justify;\">Los anterior, se explica en el estudio de la CChC, que detalla que la Zona Franca de Extensi\u00f3n es utilizada principalmente por empresas, estim\u00e1ndose que cubre al 6,7% de las presentes en el territorio y solo al 0,2% de la poblaci\u00f3n, por lo que podr\u00eda ser reemplazado por una eliminaci\u00f3n del IVA.<\/p>\n<p style=\"text-align: justify;\">El presidente de la comisi\u00f3n de presupuesto e inversi\u00f3n del CORE, Jorge Abello, invit\u00f3 a la C\u00e1mara Chilena de la Construcci\u00f3n a asumir el desaf\u00edo de lograr que estas propuestas cuenten con el respaldo y aprobaci\u00f3n de diversos actores locales, para lograr una propuesta unificada, que podr\u00e1 ser presentada ante el pleno del Consejo Regional y con ese respaldo, ser comunicada a las autoridades nacionales de gobierno y el Congreso.<\/p>\n<p style=\"text-align: justify;\">\u201cApoyaremos las propuestas de incentivos tributarios que nos present\u00f3 tanto la Multigremial Nacional de Emprendedores como la CChC y trabajaremos para que se implementen de manera efectiva\u201d, indic\u00f3 el consejero, agregando que solicitar\u00e1n \u201cal pleno del Consejo Regional que valide estas iniciativas y contribuya a su concreci\u00f3n\u201d.<\/p>\n<p style=\"text-align: justify;\">Cabe se\u00f1alar que la exposici\u00f3n y di\u00e1logo con los consejeros regionales se extendi\u00f3 por cerca de dos horas y adem\u00e1s de la C\u00e1mara Chilena de la Construcci\u00f3n, particip\u00f3 la multigremial nacional, representada por Pablo Mata, quienes expusieron su propuesta en torno a las modificaciones de las leyes de excepci\u00f3n para todas las zonas extremas del pa\u00eds.<\/p>\n<p style=\"text-align: justify;\"><u>Uso de las leyes de incentivo<\/u><\/p>\n<p style=\"text-align: justify;\">En Ays\u00e9n, al a\u00f1o 2022, exist\u00edan 12.000 empleadores susceptibles de percibir la bonificaci\u00f3n de contrataci\u00f3n de mano de obra y hubo 1.204 empresas bonificadas, lo que representa una tasa de penetraci\u00f3n y\/o uso del beneficio de 10%.<\/p>\n<p style=\"text-align: justify;\">Respecto del DFL 15, la regi\u00f3n de Ays\u00e9n concentra el 33% del total de recursos disponibles a nivel pa\u00eds para este inventivo, sin embargo, las solicitudes anuales efectuadas por empresas fluct\u00faan entre 200 a 250. Se debe considerar que hay en torno a 10 mil Mipe\u2019s en toda la regi\u00f3n.<\/p>\n<p style=\"text-align: justify;\">La Ley Austral fue utilizada por 1.014 contribuyentes empresas entre los a\u00f1os 2013 y 2022, de ello, 94 tienen domicilio en la regi\u00f3n de Ays\u00e9n.<\/p>\n<p style=\"text-align: justify;\">La Zona Franca de Extensi\u00f3n es utilizada principalmente por empresas, estim\u00e1ndose que cubre al 6,7% de las presentes en el territorio y al 0,2% de la poblaci\u00f3n.<\/p>\n<\/div><\/section><\/div><div  style='height:50px' class='hr hr-invisible   avia-builder-el-6  el_after_av_one_full  el_before_av_social_share '><span class='hr-inner ' ><span class='hr-inner-style'><\/span><\/span><\/div><\/p>\n<div  class='av-social-sharing-box  avia-builder-el-7  el_after_av_hr  el_before_av_hr  '><div class='av-share-box'><h5 class='av-share-link-description av-no-toc '>Compartir esta noticia<\/h5><ul class='av-share-box-list noLightbox'><li class='av-share-link av-social-link-facebook' ><a target=\"_blank\" aria-label=\"Compartir en Facebook\" href='https:\/\/www.facebook.com\/sharer.php?u=https:\/\/radiorevelacionfm.cl\/?p=44153&#038;t=CChC%20presenta%20ante%20el%20CORE%20proyecto%20que%20perfecciona%20leyes%20para%20zonas%20extremas%20en%20la%20regi%C3%B3n' aria-hidden='false' data-av_icon='\ue8f3' data-av_iconfont='entypo-fontello' title='' data-avia-related-tooltip='Compartir en Facebook' rel=\"noopener\"><span class='avia_hidden_link_text'>Compartir en Facebook<\/span><\/a><\/li><li class='av-share-link av-social-link-twitter' ><a target=\"_blank\" aria-label=\"Compartir en Twitter\" href='https:\/\/twitter.com\/share?text=CChC%20presenta%20ante%20el%20CORE%20proyecto%20que%20perfecciona%20leyes%20para%20zonas%20extremas%20en%20la%20regi%C3%B3n&#038;url=https:\/\/radiorevelacionfm.cl\/?p=44153' aria-hidden='false' data-av_icon='\ue8f1' data-av_iconfont='entypo-fontello' title='' data-avia-related-tooltip='Compartir en Twitter' rel=\"noopener\"><span class='avia_hidden_link_text'>Compartir en Twitter<\/span><\/a><\/li><li class='av-share-link av-social-link-whatsapp' ><a target=\"_blank\" aria-label=\"Compartir en Whatsapp\" href='https:\/\/api.whatsapp.com\/send?text=https:\/\/radiorevelacionfm.cl\/?p=44153' aria-hidden='false' data-av_icon='\uf232' data-av_iconfont='entypo-fontello' title='' data-avia-related-tooltip='Compartir en Whatsapp' rel=\"noopener\"><span class='avia_hidden_link_text'>Compartir en Whatsapp<\/span><\/a><\/li><li class='av-share-link av-social-link-linkedin' ><a target=\"_blank\" aria-label=\"Compartir en LinkedIn\" href='https:\/\/linkedin.com\/shareArticle?mini=true&#038;title=CChC%20presenta%20ante%20el%20CORE%20proyecto%20que%20perfecciona%20leyes%20para%20zonas%20extremas%20en%20la%20regi%C3%B3n&#038;url=https:\/\/radiorevelacionfm.cl\/?p=44153' aria-hidden='false' data-av_icon='\ue8fc' data-av_iconfont='entypo-fontello' title='' data-avia-related-tooltip='Compartir en LinkedIn' rel=\"noopener\"><span class='avia_hidden_link_text'>Compartir en LinkedIn<\/span><\/a><\/li><li class='av-share-link av-social-link-mail' ><a  aria-label=\"Compartir por correo\" href='mailto:?subject=CChC%20presenta%20ante%20el%20CORE%20proyecto%20que%20perfecciona%20leyes%20para%20zonas%20extremas%20en%20la%20regi%C3%B3n&#038;body=https:\/\/radiorevelacionfm.cl\/?p=44153' aria-hidden='false' data-av_icon='\ue805' data-av_iconfont='entypo-fontello' title='' data-avia-related-tooltip='Compartir por correo'><span class='avia_hidden_link_text'>Compartir por correo<\/span><\/a><\/li><\/ul><\/div><\/div>\n<div  style='height:50px' class='hr hr-invisible   avia-builder-el-8  el_after_av_social_share  el_before_av_comments_list '><span class='hr-inner ' ><span class='hr-inner-style'><\/span><\/span><\/div>\n<div  class='av-buildercomment  av-blog-meta-html-info-disabled av-blog-meta-tag-disabled  '><\/div>\n","protected":false},"excerpt":{"rendered":"","protected":false},"author":1,"featured_media":44154,"comment_status":"open","ping_status":"open","sticky":false,"template":"","format":"standard","meta":{"footnotes":""},"categories":[38],"tags":[],"class_list":["post-44153","post","type-post","status-publish","format-standard","has-post-thumbnail","hentry","category-regional"],"jetpack_featured_media_url":"https:\/\/radiorevelacionfm.cl\/wp-content\/uploads\/2024\/07\/3-2024-07-13t203700_optimized.669-1.jpg","_links":{"self":[{"href":"https:\/\/radiorevelacionfm.cl\/index.php?rest_route=\/wp\/v2\/posts\/44153","targetHints":{"allow":["GET"]}}],"collection":[{"href":"https:\/\/radiorevelacionfm.cl\/index.php?rest_route=\/wp\/v2\/posts"}],"about":[{"href":"https:\/\/radiorevelacionfm.cl\/index.php?rest_route=\/wp\/v2\/types\/post"}],"author":[{"embeddable":true,"href":"https:\/\/radiorevelacionfm.cl\/index.php?rest_route=\/wp\/v2\/users\/1"}],"replies":[{"embeddable":true,"href":"https:\/\/radiorevelacionfm.cl\/index.php?rest_route=%2Fwp%2Fv2%2Fcomments&post=44153"}],"version-history":[{"count":1,"href":"https:\/\/radiorevelacionfm.cl\/index.php?rest_route=\/wp\/v2\/posts\/44153\/revisions"}],"predecessor-version":[{"id":44155,"href":"https:\/\/radiorevelacionfm.cl\/index.php?rest_route=\/wp\/v2\/posts\/44153\/revisions\/44155"}],"wp:featuredmedia":[{"embeddable":true,"href":"https:\/\/radiorevelacionfm.cl\/index.php?rest_route=\/wp\/v2\/media\/44154"}],"wp:attachment":[{"href":"https:\/\/radiorevelacionfm.cl\/index.php?rest_route=%2Fwp%2Fv2%2Fmedia&parent=44153"}],"wp:term":[{"taxonomy":"category","embeddable":true,"href":"https:\/\/radiorevelacionfm.cl\/index.php?rest_route=%2Fwp%2Fv2%2Fcategories&post=44153"},{"taxonomy":"post_tag","embeddable":true,"href":"https:\/\/radiorevelacionfm.cl\/index.php?rest_route=%2Fwp%2Fv2%2Ftags&post=44153"}],"curies":[{"name":"wp","href":"https:\/\/api.w.org\/{rel}","templated":true}]}}