{"id":4415,"date":"2021-05-23T15:40:20","date_gmt":"2021-05-23T18:40:20","guid":{"rendered":"https:\/\/radiorevelacionfm.cl\/?p=4415"},"modified":"2021-05-23T15:40:20","modified_gmt":"2021-05-23T18:40:20","slug":"senador-sandoval-se-reunio-con-seremi-de-vivienda-para-analizar-plan-para-erradicar-marginalidad-habitacional-en-la-region-de-aysen","status":"publish","type":"post","link":"https:\/\/radiorevelacionfm.cl\/?p=4415","title":{"rendered":"Senador Sandoval se reuni\u00f3 con seremi de Vivienda para analizar plan para erradicar marginalidad habitacional en la regi\u00f3n de Ays\u00e9n"},"content":{"rendered":"<div class=\"flex_column av_one_full  flex_column_div av-zero-column-padding first  avia-builder-el-0  el_before_av_one_full  avia-builder-el-first  \" style='border-radius:0px; '><div  class='avia-image-container  av-styling-    avia-builder-el-1  avia-builder-el-no-sibling  avia-align-center '  itemprop=\"image\" itemscope=\"itemscope\" itemtype=\"https:\/\/schema.org\/ImageObject\"  ><div class='avia-image-container-inner'><div class='avia-image-overlay-wrap'><img decoding=\"async\" class='wp-image-0 avia-img-lazy-loading-not-0 avia_image' src=\"https:\/\/radiorevelacionfm.cl\/wp-content\/uploads\/2021\/05\/REUNION-CON-SEREMI-DE-VIVIENDA-1-1.jpg\" alt='' title=''   itemprop=\"thumbnailUrl\"  \/><\/div><\/div><\/div><\/div><div class=\"flex_column av_one_full  flex_column_div av-zero-column-padding first  avia-builder-el-2  el_after_av_one_full  el_before_av_one_full  column-top-margin\" style='border-radius:0px; '><section class=\"av_textblock_section \"  itemscope=\"itemscope\" itemtype=\"https:\/\/schema.org\/BlogPosting\" itemprop=\"blogPost\" ><div class='avia_textblock  '   itemprop=\"text\" ><p style=\"text-align: center;\"><strong><span style=\"font-size: 18pt;\">Senador Sandoval se reuni\u00f3 con seremi de Vivienda para analizar plan para erradicar marginalidad habitacional en la regi\u00f3n de Ays\u00e9n<\/span><\/strong><\/p>\n<div id=\"gtx-trans\" style=\"position: absolute; left: -50px; top: 4.31534px;\">\n<div class=\"gtx-trans-icon\"><\/div>\n<\/div>\n<\/div><\/section><\/div><div class=\"flex_column av_one_full  flex_column_div av-zero-column-padding first  avia-builder-el-4  el_after_av_one_full  el_before_av_hr  column-top-margin\" style='border-radius:0px; '><section class=\"av_textblock_section \"  itemscope=\"itemscope\" itemtype=\"https:\/\/schema.org\/BlogPosting\" itemprop=\"blogPost\" ><div class='avia_textblock  '   itemprop=\"text\" ><p style=\"text-align: justify;\">El senador David Sandoval se reuni\u00f3 recientemente con el seremi de Vivienda de Ays\u00e9n, Diego Silva, a fin de analizar el impacto del plan de erradicaci\u00f3n de la marginalidad habitacional en la regi\u00f3n de Ays\u00e9n, a partir de una reorientaci\u00f3n del programa de subsidio de construcci\u00f3n en sitio propio y de mejoramiento t\u00e9rmico.<\/p>\n<p style=\"text-align: justify;\">Lo anterior adquiere m\u00e1s importancia, indic\u00f3 Sandoval, considerando un informe de la C\u00e1mara Chilena de la Construcci\u00f3n, el cual cifra en 3.172 las viviendas con d\u00e9ficit habitacional a nivel regional (a nivel nacional son cerca de 740 mil), lo que amerita tomar medidas acordes a esta realidad. \u201cEs un n\u00famero enorme de personas que est\u00e1n detr\u00e1s de esta condici\u00f3n y requieren de una atenci\u00f3n especial. Muchas (de estas viviendas) tienen una condici\u00f3n de habitabilidad un poco compleja, construidas hace mucho a\u00f1os atr\u00e1s, donde muchos ayseninos y ayseninas terminaron construyendo con lo que pod\u00edan\u201d, explic\u00f3.<\/p>\n<p style=\"text-align: justify;\">De ah\u00ed que destac\u00f3 el que se haya logrado con el ministerio de Vivienda (MINVU), la asignaci\u00f3n de cupos suficiente para que se aplique este programa de erradicaci\u00f3n, preliminarmente en tres comunas de la regi\u00f3n: Coyhaique, Ays\u00e9n y Chile Chico. \u201cLa realidad tiene que ser catastrada, el MINVU tiene la gran tarea de identificar a las familias, entendiendo que son muchas y pocos los cupos en esta primera etapa, por lo que el proceso de selecci\u00f3n debe ser extremadamente riguroso, con mucha transparencia y mucha publicidad en el proceso de convocatoria\u201d, puntualiz\u00f3.<\/p>\n<p style=\"text-align: justify;\">\u201cPor ello la relevancia de este tema, porque termina por dar un beneficio a varios miles de ayseninos que viven en viviendas que tienen dificultades, problemas de filtraciones, ventilaci\u00f3n, estructurales, etc. Y por eso este programa tiene una gran significaci\u00f3n\u201d, agreg\u00f3.<\/p>\n<p style=\"text-align: justify;\">En ese sentido, el legislador subray\u00f3 que \u201choy lo que se pretende es dar justicia a esas personas que han debido, durante muchas d\u00e9cadas, aguantar en sus condiciones de habitabilidad\u201d.<\/p>\n<p style=\"text-align: justify;\">Por lo mismo, insisti\u00f3 que esta iniciativa debe contar con toda la prioridad. \u201cEl seremi de Vivienda, Diego Silva, siendo un hijo de esta tierra, tiene un conocimiento de la realidad social y habitacional de las familias. Hoy hay una gran oportunidad. Y esperamos que sea un programa que se realice con mucha rapidez, puesto que estos subsidios asignados para la regi\u00f3n para este a\u00f1o, hay que procurar utilizarlos todos, dada la magnitud del problema\u201d, subray\u00f3.<\/p>\n<p style=\"text-align: justify;\">Finalmente, el senador Sandoval destac\u00f3 la disposici\u00f3n del Ministro MINVU Felipe Ward y del Subsecretario de la cartera, Guillermo Rolando, enfatizando que ahora la tarea est\u00e1 radicada en la regi\u00f3n de Ays\u00e9n. \u201cLos beneficiarios son nada m\u00e1s y nada menos que ayseninos y ayseninas que evidentemente dar\u00e1n un salto enorme en su condici\u00f3n de habitabilidad y en sus condiciones de calidad de vida\u201d, concluy\u00f3.<\/p>\n<\/div><\/section><\/div><div  style='height:50px' class='hr hr-invisible   avia-builder-el-6  el_after_av_one_full  el_before_av_social_share '><span class='hr-inner ' ><span class='hr-inner-style'><\/span><\/span><\/div><\/p>\n<div  class='av-social-sharing-box  avia-builder-el-7  el_after_av_hr  el_before_av_hr  '><div class='av-share-box'><h5 class='av-share-link-description av-no-toc '>Compartir esta noticia<\/h5><ul class='av-share-box-list noLightbox'><li class='av-share-link av-social-link-facebook' ><a target=\"_blank\" aria-label=\"Compartir en Facebook\" href='https:\/\/www.facebook.com\/sharer.php?u=https:\/\/radiorevelacionfm.cl\/?p=4415&#038;t=Senador%20Sandoval%20se%20reuni%C3%B3%20con%20seremi%20de%20Vivienda%20para%20analizar%20plan%20para%20erradicar%20marginalidad%20habitacional%20en%20la%20regi%C3%B3n%20de%20Ays%C3%A9n' aria-hidden='false' data-av_icon='\ue8f3' data-av_iconfont='entypo-fontello' title='' data-avia-related-tooltip='Compartir en Facebook' rel=\"noopener\"><span class='avia_hidden_link_text'>Compartir en Facebook<\/span><\/a><\/li><li class='av-share-link av-social-link-twitter' ><a target=\"_blank\" aria-label=\"Compartir en Twitter\" href='https:\/\/twitter.com\/share?text=Senador%20Sandoval%20se%20reuni%C3%B3%20con%20seremi%20de%20Vivienda%20para%20analizar%20plan%20para%20erradicar%20marginalidad%20habitacional%20en%20la%20regi%C3%B3n%20de%20Ays%C3%A9n&#038;url=https:\/\/radiorevelacionfm.cl\/?p=4415' aria-hidden='false' data-av_icon='\ue8f1' data-av_iconfont='entypo-fontello' title='' data-avia-related-tooltip='Compartir en Twitter' rel=\"noopener\"><span class='avia_hidden_link_text'>Compartir en Twitter<\/span><\/a><\/li><li class='av-share-link av-social-link-whatsapp' ><a target=\"_blank\" aria-label=\"Compartir en Whatsapp\" href='https:\/\/api.whatsapp.com\/send?text=https:\/\/radiorevelacionfm.cl\/?p=4415' aria-hidden='false' data-av_icon='\uf232' data-av_iconfont='entypo-fontello' title='' data-avia-related-tooltip='Compartir en Whatsapp' rel=\"noopener\"><span class='avia_hidden_link_text'>Compartir en Whatsapp<\/span><\/a><\/li><li class='av-share-link av-social-link-linkedin' ><a target=\"_blank\" aria-label=\"Compartir en LinkedIn\" href='https:\/\/linkedin.com\/shareArticle?mini=true&#038;title=Senador%20Sandoval%20se%20reuni%C3%B3%20con%20seremi%20de%20Vivienda%20para%20analizar%20plan%20para%20erradicar%20marginalidad%20habitacional%20en%20la%20regi%C3%B3n%20de%20Ays%C3%A9n&#038;url=https:\/\/radiorevelacionfm.cl\/?p=4415' aria-hidden='false' data-av_icon='\ue8fc' data-av_iconfont='entypo-fontello' title='' data-avia-related-tooltip='Compartir en LinkedIn' rel=\"noopener\"><span class='avia_hidden_link_text'>Compartir en LinkedIn<\/span><\/a><\/li><li class='av-share-link av-social-link-mail' ><a  aria-label=\"Compartir por correo\" href='mailto:?subject=Senador%20Sandoval%20se%20reuni%C3%B3%20con%20seremi%20de%20Vivienda%20para%20analizar%20plan%20para%20erradicar%20marginalidad%20habitacional%20en%20la%20regi%C3%B3n%20de%20Ays%C3%A9n&#038;body=https:\/\/radiorevelacionfm.cl\/?p=4415' aria-hidden='false' data-av_icon='\ue805' data-av_iconfont='entypo-fontello' title='' data-avia-related-tooltip='Compartir por correo'><span class='avia_hidden_link_text'>Compartir por correo<\/span><\/a><\/li><\/ul><\/div><\/div>\n<div  style='height:50px' class='hr hr-invisible   avia-builder-el-8  el_after_av_social_share  el_before_av_comments_list '><span class='hr-inner ' ><span class='hr-inner-style'><\/span><\/span><\/div>\n<div  class='av-buildercomment  av-blog-meta-html-info-disabled av-blog-meta-tag-disabled  '><\/div>\n","protected":false},"excerpt":{"rendered":"","protected":false},"author":1,"featured_media":0,"comment_status":"open","ping_status":"open","sticky":false,"template":"","format":"standard","meta":{"footnotes":""},"categories":[35],"tags":[],"class_list":["post-4415","post","type-post","status-publish","format-standard","hentry","category-politica"],"jetpack_featured_media_url":"","_links":{"self":[{"href":"https:\/\/radiorevelacionfm.cl\/index.php?rest_route=\/wp\/v2\/posts\/4415","targetHints":{"allow":["GET"]}}],"collection":[{"href":"https:\/\/radiorevelacionfm.cl\/index.php?rest_route=\/wp\/v2\/posts"}],"about":[{"href":"https:\/\/radiorevelacionfm.cl\/index.php?rest_route=\/wp\/v2\/types\/post"}],"author":[{"embeddable":true,"href":"https:\/\/radiorevelacionfm.cl\/index.php?rest_route=\/wp\/v2\/users\/1"}],"replies":[{"embeddable":true,"href":"https:\/\/radiorevelacionfm.cl\/index.php?rest_route=%2Fwp%2Fv2%2Fcomments&post=4415"}],"version-history":[{"count":1,"href":"https:\/\/radiorevelacionfm.cl\/index.php?rest_route=\/wp\/v2\/posts\/4415\/revisions"}],"predecessor-version":[{"id":4417,"href":"https:\/\/radiorevelacionfm.cl\/index.php?rest_route=\/wp\/v2\/posts\/4415\/revisions\/4417"}],"wp:attachment":[{"href":"https:\/\/radiorevelacionfm.cl\/index.php?rest_route=%2Fwp%2Fv2%2Fmedia&parent=4415"}],"wp:term":[{"taxonomy":"category","embeddable":true,"href":"https:\/\/radiorevelacionfm.cl\/index.php?rest_route=%2Fwp%2Fv2%2Fcategories&post=4415"},{"taxonomy":"post_tag","embeddable":true,"href":"https:\/\/radiorevelacionfm.cl\/index.php?rest_route=%2Fwp%2Fv2%2Ftags&post=4415"}],"curies":[{"name":"wp","href":"https:\/\/api.w.org\/{rel}","templated":true}]}}