{"id":44149,"date":"2024-07-13T13:43:34","date_gmt":"2024-07-13T16:43:34","guid":{"rendered":"https:\/\/radiorevelacionfm.cl\/?p=44149"},"modified":"2024-07-13T13:43:34","modified_gmt":"2024-07-13T16:43:34","slug":"diputados-calisto-y-raphael-confirman-proyecto-para-permitir-que-aterricen-vuelos-con-neblina-y-malas-condiciones-climaticas","status":"publish","type":"post","link":"https:\/\/radiorevelacionfm.cl\/?p=44149","title":{"rendered":"Diputados Calisto y Raphael confirman proyecto para permitir que aterricen vuelos con neblina y malas condiciones clim\u00e1ticas"},"content":{"rendered":"<div class=\"flex_column av_one_full  flex_column_div av-zero-column-padding first  avia-builder-el-0  el_before_av_one_full  avia-builder-el-first  \" style='border-radius:0px; '><div  class='avia-image-container  av-styling-    avia-builder-el-1  avia-builder-el-no-sibling  avia-align-center '  itemprop=\"image\" itemscope=\"itemscope\" itemtype=\"https:\/\/schema.org\/ImageObject\"  ><div class='avia-image-container-inner'><div class='avia-image-overlay-wrap'><img decoding=\"async\" class='wp-image-44150 avia-img-lazy-loading-not-44150 avia_image' src=\"https:\/\/radiorevelacionfm.cl\/wp-content\/uploads\/2024\/07\/foto-reu-dgac-1_optimized.jpeg\" alt='' title='foto-reu-dgac-(1)_optimized' height=\"600\" width=\"987\"  itemprop=\"thumbnailUrl\" srcset=\"https:\/\/radiorevelacionfm.cl\/wp-content\/uploads\/2024\/07\/foto-reu-dgac-1_optimized.jpeg 987w, https:\/\/radiorevelacionfm.cl\/wp-content\/uploads\/2024\/07\/foto-reu-dgac-1_optimized-300x182.jpeg 300w, https:\/\/radiorevelacionfm.cl\/wp-content\/uploads\/2024\/07\/foto-reu-dgac-1_optimized-768x467.jpeg 768w, https:\/\/radiorevelacionfm.cl\/wp-content\/uploads\/2024\/07\/foto-reu-dgac-1_optimized-705x429.jpeg 705w, https:\/\/radiorevelacionfm.cl\/wp-content\/uploads\/2024\/07\/foto-reu-dgac-1_optimized-450x274.jpeg 450w, https:\/\/radiorevelacionfm.cl\/wp-content\/uploads\/2024\/07\/foto-reu-dgac-1_optimized-600x365.jpeg 600w\" sizes=\"(max-width: 987px) 100vw, 987px\" \/><\/div><\/div><\/div><\/div><div class=\"flex_column av_one_full  flex_column_div av-zero-column-padding first  avia-builder-el-2  el_after_av_one_full  el_before_av_one_full  column-top-margin\" style='border-radius:0px; '><section class=\"av_textblock_section \"  itemscope=\"itemscope\" itemtype=\"https:\/\/schema.org\/BlogPosting\" itemprop=\"blogPost\" ><div class='avia_textblock  '   itemprop=\"text\" ><p style=\"text-align: center;\"><span style=\"font-size: 18pt;\"><b><span lang=\"ES\">Diputados Calisto y Raphael confirman proyecto para permitir que aterricen vuelos con neblina y malas condiciones clim\u00e1ticas<\/span><\/b><\/span><\/p>\n<div id=\"gtx-trans\" style=\"position: absolute; left: -50px; top: 4.31534px;\">\n<div class=\"gtx-trans-icon\"><\/div>\n<\/div>\n<\/div><\/section><\/div><div class=\"flex_column av_one_full  flex_column_div av-zero-column-padding first  avia-builder-el-4  el_after_av_one_full  el_before_av_hr  column-top-margin\" style='border-radius:0px; '><section class=\"av_textblock_section \"  itemscope=\"itemscope\" itemtype=\"https:\/\/schema.org\/BlogPosting\" itemprop=\"blogPost\" ><div class='avia_textblock  '   itemprop=\"text\" ><p style=\"font-weight: 400; text-align: justify;\"><em>La inversi\u00f3n contempla un presupuesto cercano a los 18 mil millones y se espera apertura licitaci\u00f3n en agosto de este a\u00f1o.<\/em><\/p>\n<p style=\"font-weight: 400; text-align: justify;\">Ante la preocupaci\u00f3n y molestia de la ciudadan\u00eda por las constantes cancelaciones de vuelo producidas por la baja visibilidad, los diputados Marcia Raphael y Miguel \u00c1ngel Calisto se reunieron con el Director Nacional de la DGAC, Carlos Madina, quien les confirm\u00f3 que existe un proyecto que est\u00e1 en etapa de licitaci\u00f3n que permitir\u00e1 dotar de la tecnolog\u00eda necesaria al aeropuerto de Balmaceda para evitar los problemas causados por la neblina.<\/p>\n<p style=\"font-weight: 400; text-align: justify;\">Seg\u00fan la Diputada Marcia Raphael, \u201cdebido a los frecuentes problemas que nos hemos visto afectados como regi\u00f3n \u00faltimamente, producto de la cancelaci\u00f3n de vuelos por malas condiciones clim\u00e1ticas , nos hemos reunido con al diputado Calisto con el director nacional de la DGAC, ya que nos preocupa enormemente que significa para nuestra regi\u00f3n la reiterada cancelaci\u00f3n de vuelos\u201d.<\/p>\n<p style=\"font-weight: 400; text-align: justify;\">La legisladora se\u00f1al\u00f3 que \u201csin duda debemos solucionar esta situaci\u00f3n para tener un mayor flujo de pasajeros y en mejores condiciones para una regi\u00f3n tan extrema y aislada como la nuestra. El Director nos ha dado una buena noticia, de que la licitaci\u00f3n para el proyecto normalizaci\u00f3n \u00e1rea del Aeropuerto Balmaceda ya se encuentra licitaci\u00f3n por lo que se espera que el 2026 esto se encuentre totalmente en funcionamiento\u201d.<\/p>\n<p style=\"font-weight: 400; text-align: justify;\">Por su parte, el diputado Calisto afirm\u00f3 que \u201cel Director nos confirm\u00f3 que ya existe un proyecto que est\u00e1 en fase de licitaci\u00f3n y que permitir\u00e1 dotar de la tecnolog\u00eda necesaria al Aeropuerto de Balmaceda para solucionar el problema\u201d.<\/p>\n<p style=\"font-weight: 400; text-align: justify;\">\u201cNuestro aeropuerto no cuenta con una tecnolog\u00eda que se llama ILS, que permite en definitiva que los aviones puedan aterrizar en la pista, aun con malas condiciones o baja visibilidad. Esta tecnolog\u00eda incluye un sistema meteorol\u00f3gico que permite medir la visibilidad y el proyecto tambi\u00e9n implica la expropiaci\u00f3n de un terreno para poder instalar luces de aproximaci\u00f3n. Esto cuesta aproximadamente 18 mil millones de pesos\u201d, indic\u00f3 Calisto.<\/p>\n<p style=\"font-weight: 400; text-align: justify;\">Finalmente, el parlamentario declar\u00f3 que \u201cesperamos que este proyecto prontamente se adjudique para la implementaci\u00f3n y as\u00ed el pr\u00f3ximo a\u00f1o ya no tengamos estos problemas de cancelaci\u00f3n de vuelo y nos permita poder recibir aviones con normalidad, aun con baja visibilidad\u201d.<\/p>\n<\/div><\/section><\/div><div  style='height:50px' class='hr hr-invisible   avia-builder-el-6  el_after_av_one_full  el_before_av_social_share '><span class='hr-inner ' ><span class='hr-inner-style'><\/span><\/span><\/div><\/p>\n<div  class='av-social-sharing-box  avia-builder-el-7  el_after_av_hr  el_before_av_hr  '><div class='av-share-box'><h5 class='av-share-link-description av-no-toc '>Compartir esta noticia<\/h5><ul class='av-share-box-list noLightbox'><li class='av-share-link av-social-link-facebook' ><a target=\"_blank\" aria-label=\"Compartir en Facebook\" href='https:\/\/www.facebook.com\/sharer.php?u=https:\/\/radiorevelacionfm.cl\/?p=44149&#038;t=Diputados%20Calisto%20y%20Raphael%20confirman%20proyecto%20para%20permitir%20que%20aterricen%20vuelos%20con%20neblina%20y%20malas%20condiciones%20clim%C3%A1ticas' aria-hidden='false' data-av_icon='\ue8f3' data-av_iconfont='entypo-fontello' title='' data-avia-related-tooltip='Compartir en Facebook' rel=\"noopener\"><span class='avia_hidden_link_text'>Compartir en Facebook<\/span><\/a><\/li><li class='av-share-link av-social-link-twitter' ><a target=\"_blank\" aria-label=\"Compartir en Twitter\" href='https:\/\/twitter.com\/share?text=Diputados%20Calisto%20y%20Raphael%20confirman%20proyecto%20para%20permitir%20que%20aterricen%20vuelos%20con%20neblina%20y%20malas%20condiciones%20clim%C3%A1ticas&#038;url=https:\/\/radiorevelacionfm.cl\/?p=44149' aria-hidden='false' data-av_icon='\ue8f1' data-av_iconfont='entypo-fontello' title='' data-avia-related-tooltip='Compartir en Twitter' rel=\"noopener\"><span class='avia_hidden_link_text'>Compartir en Twitter<\/span><\/a><\/li><li class='av-share-link av-social-link-whatsapp' ><a target=\"_blank\" aria-label=\"Compartir en Whatsapp\" href='https:\/\/api.whatsapp.com\/send?text=https:\/\/radiorevelacionfm.cl\/?p=44149' aria-hidden='false' data-av_icon='\uf232' data-av_iconfont='entypo-fontello' title='' data-avia-related-tooltip='Compartir en Whatsapp' rel=\"noopener\"><span class='avia_hidden_link_text'>Compartir en Whatsapp<\/span><\/a><\/li><li class='av-share-link av-social-link-linkedin' ><a target=\"_blank\" aria-label=\"Compartir en LinkedIn\" href='https:\/\/linkedin.com\/shareArticle?mini=true&#038;title=Diputados%20Calisto%20y%20Raphael%20confirman%20proyecto%20para%20permitir%20que%20aterricen%20vuelos%20con%20neblina%20y%20malas%20condiciones%20clim%C3%A1ticas&#038;url=https:\/\/radiorevelacionfm.cl\/?p=44149' aria-hidden='false' data-av_icon='\ue8fc' data-av_iconfont='entypo-fontello' title='' data-avia-related-tooltip='Compartir en LinkedIn' rel=\"noopener\"><span class='avia_hidden_link_text'>Compartir en LinkedIn<\/span><\/a><\/li><li class='av-share-link av-social-link-mail' ><a  aria-label=\"Compartir por correo\" href='mailto:?subject=Diputados%20Calisto%20y%20Raphael%20confirman%20proyecto%20para%20permitir%20que%20aterricen%20vuelos%20con%20neblina%20y%20malas%20condiciones%20clim%C3%A1ticas&#038;body=https:\/\/radiorevelacionfm.cl\/?p=44149' aria-hidden='false' data-av_icon='\ue805' data-av_iconfont='entypo-fontello' title='' data-avia-related-tooltip='Compartir por correo'><span class='avia_hidden_link_text'>Compartir por correo<\/span><\/a><\/li><\/ul><\/div><\/div>\n<div  style='height:50px' class='hr hr-invisible   avia-builder-el-8  el_after_av_social_share  el_before_av_comments_list '><span class='hr-inner ' ><span class='hr-inner-style'><\/span><\/span><\/div>\n<div  class='av-buildercomment  av-blog-meta-html-info-disabled av-blog-meta-tag-disabled  '><\/div>\n","protected":false},"excerpt":{"rendered":"","protected":false},"author":1,"featured_media":44150,"comment_status":"open","ping_status":"open","sticky":false,"template":"","format":"standard","meta":{"footnotes":""},"categories":[38],"tags":[],"class_list":["post-44149","post","type-post","status-publish","format-standard","has-post-thumbnail","hentry","category-regional"],"jetpack_featured_media_url":"https:\/\/radiorevelacionfm.cl\/wp-content\/uploads\/2024\/07\/foto-reu-dgac-1_optimized.jpeg","_links":{"self":[{"href":"https:\/\/radiorevelacionfm.cl\/index.php?rest_route=\/wp\/v2\/posts\/44149","targetHints":{"allow":["GET"]}}],"collection":[{"href":"https:\/\/radiorevelacionfm.cl\/index.php?rest_route=\/wp\/v2\/posts"}],"about":[{"href":"https:\/\/radiorevelacionfm.cl\/index.php?rest_route=\/wp\/v2\/types\/post"}],"author":[{"embeddable":true,"href":"https:\/\/radiorevelacionfm.cl\/index.php?rest_route=\/wp\/v2\/users\/1"}],"replies":[{"embeddable":true,"href":"https:\/\/radiorevelacionfm.cl\/index.php?rest_route=%2Fwp%2Fv2%2Fcomments&post=44149"}],"version-history":[{"count":1,"href":"https:\/\/radiorevelacionfm.cl\/index.php?rest_route=\/wp\/v2\/posts\/44149\/revisions"}],"predecessor-version":[{"id":44151,"href":"https:\/\/radiorevelacionfm.cl\/index.php?rest_route=\/wp\/v2\/posts\/44149\/revisions\/44151"}],"wp:featuredmedia":[{"embeddable":true,"href":"https:\/\/radiorevelacionfm.cl\/index.php?rest_route=\/wp\/v2\/media\/44150"}],"wp:attachment":[{"href":"https:\/\/radiorevelacionfm.cl\/index.php?rest_route=%2Fwp%2Fv2%2Fmedia&parent=44149"}],"wp:term":[{"taxonomy":"category","embeddable":true,"href":"https:\/\/radiorevelacionfm.cl\/index.php?rest_route=%2Fwp%2Fv2%2Fcategories&post=44149"},{"taxonomy":"post_tag","embeddable":true,"href":"https:\/\/radiorevelacionfm.cl\/index.php?rest_route=%2Fwp%2Fv2%2Ftags&post=44149"}],"curies":[{"name":"wp","href":"https:\/\/api.w.org\/{rel}","templated":true}]}}