{"id":44130,"date":"2024-07-12T16:51:43","date_gmt":"2024-07-12T19:51:43","guid":{"rendered":"https:\/\/radiorevelacionfm.cl\/?p=44130"},"modified":"2024-07-12T16:51:43","modified_gmt":"2024-07-12T19:51:43","slug":"instalaran-una-nueva-subestacion-para-mejoras-en-el-servicio-electrico-de-villa-manihuales","status":"publish","type":"post","link":"https:\/\/radiorevelacionfm.cl\/?p=44130","title":{"rendered":"Instalar\u00e1n una nueva subestaci\u00f3n para mejoras en el servicio el\u00e9ctrico de Villa Ma\u00f1ihuales"},"content":{"rendered":"<div class=\"flex_column av_one_full  flex_column_div av-zero-column-padding first  avia-builder-el-0  el_before_av_one_full  avia-builder-el-first  \" style='border-radius:0px; '><div  class='avia-image-container  av-styling-    avia-builder-el-1  avia-builder-el-no-sibling  avia-align-center '  itemprop=\"image\" itemscope=\"itemscope\" itemtype=\"https:\/\/schema.org\/ImageObject\"  ><div class='avia-image-container-inner'><div class='avia-image-overlay-wrap'><img decoding=\"async\" class='wp-image-31938 avia-img-lazy-loading-not-31938 avia_image' src=\"https:\/\/radiorevelacionfm.cl\/wp-content\/uploads\/2023\/06\/EDELAYSEN-1-1.jpeg\" alt='' title='EDELAYSEN (1) (1)' height=\"600\" width=\"900\"  itemprop=\"thumbnailUrl\" srcset=\"https:\/\/radiorevelacionfm.cl\/wp-content\/uploads\/2023\/06\/EDELAYSEN-1-1.jpeg 900w, https:\/\/radiorevelacionfm.cl\/wp-content\/uploads\/2023\/06\/EDELAYSEN-1-1-300x200.jpeg 300w, https:\/\/radiorevelacionfm.cl\/wp-content\/uploads\/2023\/06\/EDELAYSEN-1-1-768x512.jpeg 768w, https:\/\/radiorevelacionfm.cl\/wp-content\/uploads\/2023\/06\/EDELAYSEN-1-1-705x470.jpeg 705w, https:\/\/radiorevelacionfm.cl\/wp-content\/uploads\/2023\/06\/EDELAYSEN-1-1-450x300.jpeg 450w, https:\/\/radiorevelacionfm.cl\/wp-content\/uploads\/2023\/06\/EDELAYSEN-1-1-600x400.jpeg 600w\" sizes=\"(max-width: 900px) 100vw, 900px\" \/><\/div><\/div><\/div><\/div><div class=\"flex_column av_one_full  flex_column_div av-zero-column-padding first  avia-builder-el-2  el_after_av_one_full  el_before_av_one_full  column-top-margin\" style='border-radius:0px; '><section class=\"av_textblock_section \"  itemscope=\"itemscope\" itemtype=\"https:\/\/schema.org\/BlogPosting\" itemprop=\"blogPost\" ><div class='avia_textblock  '   itemprop=\"text\" ><p style=\"text-align: center;\"><strong><span style=\"font-size: 18pt;\">Instalar\u00e1n una nueva subestaci\u00f3n para mejoras en el servicio el\u00e9ctrico de Villa Ma\u00f1ihuales<\/span><\/strong><\/p>\n<div id=\"gtx-trans\" style=\"position: absolute; left: -50px; top: 4.31534px;\">\n<div class=\"gtx-trans-icon\"><\/div>\n<\/div>\n<\/div><\/section><\/div><div class=\"flex_column av_one_full  flex_column_div av-zero-column-padding first  avia-builder-el-4  el_after_av_one_full  el_before_av_hr  column-top-margin\" style='border-radius:0px; '><section class=\"av_textblock_section \"  itemscope=\"itemscope\" itemtype=\"https:\/\/schema.org\/BlogPosting\" itemprop=\"blogPost\" ><div class='avia_textblock  '   itemprop=\"text\" ><p style=\"text-align: justify;\"><em>Los trabajos est\u00e1n contemplados para este domingo 14 de julio, desde las 10:30 a las 16:30 horas en el radio urbano y rural de la localidad de Ma\u00f1ihuales. <\/em><\/p>\n<p style=\"text-align: justify;\">La el\u00e9ctrica anunci\u00f3 que este domingo 14 de julio se llevar\u00e1n a cabo una desconexi\u00f3n programada con importantes trabajos de mejora en el suministro el\u00e9ctrico en la localidad de Ma\u00f1ihuales. Las obras, que se desarrollar\u00e1n desde las 10:30 hasta las 16:30 horas, incluyen la continuaci\u00f3n de trabajos previos, la instalaci\u00f3n de una nueva subestaci\u00f3n de 75kVa, y la extensi\u00f3n de 200 metros de la red de media tensi\u00f3n.<\/p>\n<p style=\"text-align: justify;\">Como parte de estas mejoras, se instalar\u00e1n siete nuevos postes, contribuyendo a la estabilidad y fiabilidad del sistema el\u00e9ctrico en la comuna. La nueva subestaci\u00f3n de 75 kVa permitir\u00e1 una distribuci\u00f3n m\u00e1s eficiente de la energ\u00eda, mientras que la extensi\u00f3n de la red de media tensi\u00f3n mejorar\u00e1 la capacidad de suministro y reducir\u00e1 posibles interrupciones en el servicio.<\/p>\n<p style=\"text-align: justify;\">Francisco Pavez jefe de zona de Ays\u00e9n coment\u00f3 la importancia de estas labores: \u201cEstos trabajos son fundamentales para garantizar un suministro el\u00e9ctrico m\u00e1s confiable y eficiente para los residentes de Ma\u00f1ihuales. Agradecemos la comprensi\u00f3n de la comunidad durante la realizaci\u00f3n de estas obras, que sin duda traer\u00e1n beneficios para todos\u201d.<\/p>\n<p style=\"text-align: justify;\">Edelaysen reafirma su compromiso con la mejora continua de sus servicios y la satisfacci\u00f3n de sus clientes. As\u00ed mismo, la distribuidora insta a los clientes a obtener informaci\u00f3n en tiempo real a trav\u00e9s del mapa de desconexiones disponible en el sitio web oficial\u00a0<a href=\"https:\/\/nam10.safelinks.protection.outlook.com\/?url=http%3A%2F%2Fwww.edelaysen.cl%2F&amp;data=05%7C02%7Cmaria.marchant%40saesa.cl%7Cd00a77d4635549e4232508dc1785e122%7C136d6ab55b55496f97cb2424247715ed%7C0%7C0%7C638411110975362336%7CUnknown%7CTWFpbGZsb3d8eyJWIjoiMC4wLjAwMDAiLCJQIjoiV2luMzIiLCJBTiI6Ik1haWwiLCJXVCI6Mn0%3D%7C3000%7C%7C%7C&amp;sdata=ZmNxPTv7Q1b%2FfupfuBS4fM5VmG9VzT4pPdfVTECqwSo%3D&amp;reserved=0\">www.edelaysen.cl<\/a>\u00a0y su aplicaci\u00f3n m\u00f3vil, adem\u00e1s de su l\u00ednea gratuita al 800 600 803 donde se ofrecer\u00e1n actualizaciones detalladas sobre el estado del servicio.<\/p>\n<p style=\"text-align: justify;\"><strong>\u00a0<\/strong><\/p>\n<\/div><\/section><\/div><div  style='height:50px' class='hr hr-invisible   avia-builder-el-6  el_after_av_one_full  el_before_av_social_share '><span class='hr-inner ' ><span class='hr-inner-style'><\/span><\/span><\/div><\/p>\n<div  class='av-social-sharing-box  avia-builder-el-7  el_after_av_hr  el_before_av_hr  '><div class='av-share-box'><h5 class='av-share-link-description av-no-toc '>Compartir esta noticia<\/h5><ul class='av-share-box-list noLightbox'><li class='av-share-link av-social-link-facebook' ><a target=\"_blank\" aria-label=\"Compartir en Facebook\" href='https:\/\/www.facebook.com\/sharer.php?u=https:\/\/radiorevelacionfm.cl\/?p=44130&#038;t=Instalar%C3%A1n%20una%20nueva%20subestaci%C3%B3n%20para%20mejoras%20en%20el%20servicio%20el%C3%A9ctrico%20de%20Villa%20Ma%C3%B1ihuales' aria-hidden='false' data-av_icon='\ue8f3' data-av_iconfont='entypo-fontello' title='' data-avia-related-tooltip='Compartir en Facebook' rel=\"noopener\"><span class='avia_hidden_link_text'>Compartir en Facebook<\/span><\/a><\/li><li class='av-share-link av-social-link-twitter' ><a target=\"_blank\" aria-label=\"Compartir en Twitter\" href='https:\/\/twitter.com\/share?text=Instalar%C3%A1n%20una%20nueva%20subestaci%C3%B3n%20para%20mejoras%20en%20el%20servicio%20el%C3%A9ctrico%20de%20Villa%20Ma%C3%B1ihuales&#038;url=https:\/\/radiorevelacionfm.cl\/?p=44130' aria-hidden='false' data-av_icon='\ue8f1' data-av_iconfont='entypo-fontello' title='' data-avia-related-tooltip='Compartir en Twitter' rel=\"noopener\"><span class='avia_hidden_link_text'>Compartir en Twitter<\/span><\/a><\/li><li class='av-share-link av-social-link-whatsapp' ><a target=\"_blank\" aria-label=\"Compartir en Whatsapp\" href='https:\/\/api.whatsapp.com\/send?text=https:\/\/radiorevelacionfm.cl\/?p=44130' aria-hidden='false' data-av_icon='\uf232' data-av_iconfont='entypo-fontello' title='' data-avia-related-tooltip='Compartir en Whatsapp' rel=\"noopener\"><span class='avia_hidden_link_text'>Compartir en Whatsapp<\/span><\/a><\/li><li class='av-share-link av-social-link-linkedin' ><a target=\"_blank\" aria-label=\"Compartir en LinkedIn\" href='https:\/\/linkedin.com\/shareArticle?mini=true&#038;title=Instalar%C3%A1n%20una%20nueva%20subestaci%C3%B3n%20para%20mejoras%20en%20el%20servicio%20el%C3%A9ctrico%20de%20Villa%20Ma%C3%B1ihuales&#038;url=https:\/\/radiorevelacionfm.cl\/?p=44130' aria-hidden='false' data-av_icon='\ue8fc' data-av_iconfont='entypo-fontello' title='' data-avia-related-tooltip='Compartir en LinkedIn' rel=\"noopener\"><span class='avia_hidden_link_text'>Compartir en LinkedIn<\/span><\/a><\/li><li class='av-share-link av-social-link-mail' ><a  aria-label=\"Compartir por correo\" href='mailto:?subject=Instalar%C3%A1n%20una%20nueva%20subestaci%C3%B3n%20para%20mejoras%20en%20el%20servicio%20el%C3%A9ctrico%20de%20Villa%20Ma%C3%B1ihuales&#038;body=https:\/\/radiorevelacionfm.cl\/?p=44130' aria-hidden='false' data-av_icon='\ue805' data-av_iconfont='entypo-fontello' title='' data-avia-related-tooltip='Compartir por correo'><span class='avia_hidden_link_text'>Compartir por correo<\/span><\/a><\/li><\/ul><\/div><\/div>\n<div  style='height:50px' class='hr hr-invisible   avia-builder-el-8  el_after_av_social_share  el_before_av_comments_list '><span class='hr-inner ' ><span class='hr-inner-style'><\/span><\/span><\/div>\n<div  class='av-buildercomment  av-blog-meta-html-info-disabled av-blog-meta-tag-disabled  '><\/div>\n","protected":false},"excerpt":{"rendered":"","protected":false},"author":1,"featured_media":31938,"comment_status":"open","ping_status":"open","sticky":false,"template":"","format":"standard","meta":{"footnotes":""},"categories":[38],"tags":[],"class_list":["post-44130","post","type-post","status-publish","format-standard","has-post-thumbnail","hentry","category-regional"],"jetpack_featured_media_url":"https:\/\/radiorevelacionfm.cl\/wp-content\/uploads\/2023\/06\/EDELAYSEN-1-1.jpeg","_links":{"self":[{"href":"https:\/\/radiorevelacionfm.cl\/index.php?rest_route=\/wp\/v2\/posts\/44130","targetHints":{"allow":["GET"]}}],"collection":[{"href":"https:\/\/radiorevelacionfm.cl\/index.php?rest_route=\/wp\/v2\/posts"}],"about":[{"href":"https:\/\/radiorevelacionfm.cl\/index.php?rest_route=\/wp\/v2\/types\/post"}],"author":[{"embeddable":true,"href":"https:\/\/radiorevelacionfm.cl\/index.php?rest_route=\/wp\/v2\/users\/1"}],"replies":[{"embeddable":true,"href":"https:\/\/radiorevelacionfm.cl\/index.php?rest_route=%2Fwp%2Fv2%2Fcomments&post=44130"}],"version-history":[{"count":1,"href":"https:\/\/radiorevelacionfm.cl\/index.php?rest_route=\/wp\/v2\/posts\/44130\/revisions"}],"predecessor-version":[{"id":44131,"href":"https:\/\/radiorevelacionfm.cl\/index.php?rest_route=\/wp\/v2\/posts\/44130\/revisions\/44131"}],"wp:featuredmedia":[{"embeddable":true,"href":"https:\/\/radiorevelacionfm.cl\/index.php?rest_route=\/wp\/v2\/media\/31938"}],"wp:attachment":[{"href":"https:\/\/radiorevelacionfm.cl\/index.php?rest_route=%2Fwp%2Fv2%2Fmedia&parent=44130"}],"wp:term":[{"taxonomy":"category","embeddable":true,"href":"https:\/\/radiorevelacionfm.cl\/index.php?rest_route=%2Fwp%2Fv2%2Fcategories&post=44130"},{"taxonomy":"post_tag","embeddable":true,"href":"https:\/\/radiorevelacionfm.cl\/index.php?rest_route=%2Fwp%2Fv2%2Ftags&post=44130"}],"curies":[{"name":"wp","href":"https:\/\/api.w.org\/{rel}","templated":true}]}}