{"id":44127,"date":"2024-07-12T16:12:45","date_gmt":"2024-07-12T19:12:45","guid":{"rendered":"https:\/\/radiorevelacionfm.cl\/?p=44127"},"modified":"2024-07-12T16:12:45","modified_gmt":"2024-07-12T19:12:45","slug":"proyecto-fondart-llena-de-talleres-de-invierno-el-liceo-politecnico-de-aysen","status":"publish","type":"post","link":"https:\/\/radiorevelacionfm.cl\/?p=44127","title":{"rendered":"Proyecto Fondart llena de Talleres de Invierno el Liceo Polit\u00e9cnico de Ays\u00e9n"},"content":{"rendered":"<div class=\"flex_column av_one_full  flex_column_div av-zero-column-padding first  avia-builder-el-0  el_before_av_one_full  avia-builder-el-first  \" style='border-radius:0px; '><div  class='avia-image-container  av-styling-    avia-builder-el-1  avia-builder-el-no-sibling  avia-align-center '  itemprop=\"image\" itemscope=\"itemscope\" itemtype=\"https:\/\/schema.org\/ImageObject\"  ><div class='avia-image-container-inner'><div class='avia-image-overlay-wrap'><img decoding=\"async\" class='wp-image-44128 avia-img-lazy-loading-not-44128 avia_image' src=\"https:\/\/radiorevelacionfm.cl\/wp-content\/uploads\/2024\/07\/talleres-polillas6-1-1.jpg\" alt='' title='talleres polillas6 (1) (1)' height=\"600\" width=\"900\"  itemprop=\"thumbnailUrl\" srcset=\"https:\/\/radiorevelacionfm.cl\/wp-content\/uploads\/2024\/07\/talleres-polillas6-1-1.jpg 900w, https:\/\/radiorevelacionfm.cl\/wp-content\/uploads\/2024\/07\/talleres-polillas6-1-1-300x200.jpg 300w, https:\/\/radiorevelacionfm.cl\/wp-content\/uploads\/2024\/07\/talleres-polillas6-1-1-768x512.jpg 768w, https:\/\/radiorevelacionfm.cl\/wp-content\/uploads\/2024\/07\/talleres-polillas6-1-1-705x470.jpg 705w, https:\/\/radiorevelacionfm.cl\/wp-content\/uploads\/2024\/07\/talleres-polillas6-1-1-450x300.jpg 450w, https:\/\/radiorevelacionfm.cl\/wp-content\/uploads\/2024\/07\/talleres-polillas6-1-1-600x400.jpg 600w\" sizes=\"(max-width: 900px) 100vw, 900px\" \/><\/div><\/div><\/div><\/div><div class=\"flex_column av_one_full  flex_column_div av-zero-column-padding first  avia-builder-el-2  el_after_av_one_full  el_before_av_one_full  column-top-margin\" style='border-radius:0px; '><section class=\"av_textblock_section \"  itemscope=\"itemscope\" itemtype=\"https:\/\/schema.org\/BlogPosting\" itemprop=\"blogPost\" ><div class='avia_textblock  '   itemprop=\"text\" ><p style=\"text-align: center;\"><span style=\"font-size: 18pt;\"><b>Proyecto Fondart llena de Talleres de Invierno el Liceo Polit\u00e9cnico de Ays\u00e9n<\/b><\/span><\/p>\n<div id=\"gtx-trans\" style=\"position: absolute; left: -50px; top: 4.31534px;\">\n<div class=\"gtx-trans-icon\"><\/div>\n<\/div>\n<\/div><\/section><\/div><div class=\"flex_column av_one_full  flex_column_div av-zero-column-padding first  avia-builder-el-4  el_after_av_one_full  el_before_av_hr  column-top-margin\" style='border-radius:0px; '><section class=\"av_textblock_section \"  itemscope=\"itemscope\" itemtype=\"https:\/\/schema.org\/BlogPosting\" itemprop=\"blogPost\" ><div class='avia_textblock  '   itemprop=\"text\" ><p style=\"text-align: justify;\">Ilustraci\u00f3n, serigraf\u00eda, fotomontaje, graffiti, artesan\u00eda y breakdance fueron las disciplinas art\u00edsticas que durante una semana ocuparon los espacios del Liceo Polit\u00e9cnico de Puerto Ays\u00e9n para el divertimento de m\u00e1s de 55 ni\u00f1as y ni\u00f1os de la ciudad.<\/p>\n<p style=\"text-align: justify;\">La iniciativa de la Escuela de Artes y Culturas Urbanas Polillas se realiz\u00f3 con financiamiento del Fondo Nacional de Desarrollo Cultural y las Artes del Ministerio de las Culturas, las Artes y el Patrimonio, y consisti\u00f3 en seis experiencias de aprendizaje, en las cuales pudieron participar todos y todas los inscritos, y conocer diferentes lenguajes art\u00edsticos.<\/p>\n<p style=\"text-align: justify;\">A cargo de las iniciativa est\u00e1 la realizadora audiovisual Cynthia Ferrada, quien cuenta que \u201cesta idea surgi\u00f3 porque hicimos un diagn\u00f3stico de lo que pasaba en invierno en Puerto Ays\u00e9n y vimos que no hab\u00eda mucha oferta program\u00e1tica para ni\u00f1os y j\u00f3venes, sobre todo en vacaciones de invierno. Y, adem\u00e1s, en la ribera sur. Ah\u00ed se nos ocurri\u00f3 la idea de vincular las culturas urbanas y el arte, porque los j\u00f3venes manifiestan que eso les interesa. Adem\u00e1s, pueden ir viendo lo que les interesa y cambiarse. Tiene la libertad de elegir lo que quieren hacer\u201d.<\/p>\n<p style=\"text-align: justify;\">La seremi (s) de Culturas Ays\u00e9n, Claudia Bustamante, felicit\u00f3 la iniciativa y opin\u00f3 que \u201cjuntar varias disciplinas art\u00edsticas en un lugar como Puerto Aysen permite que ni\u00f1as, ni\u00f1os y j\u00f3venes accedan a espacios de formaci\u00f3n durante sus vacaciones, sin alejarse demasiado de sus domicilios. Creemos que este tipo de proyectos favorecen a la comunidad en su conjunto, pues permiten generar programaci\u00f3n de calidad, en este caso, en la ribera sur de Puerto Ays\u00e9n\u201d.<\/p>\n<p style=\"text-align: justify;\">La artista Kari Garrido dice que \u201clos talleres han tenido una potente participaci\u00f3n. En el que yo estoy desarrollando de Ilustraci\u00f3n, ha sido muy gratificante porque hay bastante inter\u00e9s en participar. Est\u00e1n muy motivados. Es una oportunidad para las vacaciones de invierno donde los ni\u00f1os necesitan hacer actividades extraprogram\u00e1ticas\u201d.<\/p>\n<p style=\"text-align: justify;\">El taller de graffiti est\u00e1 a cargo de Denisse Olgu\u00edn: \u201cMe parece excelente porque es la mejor forma de que ellos puedan conocer todas las disciplinas al mismo tiempo en las distintas jornadas. As\u00ed pueden acercarse a distintas \u00e1reas art\u00edsticas\u201d.<\/p>\n<\/div><\/section><\/div><div  style='height:50px' class='hr hr-invisible   avia-builder-el-6  el_after_av_one_full  el_before_av_social_share '><span class='hr-inner ' ><span class='hr-inner-style'><\/span><\/span><\/div><\/p>\n<div  class='av-social-sharing-box  avia-builder-el-7  el_after_av_hr  el_before_av_hr  '><div class='av-share-box'><h5 class='av-share-link-description av-no-toc '>Compartir esta noticia<\/h5><ul class='av-share-box-list noLightbox'><li class='av-share-link av-social-link-facebook' ><a target=\"_blank\" aria-label=\"Compartir en Facebook\" href='https:\/\/www.facebook.com\/sharer.php?u=https:\/\/radiorevelacionfm.cl\/?p=44127&#038;t=Proyecto%20Fondart%20llena%20de%20Talleres%20de%20Invierno%20el%20Liceo%20Polit%C3%A9cnico%20de%20Ays%C3%A9n' aria-hidden='false' data-av_icon='\ue8f3' data-av_iconfont='entypo-fontello' title='' data-avia-related-tooltip='Compartir en Facebook' rel=\"noopener\"><span class='avia_hidden_link_text'>Compartir en Facebook<\/span><\/a><\/li><li class='av-share-link av-social-link-twitter' ><a target=\"_blank\" aria-label=\"Compartir en Twitter\" href='https:\/\/twitter.com\/share?text=Proyecto%20Fondart%20llena%20de%20Talleres%20de%20Invierno%20el%20Liceo%20Polit%C3%A9cnico%20de%20Ays%C3%A9n&#038;url=https:\/\/radiorevelacionfm.cl\/?p=44127' aria-hidden='false' data-av_icon='\ue8f1' data-av_iconfont='entypo-fontello' title='' data-avia-related-tooltip='Compartir en Twitter' rel=\"noopener\"><span class='avia_hidden_link_text'>Compartir en Twitter<\/span><\/a><\/li><li class='av-share-link av-social-link-whatsapp' ><a target=\"_blank\" aria-label=\"Compartir en Whatsapp\" href='https:\/\/api.whatsapp.com\/send?text=https:\/\/radiorevelacionfm.cl\/?p=44127' aria-hidden='false' data-av_icon='\uf232' data-av_iconfont='entypo-fontello' title='' data-avia-related-tooltip='Compartir en Whatsapp' rel=\"noopener\"><span class='avia_hidden_link_text'>Compartir en Whatsapp<\/span><\/a><\/li><li class='av-share-link av-social-link-linkedin' ><a target=\"_blank\" aria-label=\"Compartir en LinkedIn\" href='https:\/\/linkedin.com\/shareArticle?mini=true&#038;title=Proyecto%20Fondart%20llena%20de%20Talleres%20de%20Invierno%20el%20Liceo%20Polit%C3%A9cnico%20de%20Ays%C3%A9n&#038;url=https:\/\/radiorevelacionfm.cl\/?p=44127' aria-hidden='false' data-av_icon='\ue8fc' data-av_iconfont='entypo-fontello' title='' data-avia-related-tooltip='Compartir en LinkedIn' rel=\"noopener\"><span class='avia_hidden_link_text'>Compartir en LinkedIn<\/span><\/a><\/li><li class='av-share-link av-social-link-mail' ><a  aria-label=\"Compartir por correo\" href='mailto:?subject=Proyecto%20Fondart%20llena%20de%20Talleres%20de%20Invierno%20el%20Liceo%20Polit%C3%A9cnico%20de%20Ays%C3%A9n&#038;body=https:\/\/radiorevelacionfm.cl\/?p=44127' aria-hidden='false' data-av_icon='\ue805' data-av_iconfont='entypo-fontello' title='' data-avia-related-tooltip='Compartir por correo'><span class='avia_hidden_link_text'>Compartir por correo<\/span><\/a><\/li><\/ul><\/div><\/div>\n<div  style='height:50px' class='hr hr-invisible   avia-builder-el-8  el_after_av_social_share  el_before_av_comments_list '><span class='hr-inner ' ><span class='hr-inner-style'><\/span><\/span><\/div>\n<div  class='av-buildercomment  av-blog-meta-html-info-disabled av-blog-meta-tag-disabled  '><\/div>\n","protected":false},"excerpt":{"rendered":"","protected":false},"author":1,"featured_media":44128,"comment_status":"open","ping_status":"open","sticky":false,"template":"","format":"standard","meta":{"footnotes":""},"categories":[52],"tags":[],"class_list":["post-44127","post","type-post","status-publish","format-standard","has-post-thumbnail","hentry","category-cultura"],"jetpack_featured_media_url":"https:\/\/radiorevelacionfm.cl\/wp-content\/uploads\/2024\/07\/talleres-polillas6-1-1.jpg","_links":{"self":[{"href":"https:\/\/radiorevelacionfm.cl\/index.php?rest_route=\/wp\/v2\/posts\/44127","targetHints":{"allow":["GET"]}}],"collection":[{"href":"https:\/\/radiorevelacionfm.cl\/index.php?rest_route=\/wp\/v2\/posts"}],"about":[{"href":"https:\/\/radiorevelacionfm.cl\/index.php?rest_route=\/wp\/v2\/types\/post"}],"author":[{"embeddable":true,"href":"https:\/\/radiorevelacionfm.cl\/index.php?rest_route=\/wp\/v2\/users\/1"}],"replies":[{"embeddable":true,"href":"https:\/\/radiorevelacionfm.cl\/index.php?rest_route=%2Fwp%2Fv2%2Fcomments&post=44127"}],"version-history":[{"count":1,"href":"https:\/\/radiorevelacionfm.cl\/index.php?rest_route=\/wp\/v2\/posts\/44127\/revisions"}],"predecessor-version":[{"id":44129,"href":"https:\/\/radiorevelacionfm.cl\/index.php?rest_route=\/wp\/v2\/posts\/44127\/revisions\/44129"}],"wp:featuredmedia":[{"embeddable":true,"href":"https:\/\/radiorevelacionfm.cl\/index.php?rest_route=\/wp\/v2\/media\/44128"}],"wp:attachment":[{"href":"https:\/\/radiorevelacionfm.cl\/index.php?rest_route=%2Fwp%2Fv2%2Fmedia&parent=44127"}],"wp:term":[{"taxonomy":"category","embeddable":true,"href":"https:\/\/radiorevelacionfm.cl\/index.php?rest_route=%2Fwp%2Fv2%2Fcategories&post=44127"},{"taxonomy":"post_tag","embeddable":true,"href":"https:\/\/radiorevelacionfm.cl\/index.php?rest_route=%2Fwp%2Fv2%2Ftags&post=44127"}],"curies":[{"name":"wp","href":"https:\/\/api.w.org\/{rel}","templated":true}]}}