{"id":44116,"date":"2024-07-11T19:43:19","date_gmt":"2024-07-11T22:43:19","guid":{"rendered":"https:\/\/radiorevelacionfm.cl\/?p=44116"},"modified":"2024-07-11T19:43:19","modified_gmt":"2024-07-11T22:43:19","slug":"pdi-desaloja-ocupacion-ilegal-y-detiene-a-cinco-personas-en-puerto-aysen","status":"publish","type":"post","link":"https:\/\/radiorevelacionfm.cl\/?p=44116","title":{"rendered":"PDI desaloja ocupaci\u00f3n ilegal y detiene a cinco personas en Puerto Ays\u00e9n"},"content":{"rendered":"<div class=\"flex_column av_one_full  flex_column_div av-zero-column-padding first  avia-builder-el-0  el_before_av_one_full  avia-builder-el-first  \" style='border-radius:0px; '><div  class='avia-image-container  av-styling-    avia-builder-el-1  avia-builder-el-no-sibling  avia-align-center '  itemprop=\"image\" itemscope=\"itemscope\" itemtype=\"https:\/\/schema.org\/ImageObject\"  ><div class='avia-image-container-inner'><div class='avia-image-overlay-wrap'><img decoding=\"async\" class='wp-image-6368 avia-img-lazy-loading-not-6368 avia_image' src=\"https:\/\/radiorevelacionfm.cl\/wp-content\/uploads\/2021\/07\/PDI_AYSEN-1-1.jpg\" alt='' title='PDI_AYSEN (1) (1)' height=\"600\" width=\"802\"  itemprop=\"thumbnailUrl\" srcset=\"https:\/\/radiorevelacionfm.cl\/wp-content\/uploads\/2021\/07\/PDI_AYSEN-1-1.jpg 802w, https:\/\/radiorevelacionfm.cl\/wp-content\/uploads\/2021\/07\/PDI_AYSEN-1-1-300x224.jpg 300w, https:\/\/radiorevelacionfm.cl\/wp-content\/uploads\/2021\/07\/PDI_AYSEN-1-1-768x575.jpg 768w, https:\/\/radiorevelacionfm.cl\/wp-content\/uploads\/2021\/07\/PDI_AYSEN-1-1-705x527.jpg 705w, https:\/\/radiorevelacionfm.cl\/wp-content\/uploads\/2021\/07\/PDI_AYSEN-1-1-600x449.jpg 600w\" sizes=\"(max-width: 802px) 100vw, 802px\" \/><\/div><\/div><\/div><\/div><div class=\"flex_column av_one_full  flex_column_div av-zero-column-padding first  avia-builder-el-2  el_after_av_one_full  el_before_av_one_full  column-top-margin\" style='border-radius:0px; '><section class=\"av_textblock_section \"  itemscope=\"itemscope\" itemtype=\"https:\/\/schema.org\/BlogPosting\" itemprop=\"blogPost\" ><div class='avia_textblock  '   itemprop=\"text\" ><p style=\"text-align: center;\"><span style=\"font-size: 18pt;\"><strong>PDI desaloja ocupaci\u00f3n ilegal y detiene a cinco personas en Puerto Ays\u00e9n<\/strong><\/span><\/p>\n<div id=\"gtx-trans\" style=\"position: absolute; left: -50px; top: 4.31534px;\">\n<div class=\"gtx-trans-icon\"><\/div>\n<\/div>\n<\/div><\/section><\/div><div class=\"flex_column av_one_full  flex_column_div av-zero-column-padding first  avia-builder-el-4  el_after_av_one_full  el_before_av_hr  column-top-margin\" style='border-radius:0px; '><section class=\"av_textblock_section \"  itemscope=\"itemscope\" itemtype=\"https:\/\/schema.org\/BlogPosting\" itemprop=\"blogPost\" ><div class='avia_textblock  '   itemprop=\"text\" ><p style=\"text-align: justify;\">Durante la tarde de este martes, detectives de Puerto Ays\u00e9n llevaron a cabo un procedimiento policial en el centro de la ciudad por el delito de ocupaci\u00f3n ilegal en situaci\u00f3n de flagrancia, contemplado en el art\u00edculo 134 de la Ley N\u00b021.633.<\/p>\n<p style=\"text-align: justify;\">Sobre las diligencias desarrolladas, el comisario Marcelo Ladino Gonz\u00e1lez, jefe de la Brigada de Investigaci\u00f3n Criminal (BICRIM) Ays\u00e9n, se\u00f1al\u00f3 que \u201cdetectives del complejo policial Puerto Ays\u00e9n de la Polic\u00eda de Investigaciones de Chile, lograron la detenci\u00f3n de un extranjero y cuatro chilenos por el delito de ocupaci\u00f3n ilegal de inmueble en situaci\u00f3n de flagrancia\u201d.<\/p>\n<p style=\"text-align: justify;\">En virtud a los antecedentes recopilados y al an\u00e1lisis criminal realizado, \u201cla PDI de Puerto Ays\u00e9n estableci\u00f3 que un inmueble, ubicado en pleno centro de la ciudad, hab\u00eda sido ocupado ilegalmente por sujetos desconocidos, situaci\u00f3n que generaba profunda preocupaci\u00f3n, tanto en la ciudadan\u00eda como en las autoridades locales\u201d, agreg\u00f3 el oficial policial.<\/p>\n<p style=\"text-align: justify;\">En ese sentido, la PDI curs\u00f3 una denuncia por el delito de ocupaci\u00f3n ilegal, lo cual permiti\u00f3 que el Ministerio P\u00fablico emanara una instrucci\u00f3n particular para realizar el desalojo del inmueble. \u201cEs as\u00ed que el d\u00eda martes, los detectives procedieron al desalojamiento de la propiedad, resultando detenidas cuatro personas de nacionalidad chilena y un argentino por el delito de ocupaci\u00f3n ilegal de inmueble en situaci\u00f3n de flagrancia\u201d, puntualiz\u00f3 el comisario Ladino.<\/p>\n<p style=\"text-align: justify;\">De acuerdo a lo informado por la instituci\u00f3n policial, \u201clos detenidos corresponden a personas mayores de edad, una de ellas de sexo femenino y que contaba con antecedentes por infracci\u00f3n a la Ley de Drogas. Asimismo, se estableci\u00f3 que el ciudadano extranjero se encontraba de manera irregular en el pa\u00eds, por lo cual ser\u00e1 denunciado al Servicio Nacional de Migraciones\u201d, a\u00f1adi\u00f3 el jefe de la BICRIM Ays\u00e9n.<\/p>\n<p style=\"text-align: justify;\">Cabe agregar que en el operativo se sorprendi\u00f3 a uno de los aprehendidos con la posesi\u00f3n de conchales f\u00f3siles y de amonites, especies que se encuentran protegidas por ley, por lo cual este sujeto, adem\u00e1s, fue detenido por la infracci\u00f3n a las leyes de comercio de especies amenazadas y de monumentos nacionales.<\/p>\n<p style=\"text-align: justify;\">Finalmente, se inform\u00f3 que la totalidad de los detenidos fueron puestos a disposici\u00f3n del Juzgado de Garant\u00eda de Puerto Ays\u00e9n para su control de detenci\u00f3n, instancia donde el Tribunal declar\u00f3 legal la detenci\u00f3n y la Fiscal\u00eda los formaliz\u00f3 por el delito de Ocupaci\u00f3n Ilegal con Orden Judicial de desalojo.<\/p>\n<\/div><\/section><\/div><div  style='height:50px' class='hr hr-invisible   avia-builder-el-6  el_after_av_one_full  el_before_av_social_share '><span class='hr-inner ' ><span class='hr-inner-style'><\/span><\/span><\/div><\/p>\n<div  class='av-social-sharing-box  avia-builder-el-7  el_after_av_hr  el_before_av_hr  '><div class='av-share-box'><h5 class='av-share-link-description av-no-toc '>Compartir esta noticia<\/h5><ul class='av-share-box-list noLightbox'><li class='av-share-link av-social-link-facebook' ><a target=\"_blank\" aria-label=\"Compartir en Facebook\" href='https:\/\/www.facebook.com\/sharer.php?u=https:\/\/radiorevelacionfm.cl\/?p=44116&#038;t=PDI%20desaloja%20ocupaci%C3%B3n%20ilegal%20y%20detiene%20a%20cinco%20personas%20en%20Puerto%20Ays%C3%A9n' aria-hidden='false' data-av_icon='\ue8f3' data-av_iconfont='entypo-fontello' title='' data-avia-related-tooltip='Compartir en Facebook' rel=\"noopener\"><span class='avia_hidden_link_text'>Compartir en Facebook<\/span><\/a><\/li><li class='av-share-link av-social-link-twitter' ><a target=\"_blank\" aria-label=\"Compartir en Twitter\" href='https:\/\/twitter.com\/share?text=PDI%20desaloja%20ocupaci%C3%B3n%20ilegal%20y%20detiene%20a%20cinco%20personas%20en%20Puerto%20Ays%C3%A9n&#038;url=https:\/\/radiorevelacionfm.cl\/?p=44116' aria-hidden='false' data-av_icon='\ue8f1' data-av_iconfont='entypo-fontello' title='' data-avia-related-tooltip='Compartir en Twitter' rel=\"noopener\"><span class='avia_hidden_link_text'>Compartir en Twitter<\/span><\/a><\/li><li class='av-share-link av-social-link-whatsapp' ><a target=\"_blank\" aria-label=\"Compartir en Whatsapp\" href='https:\/\/api.whatsapp.com\/send?text=https:\/\/radiorevelacionfm.cl\/?p=44116' aria-hidden='false' data-av_icon='\uf232' data-av_iconfont='entypo-fontello' title='' data-avia-related-tooltip='Compartir en Whatsapp' rel=\"noopener\"><span class='avia_hidden_link_text'>Compartir en Whatsapp<\/span><\/a><\/li><li class='av-share-link av-social-link-linkedin' ><a target=\"_blank\" aria-label=\"Compartir en LinkedIn\" href='https:\/\/linkedin.com\/shareArticle?mini=true&#038;title=PDI%20desaloja%20ocupaci%C3%B3n%20ilegal%20y%20detiene%20a%20cinco%20personas%20en%20Puerto%20Ays%C3%A9n&#038;url=https:\/\/radiorevelacionfm.cl\/?p=44116' aria-hidden='false' data-av_icon='\ue8fc' data-av_iconfont='entypo-fontello' title='' data-avia-related-tooltip='Compartir en LinkedIn' rel=\"noopener\"><span class='avia_hidden_link_text'>Compartir en LinkedIn<\/span><\/a><\/li><li class='av-share-link av-social-link-mail' ><a  aria-label=\"Compartir por correo\" href='mailto:?subject=PDI%20desaloja%20ocupaci%C3%B3n%20ilegal%20y%20detiene%20a%20cinco%20personas%20en%20Puerto%20Ays%C3%A9n&#038;body=https:\/\/radiorevelacionfm.cl\/?p=44116' aria-hidden='false' data-av_icon='\ue805' data-av_iconfont='entypo-fontello' title='' data-avia-related-tooltip='Compartir por correo'><span class='avia_hidden_link_text'>Compartir por correo<\/span><\/a><\/li><\/ul><\/div><\/div>\n<div  style='height:50px' class='hr hr-invisible   avia-builder-el-8  el_after_av_social_share  el_before_av_comments_list '><span class='hr-inner ' ><span class='hr-inner-style'><\/span><\/span><\/div>\n<div  class='av-buildercomment  av-blog-meta-html-info-disabled av-blog-meta-tag-disabled  '><\/div>\n","protected":false},"excerpt":{"rendered":"","protected":false},"author":1,"featured_media":6368,"comment_status":"open","ping_status":"open","sticky":false,"template":"","format":"standard","meta":{"footnotes":""},"categories":[36],"tags":[],"class_list":["post-44116","post","type-post","status-publish","format-standard","has-post-thumbnail","hentry","category-policial"],"jetpack_featured_media_url":"https:\/\/radiorevelacionfm.cl\/wp-content\/uploads\/2021\/07\/PDI_AYSEN-1-1.jpg","_links":{"self":[{"href":"https:\/\/radiorevelacionfm.cl\/index.php?rest_route=\/wp\/v2\/posts\/44116","targetHints":{"allow":["GET"]}}],"collection":[{"href":"https:\/\/radiorevelacionfm.cl\/index.php?rest_route=\/wp\/v2\/posts"}],"about":[{"href":"https:\/\/radiorevelacionfm.cl\/index.php?rest_route=\/wp\/v2\/types\/post"}],"author":[{"embeddable":true,"href":"https:\/\/radiorevelacionfm.cl\/index.php?rest_route=\/wp\/v2\/users\/1"}],"replies":[{"embeddable":true,"href":"https:\/\/radiorevelacionfm.cl\/index.php?rest_route=%2Fwp%2Fv2%2Fcomments&post=44116"}],"version-history":[{"count":1,"href":"https:\/\/radiorevelacionfm.cl\/index.php?rest_route=\/wp\/v2\/posts\/44116\/revisions"}],"predecessor-version":[{"id":44117,"href":"https:\/\/radiorevelacionfm.cl\/index.php?rest_route=\/wp\/v2\/posts\/44116\/revisions\/44117"}],"wp:featuredmedia":[{"embeddable":true,"href":"https:\/\/radiorevelacionfm.cl\/index.php?rest_route=\/wp\/v2\/media\/6368"}],"wp:attachment":[{"href":"https:\/\/radiorevelacionfm.cl\/index.php?rest_route=%2Fwp%2Fv2%2Fmedia&parent=44116"}],"wp:term":[{"taxonomy":"category","embeddable":true,"href":"https:\/\/radiorevelacionfm.cl\/index.php?rest_route=%2Fwp%2Fv2%2Fcategories&post=44116"},{"taxonomy":"post_tag","embeddable":true,"href":"https:\/\/radiorevelacionfm.cl\/index.php?rest_route=%2Fwp%2Fv2%2Ftags&post=44116"}],"curies":[{"name":"wp","href":"https:\/\/api.w.org\/{rel}","templated":true}]}}