{"id":44113,"date":"2024-07-11T18:54:53","date_gmt":"2024-07-11T21:54:53","guid":{"rendered":"https:\/\/radiorevelacionfm.cl\/?p=44113"},"modified":"2024-07-11T18:54:53","modified_gmt":"2024-07-11T21:54:53","slug":"mas-de-70-personas-participan-en-primer-dialogo-ciudadano-sobre-atencion-primaria-universal","status":"publish","type":"post","link":"https:\/\/radiorevelacionfm.cl\/?p=44113","title":{"rendered":"M\u00e1s de 70 personas participan en primer Di\u00e1logo Ciudadano sobre Atenci\u00f3n Primaria Universal"},"content":{"rendered":"<div class=\"flex_column av_one_full  flex_column_div av-zero-column-padding first  avia-builder-el-0  el_before_av_one_full  avia-builder-el-first  \" style='border-radius:0px; '><div  class='avia-image-container  av-styling-    avia-builder-el-1  avia-builder-el-no-sibling  avia-align-center '  itemprop=\"image\" itemscope=\"itemscope\" itemtype=\"https:\/\/schema.org\/ImageObject\"  ><div class='avia-image-container-inner'><div class='avia-image-overlay-wrap'><img decoding=\"async\" class='wp-image-44114 avia-img-lazy-loading-not-44114 avia_image' src=\"https:\/\/radiorevelacionfm.cl\/wp-content\/uploads\/2024\/07\/dialogos_aps-4-1_optimized.jpg\" alt='' title='dialogos_aps-(4)-(1)_optimized' height=\"600\" width=\"800\"  itemprop=\"thumbnailUrl\" srcset=\"https:\/\/radiorevelacionfm.cl\/wp-content\/uploads\/2024\/07\/dialogos_aps-4-1_optimized.jpg 800w, https:\/\/radiorevelacionfm.cl\/wp-content\/uploads\/2024\/07\/dialogos_aps-4-1_optimized-300x225.jpg 300w, https:\/\/radiorevelacionfm.cl\/wp-content\/uploads\/2024\/07\/dialogos_aps-4-1_optimized-768x576.jpg 768w, https:\/\/radiorevelacionfm.cl\/wp-content\/uploads\/2024\/07\/dialogos_aps-4-1_optimized-705x529.jpg 705w, https:\/\/radiorevelacionfm.cl\/wp-content\/uploads\/2024\/07\/dialogos_aps-4-1_optimized-450x338.jpg 450w, https:\/\/radiorevelacionfm.cl\/wp-content\/uploads\/2024\/07\/dialogos_aps-4-1_optimized-600x450.jpg 600w\" sizes=\"(max-width: 800px) 100vw, 800px\" \/><\/div><\/div><\/div><\/div><div class=\"flex_column av_one_full  flex_column_div av-zero-column-padding first  avia-builder-el-2  el_after_av_one_full  el_before_av_one_full  column-top-margin\" style='border-radius:0px; '><section class=\"av_textblock_section \"  itemscope=\"itemscope\" itemtype=\"https:\/\/schema.org\/BlogPosting\" itemprop=\"blogPost\" ><div class='avia_textblock  '   itemprop=\"text\" ><p style=\"text-align: center;\"><span style=\"font-size: 18pt;\"><strong>M\u00e1s de 70 personas participan en primer Di\u00e1logo Ciudadano sobre Atenci\u00f3n Primaria Universal<\/strong><\/span><\/p>\n<div id=\"gtx-trans\" style=\"position: absolute; left: -50px; top: 4.31534px;\">\n<div class=\"gtx-trans-icon\"><\/div>\n<\/div>\n<\/div><\/section><\/div><div class=\"flex_column av_one_full  flex_column_div av-zero-column-padding first  avia-builder-el-4  el_after_av_one_full  el_before_av_hr  column-top-margin\" style='border-radius:0px; '><section class=\"av_textblock_section \"  itemscope=\"itemscope\" itemtype=\"https:\/\/schema.org\/BlogPosting\" itemprop=\"blogPost\" ><div class='avia_textblock  '   itemprop=\"text\" ><p style=\"text-align: justify;\"><em>La iniciativa reuni\u00f3 a dirigentes de Puerto Ays\u00e9n y Chacabuco, recogiendo las impresiones ciudadanas en torno a c\u00f3mo mejorar la satisfacci\u00f3n usuaria y el bienestar de las personas de la comuna de Ays\u00e9n.<\/em><\/p>\n<p style=\"text-align: justify;\">La Atenci\u00f3n Primaria en Salud (APS) es la puerta de entrada al sistema p\u00fablico de salud en Chile, brindando atenci\u00f3n ambulatoria en distintos dispositivos de salud a lo largo del territorio: Consultorios, CESFAM, CECOSF y Postas de Salud Rural. La Atenci\u00f3n Primaria est\u00e1 compuesta por un equipo de profesionales multidisciplinario, cuya labor es entregar una atenci\u00f3n integral a la poblaci\u00f3n, teniendo como eje principal la prevenci\u00f3n de enfermedades, promoci\u00f3n de estilos de vida saludable, rehabilitaci\u00f3n y cuidados paliativos, entre otros.<\/p>\n<p style=\"text-align: justify;\">Es por eso que a nivel pa\u00eds desde el a\u00f1o 2023 se est\u00e1 avanzando en el proceso de \u201cUniversalizaci\u00f3n de la APS\u201d, esto con el fin de que no s\u00f3lo las personas inscritas en Fonasa puedan ser atendidas gratuitamente en los dispositivos de salud de Atenci\u00f3n Primaria, sino que este beneficio se extienda a toda la poblaci\u00f3n, incluyendo afiliados<strong> a Isapres, funcionarios de Fuerzas Armadas, Carabineros, PDI y Gendarmer\u00eda<\/strong><strong>. <\/strong><\/p>\n<p style=\"text-align: justify;\">En el caso de nuestra regi\u00f3n, la primera comuna en ser parte de esta iniciativa es Ays\u00e9n, es decir, las localidades de Puerto Ays\u00e9n, Puerto Chacabuco, Ma\u00f1ihuales e Islas Huichas.<\/p>\n<p style=\"text-align: justify;\">Es en este contexto que se realiz\u00f3 el primer Di\u00e1logo Ciudadano de APS Universal a dirigentes de Puerto Ays\u00e9n y Puerto Chacabuco, instancia con amplia convocatoria cuyo principal objetivo fue recoger las impresiones ciudadanas en torno a c\u00f3mo mejorar la satisfacci\u00f3n usuaria y el bienestar de las personas de la comuna de Ays\u00e9n.<\/p>\n<p style=\"text-align: justify;\">\u201cEstamos ac\u00e1 para conocer la impresi\u00f3n que ha tenido la comunidad de Chacabuco y Puerto Ays\u00e9n respecto a la calidad de la atenci\u00f3n que brindamos en APS, lo que nos falta por mejorar y de qu\u00e9 forma la informaci\u00f3n llega a las comunidades. De esta manera, pretendemos construir una ruta s\u00f3lida para avanzar en la calidad y cobertura de APS, mejorando la pertinencia territorial\u201d, explic\u00f3 la Seremi de Salud Ays\u00e9n, Carmen Monsalve, quien sostuvo que esta acci\u00f3n de participaci\u00f3n ciudadana se replicar\u00e1 en las localidades de Islas Huichas y Ma\u00f1ihuales.<\/p>\n<p style=\"text-align: justify;\">Por su parte, la directora de Atenci\u00f3n Primaria (APS) del Servicio de Salud Ays\u00e9n, Antonella Trevigno, destac\u00f3 la participaci\u00f3n de la comunidad en este primer encuentro, quienes se dividieron en grupos de trabajo donde efectivamente se dio el espacio para que todas y todos puedan dar sus opiniones.<\/p>\n<p style=\"text-align: justify;\">\u201cFue muy positiva para todos, participaron los equipos de salud, autoridades, vecinos y vecinas de Ays\u00e9n. Seguimos en la misma l\u00ednea de la difusi\u00f3n de la APS Universal y ya con acciones m\u00e1s concretas\u201d, indic\u00f3 la directora de APS:<\/p>\n<p style=\"text-align: justify;\">En tanto, el alcalde de Ays\u00e9n, Julio Uribe, destac\u00f3 las iniciativas de participaci\u00f3n ciudadana asociadas a la implementaci\u00f3n de la Atenci\u00f3n Primaria Universal en la comuna.<\/p>\n<p style=\"text-align: justify;\">\u201cQuiero agradecer el trabajo que hemos estado haciendo con los representantes de la salud, sobre todo de las organizaciones sociales que est\u00e1n vinculadas. Es un trabajo arduo, y la cercan\u00eda que tenemos tanto con el Hospital de Puerto Ays\u00e9n, el Cecosf y con nuestra seremi de Salud ha sido muy fruct\u00edfera, tanto en materia de infraestructura como tambi\u00e9n en convenios para la utilizaci\u00f3n de nuestro Polideportivo\u201d, sostuvo el alcalde.<\/p>\n<p style=\"text-align: justify;\"><strong>ACCI\u00d3N COMUNITARIA<\/strong><\/p>\n<p style=\"text-align: justify;\">Con m\u00e1s de 70 asistentes y una decena de organizaciones de la sociedad civil, el balance realizado por los dirigentes sociales que participaron de este primer di\u00e1logo ciudadano fue bastante positivo, considerando que sus opiniones tendr\u00e1n validez real en este proceso.<\/p>\n<p style=\"text-align: justify;\">\u201cMe pareci\u00f3 super buena para dar a conocer a la comunidad lo que est\u00e1 pasando con la Atenci\u00f3n Primaria. Me pareci\u00f3 super bueno compartir con personas para intercambiar ideas. El conversatorio ha sido muy productivo\u201d, indic\u00f3 Edda Lucero, vecina que fue parte de estos di\u00e1logos.<\/p>\n<p style=\"text-align: justify;\">Visi\u00f3n similar tiene don Isa\u00edas Olave, quien considera que \u201cse le est\u00e1 dando realce a algo que no est\u00e1 a nuestro alcance, y qu\u00e9 mejor que nos reunamos ac\u00e1 en grupos donde cada uno exprese su opini\u00f3n. Eso no se ve todos los d\u00edas, y como dijeron que se iba a hacer otra vez, ah\u00ed estaremos\u201d.<\/p>\n<p style=\"text-align: justify;\">En efecto, este positivo balance tambi\u00e9n es compartido por Anselmo Cancino, miembro del equipo de la Reforma del Ministerio de Salud, quien se encuentra apoyando a las comunas pioneras del pa\u00eds en el proceso de participaci\u00f3n ciudadana de la APS Universal.<\/p>\n<p style=\"text-align: justify;\">\u201cMe parece muy destacado, porque realmente hay innovaci\u00f3n en relaci\u00f3n a preocuparse, a tomar medidas respecto de la composici\u00f3n de la comunidad y sus diversos actores. Se nota que hay un trabajo previo desde el punto de vista del di\u00e1logo, el que se va a ir ampliando de forma creciente a distintos actores de la comunidad, siendo cada vez m\u00e1s inclusivo y siendo tambi\u00e9n un el inicio de un trabajo comunitario importante en torno a lo que significan los desaf\u00edos de la atenci\u00f3n primaria universal\u201d, precis\u00f3 el profesional.<\/p>\n<\/div><\/section><\/div><div  style='height:50px' class='hr hr-invisible   avia-builder-el-6  el_after_av_one_full  el_before_av_social_share '><span class='hr-inner ' ><span class='hr-inner-style'><\/span><\/span><\/div><\/p>\n<div  class='av-social-sharing-box  avia-builder-el-7  el_after_av_hr  el_before_av_hr  '><div class='av-share-box'><h5 class='av-share-link-description av-no-toc '>Compartir esta noticia<\/h5><ul class='av-share-box-list noLightbox'><li class='av-share-link av-social-link-facebook' ><a target=\"_blank\" aria-label=\"Compartir en Facebook\" href='https:\/\/www.facebook.com\/sharer.php?u=https:\/\/radiorevelacionfm.cl\/?p=44113&#038;t=M%C3%A1s%20de%2070%20personas%20participan%20en%20primer%20Di%C3%A1logo%20Ciudadano%20sobre%20Atenci%C3%B3n%20Primaria%20Universal' aria-hidden='false' data-av_icon='\ue8f3' data-av_iconfont='entypo-fontello' title='' data-avia-related-tooltip='Compartir en Facebook' rel=\"noopener\"><span class='avia_hidden_link_text'>Compartir en Facebook<\/span><\/a><\/li><li class='av-share-link av-social-link-twitter' ><a target=\"_blank\" aria-label=\"Compartir en Twitter\" href='https:\/\/twitter.com\/share?text=M%C3%A1s%20de%2070%20personas%20participan%20en%20primer%20Di%C3%A1logo%20Ciudadano%20sobre%20Atenci%C3%B3n%20Primaria%20Universal&#038;url=https:\/\/radiorevelacionfm.cl\/?p=44113' aria-hidden='false' data-av_icon='\ue8f1' data-av_iconfont='entypo-fontello' title='' data-avia-related-tooltip='Compartir en Twitter' rel=\"noopener\"><span class='avia_hidden_link_text'>Compartir en Twitter<\/span><\/a><\/li><li class='av-share-link av-social-link-whatsapp' ><a target=\"_blank\" aria-label=\"Compartir en Whatsapp\" href='https:\/\/api.whatsapp.com\/send?text=https:\/\/radiorevelacionfm.cl\/?p=44113' aria-hidden='false' data-av_icon='\uf232' data-av_iconfont='entypo-fontello' title='' data-avia-related-tooltip='Compartir en Whatsapp' rel=\"noopener\"><span class='avia_hidden_link_text'>Compartir en Whatsapp<\/span><\/a><\/li><li class='av-share-link av-social-link-linkedin' ><a target=\"_blank\" aria-label=\"Compartir en LinkedIn\" href='https:\/\/linkedin.com\/shareArticle?mini=true&#038;title=M%C3%A1s%20de%2070%20personas%20participan%20en%20primer%20Di%C3%A1logo%20Ciudadano%20sobre%20Atenci%C3%B3n%20Primaria%20Universal&#038;url=https:\/\/radiorevelacionfm.cl\/?p=44113' aria-hidden='false' data-av_icon='\ue8fc' data-av_iconfont='entypo-fontello' title='' data-avia-related-tooltip='Compartir en LinkedIn' rel=\"noopener\"><span class='avia_hidden_link_text'>Compartir en LinkedIn<\/span><\/a><\/li><li class='av-share-link av-social-link-mail' ><a  aria-label=\"Compartir por correo\" href='mailto:?subject=M%C3%A1s%20de%2070%20personas%20participan%20en%20primer%20Di%C3%A1logo%20Ciudadano%20sobre%20Atenci%C3%B3n%20Primaria%20Universal&#038;body=https:\/\/radiorevelacionfm.cl\/?p=44113' aria-hidden='false' data-av_icon='\ue805' data-av_iconfont='entypo-fontello' title='' data-avia-related-tooltip='Compartir por correo'><span class='avia_hidden_link_text'>Compartir por correo<\/span><\/a><\/li><\/ul><\/div><\/div>\n<div  style='height:50px' class='hr hr-invisible   avia-builder-el-8  el_after_av_social_share  el_before_av_comments_list '><span class='hr-inner ' ><span class='hr-inner-style'><\/span><\/span><\/div>\n<div  class='av-buildercomment  av-blog-meta-html-info-disabled av-blog-meta-tag-disabled  '><\/div>\n","protected":false},"excerpt":{"rendered":"","protected":false},"author":1,"featured_media":44114,"comment_status":"open","ping_status":"open","sticky":false,"template":"","format":"standard","meta":{"footnotes":""},"categories":[46],"tags":[],"class_list":["post-44113","post","type-post","status-publish","format-standard","has-post-thumbnail","hentry","category-salud"],"jetpack_featured_media_url":"https:\/\/radiorevelacionfm.cl\/wp-content\/uploads\/2024\/07\/dialogos_aps-4-1_optimized.jpg","_links":{"self":[{"href":"https:\/\/radiorevelacionfm.cl\/index.php?rest_route=\/wp\/v2\/posts\/44113","targetHints":{"allow":["GET"]}}],"collection":[{"href":"https:\/\/radiorevelacionfm.cl\/index.php?rest_route=\/wp\/v2\/posts"}],"about":[{"href":"https:\/\/radiorevelacionfm.cl\/index.php?rest_route=\/wp\/v2\/types\/post"}],"author":[{"embeddable":true,"href":"https:\/\/radiorevelacionfm.cl\/index.php?rest_route=\/wp\/v2\/users\/1"}],"replies":[{"embeddable":true,"href":"https:\/\/radiorevelacionfm.cl\/index.php?rest_route=%2Fwp%2Fv2%2Fcomments&post=44113"}],"version-history":[{"count":1,"href":"https:\/\/radiorevelacionfm.cl\/index.php?rest_route=\/wp\/v2\/posts\/44113\/revisions"}],"predecessor-version":[{"id":44115,"href":"https:\/\/radiorevelacionfm.cl\/index.php?rest_route=\/wp\/v2\/posts\/44113\/revisions\/44115"}],"wp:featuredmedia":[{"embeddable":true,"href":"https:\/\/radiorevelacionfm.cl\/index.php?rest_route=\/wp\/v2\/media\/44114"}],"wp:attachment":[{"href":"https:\/\/radiorevelacionfm.cl\/index.php?rest_route=%2Fwp%2Fv2%2Fmedia&parent=44113"}],"wp:term":[{"taxonomy":"category","embeddable":true,"href":"https:\/\/radiorevelacionfm.cl\/index.php?rest_route=%2Fwp%2Fv2%2Fcategories&post=44113"},{"taxonomy":"post_tag","embeddable":true,"href":"https:\/\/radiorevelacionfm.cl\/index.php?rest_route=%2Fwp%2Fv2%2Ftags&post=44113"}],"curies":[{"name":"wp","href":"https:\/\/api.w.org\/{rel}","templated":true}]}}