{"id":44111,"date":"2024-07-12T11:49:32","date_gmt":"2024-07-12T14:49:32","guid":{"rendered":"https:\/\/radiorevelacionfm.cl\/?p=44111"},"modified":"2024-07-12T11:49:32","modified_gmt":"2024-07-12T14:49:32","slug":"sandoval-por-baja-ejecucion-presupuestaria-en-la-region-una-mala-gestion-tambien-afecta-la-condicion-de-vida-de-las-familias-de-nuestra-region","status":"publish","type":"post","link":"https:\/\/radiorevelacionfm.cl\/?p=44111","title":{"rendered":"Sandoval por baja ejecuci\u00f3n presupuestaria en la regi\u00f3n: \u201cUna mala gesti\u00f3n tambi\u00e9n afecta la condici\u00f3n de vida de las familias de nuestra regi\u00f3n\u201d"},"content":{"rendered":"<div class=\"flex_column av_one_full  flex_column_div av-zero-column-padding first  avia-builder-el-0  el_before_av_one_full  avia-builder-el-first  \" style='border-radius:0px; '><div  class='avia-image-container  av-styling-    avia-builder-el-1  avia-builder-el-no-sibling  avia-align-center '  itemprop=\"image\" itemscope=\"itemscope\" itemtype=\"https:\/\/schema.org\/ImageObject\"  ><div class='avia-image-container-inner'><div class='avia-image-overlay-wrap'><img decoding=\"async\" class='wp-image-22895 avia-img-lazy-loading-not-22895 avia_image' src=\"https:\/\/radiorevelacionfm.cl\/wp-content\/uploads\/2022\/10\/SENADOR-SANDOVAL-14-1-1.jpg\" alt='' title='SENADOR SANDOVAL (14) (1) (1)' height=\"600\" width=\"750\"  itemprop=\"thumbnailUrl\" srcset=\"https:\/\/radiorevelacionfm.cl\/wp-content\/uploads\/2022\/10\/SENADOR-SANDOVAL-14-1-1.jpg 750w, https:\/\/radiorevelacionfm.cl\/wp-content\/uploads\/2022\/10\/SENADOR-SANDOVAL-14-1-1-300x240.jpg 300w, https:\/\/radiorevelacionfm.cl\/wp-content\/uploads\/2022\/10\/SENADOR-SANDOVAL-14-1-1-705x564.jpg 705w, https:\/\/radiorevelacionfm.cl\/wp-content\/uploads\/2022\/10\/SENADOR-SANDOVAL-14-1-1-600x480.jpg 600w\" sizes=\"(max-width: 750px) 100vw, 750px\" \/><\/div><\/div><\/div><\/div><div class=\"flex_column av_one_full  flex_column_div av-zero-column-padding first  avia-builder-el-2  el_after_av_one_full  el_before_av_one_full  column-top-margin\" style='border-radius:0px; '><section class=\"av_textblock_section \"  itemscope=\"itemscope\" itemtype=\"https:\/\/schema.org\/BlogPosting\" itemprop=\"blogPost\" ><div class='avia_textblock  '   itemprop=\"text\" ><p style=\"text-align: center;\"><span style=\"font-size: 18pt;\"><strong>Sandoval por baja ejecuci\u00f3n presupuestaria en la regi\u00f3n: <\/strong><strong>\u201cUna mala gesti\u00f3n tambi\u00e9n afecta la condici\u00f3n de vida de las familias de nuestra regi\u00f3n\u201d<\/strong><\/span><\/p>\n<div id=\"gtx-trans\" style=\"position: absolute; left: -50px; top: 4.31534px;\">\n<div class=\"gtx-trans-icon\"><\/div>\n<\/div>\n<\/div><\/section><\/div><div class=\"flex_column av_one_full  flex_column_div av-zero-column-padding first  avia-builder-el-4  el_after_av_one_full  el_before_av_hr  column-top-margin\" style='border-radius:0px; '><section class=\"av_textblock_section \"  itemscope=\"itemscope\" itemtype=\"https:\/\/schema.org\/BlogPosting\" itemprop=\"blogPost\" ><div class='avia_textblock  '   itemprop=\"text\" ><p style=\"text-align: justify;\"><em>El parlamentario se refiri\u00f3 a este tema, mientras se discut\u00eda el proyecto de ley sobre reajuste del subsidio \u00fanico y asignaci\u00f3n familiar.<\/em><\/p>\n<p style=\"text-align: justify;\">Durante la discusi\u00f3n del informe de la comisi\u00f3n mixta que defin\u00eda el proyecto de ley sobre reajuste del subsidio \u00fanico y asignaci\u00f3n familiar, el senador David Sandoval plante\u00f3 su preocupaci\u00f3n por la baja ejecuci\u00f3n presupuestaria en la regi\u00f3n de Ays\u00e9n, la cual presenta el peor desempe\u00f1o a nivel nacional al mes de mayo.<\/p>\n<p style=\"text-align: justify;\">\u201cEl gobierno regional de Ays\u00e9n es el que tuvo la m\u00e1s baja ejecuci\u00f3n presupuestaria, con el 9,4% seguida de la regi\u00f3n de Tarapac\u00e1, cuando el promedio del pa\u00eds es de un 23,5%\u201d, precis\u00f3 Sandoval, quien subray\u00f3 que \u201cen regiones como la nuestra, la inversi\u00f3n p\u00fablica es muy relevante porque significa empleo, ejecuci\u00f3n de obras, trabajo, mano de obra, etc.\u201d.<\/p>\n<p style=\"text-align: justify;\">En esa l\u00ednea, manifest\u00f3 su preocupaci\u00f3n pues \u201cel promedio de gasto mensual fue del 1,9% sobre un presupuesto de 75 mil millones de pesos\u201d, agregando que \u201cla incidencia de una mala gesti\u00f3n (de ejecuci\u00f3n presupuestaria) tambi\u00e9n afecta la condici\u00f3n de vida de las familias de nuestra regi\u00f3n\u201d.<\/p>\n<p style=\"text-align: justify;\"><strong>Problemas postulaci\u00f3n subsidio el\u00e9ctrico <\/strong><\/p>\n<p style=\"text-align: justify;\">En el mismo debate, el parlamentario tambi\u00e9n se refiri\u00f3 a los problemas que ha tenido la postulaci\u00f3n al subsidio el\u00e9ctrico en la regi\u00f3n, proceso que termina en los pr\u00f3ximos d\u00edas, haciendo un llamado a las autoridades para que busquen mecanismos que mejoren el sistema. \u201cPor qu\u00e9 no incorporar autom\u00e1ticamente, por ejemplo, a aquellos beneficiarios de la PGU que correspondan al 40% m\u00e1s vulnerable que son el grupo al que apunta este subsidio. Le evitar\u00edamos un proceso de postulaci\u00f3n quiz\u00e1s innecesario. Pudiera ser una v\u00eda expedita por la baja cobertura de este programa\u201d, plante\u00f3.<\/p>\n<p style=\"text-align: justify;\">\u201cEl propio ministro (Diego Pardow) me se\u00f1alaba hace unos d\u00edas atr\u00e1s que en la regi\u00f3n de Ays\u00e9n hay un total de 29 mil hogares elegibles para el programa, pero solo se ha logrado materializar el 35% de las postulaciones\u201d, agreg\u00f3.<\/p>\n<p style=\"text-align: justify;\"><strong>Subsidio agua potable <\/strong><\/p>\n<p style=\"text-align: justify;\">Finalmente, el legislador expres\u00f3 su preocupaci\u00f3n por otro tema que produce costos adicionales para familias vulnerables, espec\u00edficamente en relaci\u00f3n a los cambios que experiment\u00f3 el subsidio de agua potable. \u201cSe baj\u00f3 el monto total m\u00e1ximo de lo que cubr\u00eda este beneficio, que en nuestra regi\u00f3n es muy relevante. Baj\u00f3 de los 13 a los 11 m3, que en la pr\u00e1ctica significa alrededor de un 20% m\u00e1s de costo para las familias m\u00e1s vulnerables, en un tema que ven\u00eda funcionando sin mayor problema\u201d, finaliz\u00f3.<\/p>\n<\/div><\/section><\/div><div  style='height:50px' class='hr hr-invisible   avia-builder-el-6  el_after_av_one_full  el_before_av_social_share '><span class='hr-inner ' ><span class='hr-inner-style'><\/span><\/span><\/div><\/p>\n<div  class='av-social-sharing-box  avia-builder-el-7  el_after_av_hr  el_before_av_hr  '><div class='av-share-box'><h5 class='av-share-link-description av-no-toc '>Compartir esta noticia<\/h5><ul class='av-share-box-list noLightbox'><li class='av-share-link av-social-link-facebook' ><a target=\"_blank\" aria-label=\"Compartir en Facebook\" href='https:\/\/www.facebook.com\/sharer.php?u=https:\/\/radiorevelacionfm.cl\/?p=44111&#038;t=Sandoval%20por%20baja%20ejecuci%C3%B3n%20presupuestaria%20en%20la%20regi%C3%B3n%3A%20%E2%80%9CUna%20mala%20gesti%C3%B3n%20tambi%C3%A9n%20afecta%20la%20condici%C3%B3n%20de%20vida%20de%20las%20familias%20de%20nuestra%20regi%C3%B3n%E2%80%9D' aria-hidden='false' data-av_icon='\ue8f3' data-av_iconfont='entypo-fontello' title='' data-avia-related-tooltip='Compartir en Facebook' rel=\"noopener\"><span class='avia_hidden_link_text'>Compartir en Facebook<\/span><\/a><\/li><li class='av-share-link av-social-link-twitter' ><a target=\"_blank\" aria-label=\"Compartir en Twitter\" href='https:\/\/twitter.com\/share?text=Sandoval%20por%20baja%20ejecuci%C3%B3n%20presupuestaria%20en%20la%20regi%C3%B3n%3A%20%E2%80%9CUna%20mala%20gesti%C3%B3n%20tambi%C3%A9n%20afecta%20la%20condici%C3%B3n%20de%20vida%20de%20las%20familias%20de%20nuestra%20regi%C3%B3n%E2%80%9D&#038;url=https:\/\/radiorevelacionfm.cl\/?p=44111' aria-hidden='false' data-av_icon='\ue8f1' data-av_iconfont='entypo-fontello' title='' data-avia-related-tooltip='Compartir en Twitter' rel=\"noopener\"><span class='avia_hidden_link_text'>Compartir en Twitter<\/span><\/a><\/li><li class='av-share-link av-social-link-whatsapp' ><a target=\"_blank\" aria-label=\"Compartir en Whatsapp\" href='https:\/\/api.whatsapp.com\/send?text=https:\/\/radiorevelacionfm.cl\/?p=44111' aria-hidden='false' data-av_icon='\uf232' data-av_iconfont='entypo-fontello' title='' data-avia-related-tooltip='Compartir en Whatsapp' rel=\"noopener\"><span class='avia_hidden_link_text'>Compartir en Whatsapp<\/span><\/a><\/li><li class='av-share-link av-social-link-linkedin' ><a target=\"_blank\" aria-label=\"Compartir en LinkedIn\" href='https:\/\/linkedin.com\/shareArticle?mini=true&#038;title=Sandoval%20por%20baja%20ejecuci%C3%B3n%20presupuestaria%20en%20la%20regi%C3%B3n%3A%20%E2%80%9CUna%20mala%20gesti%C3%B3n%20tambi%C3%A9n%20afecta%20la%20condici%C3%B3n%20de%20vida%20de%20las%20familias%20de%20nuestra%20regi%C3%B3n%E2%80%9D&#038;url=https:\/\/radiorevelacionfm.cl\/?p=44111' aria-hidden='false' data-av_icon='\ue8fc' data-av_iconfont='entypo-fontello' title='' data-avia-related-tooltip='Compartir en LinkedIn' rel=\"noopener\"><span class='avia_hidden_link_text'>Compartir en LinkedIn<\/span><\/a><\/li><li class='av-share-link av-social-link-mail' ><a  aria-label=\"Compartir por correo\" href='mailto:?subject=Sandoval%20por%20baja%20ejecuci%C3%B3n%20presupuestaria%20en%20la%20regi%C3%B3n%3A%20%E2%80%9CUna%20mala%20gesti%C3%B3n%20tambi%C3%A9n%20afecta%20la%20condici%C3%B3n%20de%20vida%20de%20las%20familias%20de%20nuestra%20regi%C3%B3n%E2%80%9D&#038;body=https:\/\/radiorevelacionfm.cl\/?p=44111' aria-hidden='false' data-av_icon='\ue805' data-av_iconfont='entypo-fontello' title='' data-avia-related-tooltip='Compartir por correo'><span class='avia_hidden_link_text'>Compartir por correo<\/span><\/a><\/li><\/ul><\/div><\/div>\n<div  style='height:50px' class='hr hr-invisible   avia-builder-el-8  el_after_av_social_share  el_before_av_comments_list '><span class='hr-inner ' ><span class='hr-inner-style'><\/span><\/span><\/div>\n<div  class='av-buildercomment  av-blog-meta-html-info-disabled av-blog-meta-tag-disabled  '><\/div>\n","protected":false},"excerpt":{"rendered":"","protected":false},"author":1,"featured_media":22895,"comment_status":"open","ping_status":"open","sticky":false,"template":"","format":"standard","meta":{"footnotes":""},"categories":[35],"tags":[],"class_list":["post-44111","post","type-post","status-publish","format-standard","has-post-thumbnail","hentry","category-politica"],"jetpack_featured_media_url":"https:\/\/radiorevelacionfm.cl\/wp-content\/uploads\/2022\/10\/SENADOR-SANDOVAL-14-1-1.jpg","_links":{"self":[{"href":"https:\/\/radiorevelacionfm.cl\/index.php?rest_route=\/wp\/v2\/posts\/44111","targetHints":{"allow":["GET"]}}],"collection":[{"href":"https:\/\/radiorevelacionfm.cl\/index.php?rest_route=\/wp\/v2\/posts"}],"about":[{"href":"https:\/\/radiorevelacionfm.cl\/index.php?rest_route=\/wp\/v2\/types\/post"}],"author":[{"embeddable":true,"href":"https:\/\/radiorevelacionfm.cl\/index.php?rest_route=\/wp\/v2\/users\/1"}],"replies":[{"embeddable":true,"href":"https:\/\/radiorevelacionfm.cl\/index.php?rest_route=%2Fwp%2Fv2%2Fcomments&post=44111"}],"version-history":[{"count":1,"href":"https:\/\/radiorevelacionfm.cl\/index.php?rest_route=\/wp\/v2\/posts\/44111\/revisions"}],"predecessor-version":[{"id":44112,"href":"https:\/\/radiorevelacionfm.cl\/index.php?rest_route=\/wp\/v2\/posts\/44111\/revisions\/44112"}],"wp:featuredmedia":[{"embeddable":true,"href":"https:\/\/radiorevelacionfm.cl\/index.php?rest_route=\/wp\/v2\/media\/22895"}],"wp:attachment":[{"href":"https:\/\/radiorevelacionfm.cl\/index.php?rest_route=%2Fwp%2Fv2%2Fmedia&parent=44111"}],"wp:term":[{"taxonomy":"category","embeddable":true,"href":"https:\/\/radiorevelacionfm.cl\/index.php?rest_route=%2Fwp%2Fv2%2Fcategories&post=44111"},{"taxonomy":"post_tag","embeddable":true,"href":"https:\/\/radiorevelacionfm.cl\/index.php?rest_route=%2Fwp%2Fv2%2Ftags&post=44111"}],"curies":[{"name":"wp","href":"https:\/\/api.w.org\/{rel}","templated":true}]}}