{"id":4411,"date":"2021-05-23T17:30:28","date_gmt":"2021-05-23T20:30:28","guid":{"rendered":"https:\/\/radiorevelacionfm.cl\/?p=4411"},"modified":"2021-05-24T10:59:40","modified_gmt":"2021-05-24T13:59:40","slug":"escuela-de-musica-y-artes-integradas-de-coyhaique-celebra-aniversario-28","status":"publish","type":"post","link":"https:\/\/radiorevelacionfm.cl\/?p=4411","title":{"rendered":"Escuela de M\u00fasica y Artes Integradas de Coyhaique celebra Aniversario 28"},"content":{"rendered":"<div class=\"flex_column av_one_full  flex_column_div av-zero-column-padding first  avia-builder-el-0  el_before_av_one_full  avia-builder-el-first  \" style='border-radius:0px; '><div  class='avia-image-container  av-styling-    avia-builder-el-1  avia-builder-el-no-sibling  avia-align-center '  itemprop=\"image\" itemscope=\"itemscope\" itemtype=\"https:\/\/schema.org\/ImageObject\"  ><div class='avia-image-container-inner'><div class='avia-image-overlay-wrap'><img decoding=\"async\" class='wp-image-0 avia-img-lazy-loading-not-0 avia_image' src=\"https:\/\/radiorevelacionfm.cl\/wp-content\/uploads\/2021\/05\/Escuela-de-Musica-2-1.jpg\" alt='' title=''   itemprop=\"thumbnailUrl\"  \/><\/div><\/div><\/div><\/div>\n<div class=\"flex_column av_one_full  flex_column_div av-zero-column-padding first  avia-builder-el-2  el_after_av_one_full  el_before_av_one_full  column-top-margin\" style='border-radius:0px; '><section class=\"av_textblock_section \"  itemscope=\"itemscope\" itemtype=\"https:\/\/schema.org\/BlogPosting\" itemprop=\"blogPost\" ><div class='avia_textblock  '   itemprop=\"text\" ><p style=\"text-align: center;\"><strong><span style=\"font-size: 18pt;\">Escuela de M\u00fasica y Artes Integradas de Coyhaique celebra Aniversario 28<\/span><\/strong><\/p>\n<div id=\"gtx-trans\" style=\"position: absolute; left: -50px; top: 4.31534px;\">\n<div class=\"gtx-trans-icon\"><\/div>\n<\/div>\n<\/div><\/section><\/div>\n<div class=\"flex_column av_one_full  flex_column_div av-zero-column-padding first  avia-builder-el-4  el_after_av_one_full  el_before_av_hr  column-top-margin\" style='border-radius:0px; '><section class=\"av_textblock_section \"  itemscope=\"itemscope\" itemtype=\"https:\/\/schema.org\/BlogPosting\" itemprop=\"blogPost\" ><div class='avia_textblock  '   itemprop=\"text\" ><div>\n<div style=\"text-align: justify;\">\n<p>\u00abUn equipo renovado, que integran los m\u00fasicos Andr\u00e9s Guerrero Contrabajo, Jaime Uribe, Guitarra, Ana Mar\u00eda Riquelme \u00abexploratorio musical\u00bb, Viol\u00edn y Viola, Felipe Nahuelpan Piano, Magdalena Rosas violoncello, Franco Martiniello en la coordinaci\u00f3n de las bandas de Rock y\u00a0 Dami\u00e1n Antiguez en la coordinaci\u00f3n de Artes Esc\u00e9nicas,\u00a0 La Escuela de M\u00fasica y Artes Integradas de Coyhaique que se prepara para celebrar este 25 de mayo su aniversario 28.<\/p>\n<p>Con un conversatorio sobre la importancia de la formaci\u00f3n musical temprana en el que participar\u00e1n la destacada directora de Orquesta chilena Alejandra Urrutia, Directora de Orquestas infantiles venezolanas, Josbel Puche (creadora de la Orquesta de Papel) y la neur\u00f3loga chilena Paulina Arriagada. La Escuela de M\u00fasica y Artes Integradas de Coyhaique inicia su semana de aniversario.<\/p>\n<p>El d\u00eda Martes, recibiremos por parte de la Fundaci\u00f3n de Orquestas Juveniles e Infantiles de Chile FOJI, una serie de instrumentos peque\u00f1os que nos permitir\u00e1n seguir avanzando en la formaci\u00f3n musical temprana\u00a0y la creaci\u00f3n de la Orquesta Preinfantil de nuestra escuela.<\/p>\n<p>Dentro del programa de actividades, se da inicio tambi\u00e9n al ciclo de\u00a0 clases maestras que promueve el Centro de Extensi\u00f3n Art\u00edstico Cultural de la Universidad de Chile y que significar\u00e1n cinco semanas de Master class con\u00a0 profesores-m\u00fasicos de la Orquesta Sinf\u00f3nica de Chile\u00a0 dirigidas a las y los estudiantes de viol\u00edn y violoncello.<\/p>\n<p>Invitamos a la comunidad para los d\u00edas jueves 27 y viernes 28, a conectarse al FaceBook Live de la Escuela de M\u00fasica y Artes Integradas de Coyhaique, <a href=\"https:\/\/www.facebook.com\/groups\/26423050308\/\">https:\/\/www.facebook.com\/groups\/26423050308\/<\/a>, para asistir a la realizaci\u00f3n de dos conciertos virtuales el primero de Piano el d\u00eda jueves 27 y de cuerdas el d\u00eda viernes 28.<\/p>\n<p>A pesar de la pandemia, nuestra escuela sigue viva con clases semipresenciales y online seg\u00fan la situaci\u00f3n de salud de la ciudad. Contamos con todo el apoyo de las familias de nuestra Escuela y de todos nuestros amigos y colaboradores, a quienes agradecemos su presencia permanente.<\/p>\n<\/div>\n<\/div>\n<\/div><\/section><\/div><div  style='height:50px' class='hr hr-invisible   avia-builder-el-6  el_after_av_one_full  el_before_av_social_share '><span class='hr-inner ' ><span class='hr-inner-style'><\/span><\/span><\/div><\/p>\n<div  class='av-social-sharing-box  avia-builder-el-7  el_after_av_hr  el_before_av_hr  '><div class='av-share-box'><h5 class='av-share-link-description av-no-toc '>Compartir esta noticia<\/h5><ul class='av-share-box-list noLightbox'><li class='av-share-link av-social-link-facebook' ><a target=\"_blank\" aria-label=\"Compartir en Facebook\" href='https:\/\/www.facebook.com\/sharer.php?u=https:\/\/radiorevelacionfm.cl\/?p=4411&#038;t=Escuela%20de%20M%C3%BAsica%20y%20Artes%20Integradas%20de%20Coyhaique%20celebra%20Aniversario%2028' aria-hidden='false' data-av_icon='\ue8f3' data-av_iconfont='entypo-fontello' title='' data-avia-related-tooltip='Compartir en Facebook' rel=\"noopener\"><span class='avia_hidden_link_text'>Compartir en Facebook<\/span><\/a><\/li><li class='av-share-link av-social-link-twitter' ><a target=\"_blank\" aria-label=\"Compartir en Twitter\" href='https:\/\/twitter.com\/share?text=Escuela%20de%20M%C3%BAsica%20y%20Artes%20Integradas%20de%20Coyhaique%20celebra%20Aniversario%2028&#038;url=https:\/\/radiorevelacionfm.cl\/?p=4411' aria-hidden='false' data-av_icon='\ue8f1' data-av_iconfont='entypo-fontello' title='' data-avia-related-tooltip='Compartir en Twitter' rel=\"noopener\"><span class='avia_hidden_link_text'>Compartir en Twitter<\/span><\/a><\/li><li class='av-share-link av-social-link-whatsapp' ><a target=\"_blank\" aria-label=\"Compartir en Whatsapp\" href='https:\/\/api.whatsapp.com\/send?text=https:\/\/radiorevelacionfm.cl\/?p=4411' aria-hidden='false' data-av_icon='\uf232' data-av_iconfont='entypo-fontello' title='' data-avia-related-tooltip='Compartir en Whatsapp' rel=\"noopener\"><span class='avia_hidden_link_text'>Compartir en Whatsapp<\/span><\/a><\/li><li class='av-share-link av-social-link-linkedin' ><a target=\"_blank\" aria-label=\"Compartir en LinkedIn\" href='https:\/\/linkedin.com\/shareArticle?mini=true&#038;title=Escuela%20de%20M%C3%BAsica%20y%20Artes%20Integradas%20de%20Coyhaique%20celebra%20Aniversario%2028&#038;url=https:\/\/radiorevelacionfm.cl\/?p=4411' aria-hidden='false' data-av_icon='\ue8fc' data-av_iconfont='entypo-fontello' title='' data-avia-related-tooltip='Compartir en LinkedIn' rel=\"noopener\"><span class='avia_hidden_link_text'>Compartir en LinkedIn<\/span><\/a><\/li><li class='av-share-link av-social-link-mail' ><a  aria-label=\"Compartir por correo\" href='mailto:?subject=Escuela%20de%20M%C3%BAsica%20y%20Artes%20Integradas%20de%20Coyhaique%20celebra%20Aniversario%2028&#038;body=https:\/\/radiorevelacionfm.cl\/?p=4411' aria-hidden='false' data-av_icon='\ue805' data-av_iconfont='entypo-fontello' title='' data-avia-related-tooltip='Compartir por correo'><span class='avia_hidden_link_text'>Compartir por correo<\/span><\/a><\/li><\/ul><\/div><\/div>\n<div  style='height:50px' class='hr hr-invisible   avia-builder-el-8  el_after_av_social_share  el_before_av_comments_list '><span class='hr-inner ' ><span class='hr-inner-style'><\/span><\/span><\/div>\n<div  class='av-buildercomment  av-blog-meta-html-info-disabled av-blog-meta-tag-disabled  '><\/div>\n","protected":false},"excerpt":{"rendered":"","protected":false},"author":1,"featured_media":0,"comment_status":"open","ping_status":"open","sticky":false,"template":"","format":"standard","meta":{"footnotes":""},"categories":[52],"tags":[],"class_list":["post-4411","post","type-post","status-publish","format-standard","hentry","category-cultura"],"jetpack_featured_media_url":"","_links":{"self":[{"href":"https:\/\/radiorevelacionfm.cl\/index.php?rest_route=\/wp\/v2\/posts\/4411","targetHints":{"allow":["GET"]}}],"collection":[{"href":"https:\/\/radiorevelacionfm.cl\/index.php?rest_route=\/wp\/v2\/posts"}],"about":[{"href":"https:\/\/radiorevelacionfm.cl\/index.php?rest_route=\/wp\/v2\/types\/post"}],"author":[{"embeddable":true,"href":"https:\/\/radiorevelacionfm.cl\/index.php?rest_route=\/wp\/v2\/users\/1"}],"replies":[{"embeddable":true,"href":"https:\/\/radiorevelacionfm.cl\/index.php?rest_route=%2Fwp%2Fv2%2Fcomments&post=4411"}],"version-history":[{"count":3,"href":"https:\/\/radiorevelacionfm.cl\/index.php?rest_route=\/wp\/v2\/posts\/4411\/revisions"}],"predecessor-version":[{"id":4444,"href":"https:\/\/radiorevelacionfm.cl\/index.php?rest_route=\/wp\/v2\/posts\/4411\/revisions\/4444"}],"wp:attachment":[{"href":"https:\/\/radiorevelacionfm.cl\/index.php?rest_route=%2Fwp%2Fv2%2Fmedia&parent=4411"}],"wp:term":[{"taxonomy":"category","embeddable":true,"href":"https:\/\/radiorevelacionfm.cl\/index.php?rest_route=%2Fwp%2Fv2%2Fcategories&post=4411"},{"taxonomy":"post_tag","embeddable":true,"href":"https:\/\/radiorevelacionfm.cl\/index.php?rest_route=%2Fwp%2Fv2%2Ftags&post=4411"}],"curies":[{"name":"wp","href":"https:\/\/api.w.org\/{rel}","templated":true}]}}