{"id":44108,"date":"2024-07-11T17:57:44","date_gmt":"2024-07-11T20:57:44","guid":{"rendered":"https:\/\/radiorevelacionfm.cl\/?p=44108"},"modified":"2024-07-11T17:57:44","modified_gmt":"2024-07-11T20:57:44","slug":"agrupacion-de-jovenes-cristianos-inician-sus-actividades-siendo-beneficiadas-con-recursos-municipales","status":"publish","type":"post","link":"https:\/\/radiorevelacionfm.cl\/?p=44108","title":{"rendered":"Agrupaci\u00f3n de J\u00f3venes Cristianos inician sus actividades siendo beneficiadas con recursos municipales"},"content":{"rendered":"<div class=\"flex_column av_one_full  flex_column_div av-zero-column-padding first  avia-builder-el-0  el_before_av_one_full  avia-builder-el-first  \" style='border-radius:0px; '><div  class='avia-image-container  av-styling-    avia-builder-el-1  avia-builder-el-no-sibling  avia-align-center '  itemprop=\"image\" itemscope=\"itemscope\" itemtype=\"https:\/\/schema.org\/ImageObject\"  ><div class='avia-image-container-inner'><div class='avia-image-overlay-wrap'><img decoding=\"async\" class='wp-image-44109 avia-img-lazy-loading-not-44109 avia_image' src=\"https:\/\/radiorevelacionfm.cl\/wp-content\/uploads\/2024\/07\/juventud-en-movimiento-3-1_optimized.jpg\" alt='' title='juventud-en-movimiento-3-(1)_optimized' height=\"600\" width=\"1067\"  itemprop=\"thumbnailUrl\" srcset=\"https:\/\/radiorevelacionfm.cl\/wp-content\/uploads\/2024\/07\/juventud-en-movimiento-3-1_optimized.jpg 1067w, https:\/\/radiorevelacionfm.cl\/wp-content\/uploads\/2024\/07\/juventud-en-movimiento-3-1_optimized-300x169.jpg 300w, https:\/\/radiorevelacionfm.cl\/wp-content\/uploads\/2024\/07\/juventud-en-movimiento-3-1_optimized-1030x579.jpg 1030w, https:\/\/radiorevelacionfm.cl\/wp-content\/uploads\/2024\/07\/juventud-en-movimiento-3-1_optimized-768x432.jpg 768w, https:\/\/radiorevelacionfm.cl\/wp-content\/uploads\/2024\/07\/juventud-en-movimiento-3-1_optimized-705x396.jpg 705w, https:\/\/radiorevelacionfm.cl\/wp-content\/uploads\/2024\/07\/juventud-en-movimiento-3-1_optimized-450x253.jpg 450w, https:\/\/radiorevelacionfm.cl\/wp-content\/uploads\/2024\/07\/juventud-en-movimiento-3-1_optimized-600x337.jpg 600w\" sizes=\"(max-width: 1067px) 100vw, 1067px\" \/><\/div><\/div><\/div><\/div><div class=\"flex_column av_one_full  flex_column_div av-zero-column-padding first  avia-builder-el-2  el_after_av_one_full  el_before_av_one_full  column-top-margin\" style='border-radius:0px; '><section class=\"av_textblock_section \"  itemscope=\"itemscope\" itemtype=\"https:\/\/schema.org\/BlogPosting\" itemprop=\"blogPost\" ><div class='avia_textblock  '   itemprop=\"text\" ><p style=\"text-align: center;\"><strong><span style=\"font-size: 18pt;\">Agrupaci\u00f3n de J\u00f3venes Cristianos inician sus actividades siendo beneficiadas con recursos municipales <\/span><\/strong><\/p>\n<div id=\"gtx-trans\" style=\"position: absolute; left: -50px; top: 4.31534px;\">\n<div class=\"gtx-trans-icon\"><\/div>\n<\/div>\n<\/div><\/section><\/div><div class=\"flex_column av_one_full  flex_column_div av-zero-column-padding first  avia-builder-el-4  el_after_av_one_full  el_before_av_hr  column-top-margin\" style='border-radius:0px; '><section class=\"av_textblock_section \"  itemscope=\"itemscope\" itemtype=\"https:\/\/schema.org\/BlogPosting\" itemprop=\"blogPost\" ><div class='avia_textblock  '   itemprop=\"text\" ><p style=\"text-align: justify;\">Recientemente se conform\u00f3 la Agrupaci\u00f3n de J\u00f3venes en Movimiento, bajo el amparo de la Iglesia Metodista Pentecostal del sector Pedro Aguirre Cerda de Puerto Ays\u00e9n. La nueva organizaci\u00f3n pretende convocar a adolescentes para realizar actividades al interior del templo, pero tambi\u00e9n con la comunidad.<\/p>\n<p style=\"text-align: justify;\">Es por ello que, pensando en que deben contar con la implementaci\u00f3n b\u00e1sica y necesaria para realizar encuentros, momentos de oraci\u00f3n y jornadas cristianas, es que, hace alg\u00fan tiempo se acercaron al Alcalde Julio Uribe para presentarse y buscar alternativas de apoyo como naciente agrupaci\u00f3n.<\/p>\n<p style=\"text-align: justify;\">\u201cJ\u00f3venes en Movimiento\u201d, se inform\u00f3 de la alternativa para postular a subvenci\u00f3n municipal, re\u00fanen la documentaci\u00f3n y presentan la solicitud, que fue aprobada por el Concejo Municipal en pleno y que ya les permite contar con los fondos para adquirir los art\u00edculos que necesitan para trabajar con la ciudadan\u00eda.<\/p>\n<p style=\"text-align: justify;\">\u201cHemos entregado una subvenci\u00f3n municipal a la agrupaci\u00f3n J\u00f3venes en Movimiento, una organizaci\u00f3n nueva que est\u00e1 dando sus primeros pasos, subvenci\u00f3n que va a ir destinada a la adquisici\u00f3n de sillas, que va a ir en directo de la comunidad. Estamos muy contentos de poder otorgar este beneficio a esta nueva agrupaci\u00f3n y en nombre de nuestro Alcalde don Julio Uribe Alvarado, destacamos el trabajo de todos quienes componen esta organizaci\u00f3n\u201d, se\u00f1al\u00f3 Oscar Azocar, administrador municipal.<\/p>\n<p style=\"text-align: justify;\">El pastor de la Iglesia Metodista Pentecostal, Daniel Raimapo, se mostr\u00f3 feliz de que en esta oportunidad sea una organizaci\u00f3n cristiana juvenil la que haya obtenido una subvenci\u00f3n municipal. \u201cAgradecemos a Dios, como lo hemos dicho en la reuni\u00f3n devocional que tuvimos, llevo por misericordia casi veinte a\u00f1os en esto y nunca hab\u00edamos recibido una ayuda as\u00ed. Decir que, nace esta idea bajo la agrupaci\u00f3n de hermanos que nos dicen, \u00bfpodemos optar mi pastor a estos beneficios? Le dimos marcha y dijimos si Dios as\u00ed lo quiere y est\u00e1 en el coraz\u00f3n de Dios que nos bendigan nuestras autoridades lo vamos a hacer y gracias a Dios que se pudo accionar y hacer, porque ya hab\u00edamos avanzando en los tramites y gracias a Dios damos por esta bendici\u00f3n\u201d.<\/p>\n<p style=\"text-align: justify;\">Quien tambi\u00e9n tuvo palabras de gratitud por la subvenci\u00f3n entregada a \u201cJ\u00f3venes en Movimiento\u201d fue su presidente, Joaqu\u00edn Ampuero. \u201cPrimero dar gracias a Dios, por esta hermosa oportunidad de ser parte de esta ceremonia, en la cual se nos ha entregado una subvenci\u00f3n de parte de la Municipalidad. Hace un tiempo atr\u00e1s, no muy lejano, tuvimos una conversaci\u00f3n con nuestro Alcalde, a quien hac\u00edamos participe y hac\u00edamos ver tambi\u00e9n el trabajo silencioso de nuestra iglesia, donde igualmente hicimos notar la creaci\u00f3n de una agrupaci\u00f3n, la cual, hoy d\u00eda ya est\u00e1 en vamos y el sentido esta es presentar a Cristo y poder hacer una ayuda a nuestra comunidad, con los valores cristianos que nuestro Dios nos ha entregado. As\u00ed es que muy agradecidos con la Municipalidad\u201d.<\/p>\n<p style=\"text-align: justify;\">La subvenci\u00f3n entregada por la Municipalidad de Ays\u00e9n a la agrupaci\u00f3n \u201cJ\u00f3venes en Movimiento\u201d asciendo a la suma de $1.499.500<\/p>\n<\/div><\/section><\/div><div  style='height:50px' class='hr hr-invisible   avia-builder-el-6  el_after_av_one_full  el_before_av_social_share '><span class='hr-inner ' ><span class='hr-inner-style'><\/span><\/span><\/div><\/p>\n<div  class='av-social-sharing-box  avia-builder-el-7  el_after_av_hr  el_before_av_hr  '><div class='av-share-box'><h5 class='av-share-link-description av-no-toc '>Compartir esta noticia<\/h5><ul class='av-share-box-list noLightbox'><li class='av-share-link av-social-link-facebook' ><a target=\"_blank\" aria-label=\"Compartir en Facebook\" href='https:\/\/www.facebook.com\/sharer.php?u=https:\/\/radiorevelacionfm.cl\/?p=44108&#038;t=Agrupaci%C3%B3n%20de%20J%C3%B3venes%20Cristianos%20inician%20sus%20actividades%20siendo%20beneficiadas%20con%20recursos%20municipales' aria-hidden='false' data-av_icon='\ue8f3' data-av_iconfont='entypo-fontello' title='' data-avia-related-tooltip='Compartir en Facebook' rel=\"noopener\"><span class='avia_hidden_link_text'>Compartir en Facebook<\/span><\/a><\/li><li class='av-share-link av-social-link-twitter' ><a target=\"_blank\" aria-label=\"Compartir en Twitter\" href='https:\/\/twitter.com\/share?text=Agrupaci%C3%B3n%20de%20J%C3%B3venes%20Cristianos%20inician%20sus%20actividades%20siendo%20beneficiadas%20con%20recursos%20municipales&#038;url=https:\/\/radiorevelacionfm.cl\/?p=44108' aria-hidden='false' data-av_icon='\ue8f1' data-av_iconfont='entypo-fontello' title='' data-avia-related-tooltip='Compartir en Twitter' rel=\"noopener\"><span class='avia_hidden_link_text'>Compartir en Twitter<\/span><\/a><\/li><li class='av-share-link av-social-link-whatsapp' ><a target=\"_blank\" aria-label=\"Compartir en Whatsapp\" href='https:\/\/api.whatsapp.com\/send?text=https:\/\/radiorevelacionfm.cl\/?p=44108' aria-hidden='false' data-av_icon='\uf232' data-av_iconfont='entypo-fontello' title='' data-avia-related-tooltip='Compartir en Whatsapp' rel=\"noopener\"><span class='avia_hidden_link_text'>Compartir en Whatsapp<\/span><\/a><\/li><li class='av-share-link av-social-link-linkedin' ><a target=\"_blank\" aria-label=\"Compartir en LinkedIn\" href='https:\/\/linkedin.com\/shareArticle?mini=true&#038;title=Agrupaci%C3%B3n%20de%20J%C3%B3venes%20Cristianos%20inician%20sus%20actividades%20siendo%20beneficiadas%20con%20recursos%20municipales&#038;url=https:\/\/radiorevelacionfm.cl\/?p=44108' aria-hidden='false' data-av_icon='\ue8fc' data-av_iconfont='entypo-fontello' title='' data-avia-related-tooltip='Compartir en LinkedIn' rel=\"noopener\"><span class='avia_hidden_link_text'>Compartir en LinkedIn<\/span><\/a><\/li><li class='av-share-link av-social-link-mail' ><a  aria-label=\"Compartir por correo\" href='mailto:?subject=Agrupaci%C3%B3n%20de%20J%C3%B3venes%20Cristianos%20inician%20sus%20actividades%20siendo%20beneficiadas%20con%20recursos%20municipales&#038;body=https:\/\/radiorevelacionfm.cl\/?p=44108' aria-hidden='false' data-av_icon='\ue805' data-av_iconfont='entypo-fontello' title='' data-avia-related-tooltip='Compartir por correo'><span class='avia_hidden_link_text'>Compartir por correo<\/span><\/a><\/li><\/ul><\/div><\/div>\n<div  style='height:50px' class='hr hr-invisible   avia-builder-el-8  el_after_av_social_share  el_before_av_comments_list '><span class='hr-inner ' ><span class='hr-inner-style'><\/span><\/span><\/div>\n<div  class='av-buildercomment  av-blog-meta-html-info-disabled av-blog-meta-tag-disabled  '><\/div>\n","protected":false},"excerpt":{"rendered":"","protected":false},"author":1,"featured_media":44109,"comment_status":"open","ping_status":"open","sticky":false,"template":"","format":"standard","meta":{"footnotes":""},"categories":[38],"tags":[],"class_list":["post-44108","post","type-post","status-publish","format-standard","has-post-thumbnail","hentry","category-regional"],"jetpack_featured_media_url":"https:\/\/radiorevelacionfm.cl\/wp-content\/uploads\/2024\/07\/juventud-en-movimiento-3-1_optimized.jpg","_links":{"self":[{"href":"https:\/\/radiorevelacionfm.cl\/index.php?rest_route=\/wp\/v2\/posts\/44108","targetHints":{"allow":["GET"]}}],"collection":[{"href":"https:\/\/radiorevelacionfm.cl\/index.php?rest_route=\/wp\/v2\/posts"}],"about":[{"href":"https:\/\/radiorevelacionfm.cl\/index.php?rest_route=\/wp\/v2\/types\/post"}],"author":[{"embeddable":true,"href":"https:\/\/radiorevelacionfm.cl\/index.php?rest_route=\/wp\/v2\/users\/1"}],"replies":[{"embeddable":true,"href":"https:\/\/radiorevelacionfm.cl\/index.php?rest_route=%2Fwp%2Fv2%2Fcomments&post=44108"}],"version-history":[{"count":1,"href":"https:\/\/radiorevelacionfm.cl\/index.php?rest_route=\/wp\/v2\/posts\/44108\/revisions"}],"predecessor-version":[{"id":44110,"href":"https:\/\/radiorevelacionfm.cl\/index.php?rest_route=\/wp\/v2\/posts\/44108\/revisions\/44110"}],"wp:featuredmedia":[{"embeddable":true,"href":"https:\/\/radiorevelacionfm.cl\/index.php?rest_route=\/wp\/v2\/media\/44109"}],"wp:attachment":[{"href":"https:\/\/radiorevelacionfm.cl\/index.php?rest_route=%2Fwp%2Fv2%2Fmedia&parent=44108"}],"wp:term":[{"taxonomy":"category","embeddable":true,"href":"https:\/\/radiorevelacionfm.cl\/index.php?rest_route=%2Fwp%2Fv2%2Fcategories&post=44108"},{"taxonomy":"post_tag","embeddable":true,"href":"https:\/\/radiorevelacionfm.cl\/index.php?rest_route=%2Fwp%2Fv2%2Ftags&post=44108"}],"curies":[{"name":"wp","href":"https:\/\/api.w.org\/{rel}","templated":true}]}}