{"id":44102,"date":"2024-07-11T16:31:59","date_gmt":"2024-07-11T19:31:59","guid":{"rendered":"https:\/\/radiorevelacionfm.cl\/?p=44102"},"modified":"2024-07-11T16:31:59","modified_gmt":"2024-07-11T19:31:59","slug":"invitan-a-participar-de-taller-sobre-nueva-reglamentacion-termica-y-su-vinculo-con-el-plan-de-descontaminacion-atmosferica","status":"publish","type":"post","link":"https:\/\/radiorevelacionfm.cl\/?p=44102","title":{"rendered":"Invitan a participar de taller sobre nueva reglamentaci\u00f3n t\u00e9rmica y su v\u00ednculo con el Plan de Descontaminaci\u00f3n Atmosf\u00e9rica"},"content":{"rendered":"<div class=\"flex_column av_one_full  flex_column_div av-zero-column-padding first  avia-builder-el-0  el_before_av_one_full  avia-builder-el-first  \" style='border-radius:0px; '><div  class='avia-image-container  av-styling-    avia-builder-el-1  avia-builder-el-no-sibling  avia-align-center '  itemprop=\"image\" itemscope=\"itemscope\" itemtype=\"https:\/\/schema.org\/ImageObject\"  ><div class='avia-image-container-inner'><div class='avia-image-overlay-wrap'><img decoding=\"async\" class='wp-image-44103 avia-img-lazy-loading-not-44103 avia_image' src=\"https:\/\/radiorevelacionfm.cl\/wp-content\/uploads\/2024\/07\/1-2024-07-11t152444_optimized.942-1.jpg\" alt='' title='1---2024-07-11t152444_optimized.942-(1)' height=\"600\" width=\"1032\"  itemprop=\"thumbnailUrl\" srcset=\"https:\/\/radiorevelacionfm.cl\/wp-content\/uploads\/2024\/07\/1-2024-07-11t152444_optimized.942-1.jpg 1032w, https:\/\/radiorevelacionfm.cl\/wp-content\/uploads\/2024\/07\/1-2024-07-11t152444_optimized.942-1-300x174.jpg 300w, https:\/\/radiorevelacionfm.cl\/wp-content\/uploads\/2024\/07\/1-2024-07-11t152444_optimized.942-1-1030x599.jpg 1030w, https:\/\/radiorevelacionfm.cl\/wp-content\/uploads\/2024\/07\/1-2024-07-11t152444_optimized.942-1-768x447.jpg 768w, https:\/\/radiorevelacionfm.cl\/wp-content\/uploads\/2024\/07\/1-2024-07-11t152444_optimized.942-1-705x410.jpg 705w, https:\/\/radiorevelacionfm.cl\/wp-content\/uploads\/2024\/07\/1-2024-07-11t152444_optimized.942-1-450x262.jpg 450w, https:\/\/radiorevelacionfm.cl\/wp-content\/uploads\/2024\/07\/1-2024-07-11t152444_optimized.942-1-600x349.jpg 600w\" sizes=\"(max-width: 1032px) 100vw, 1032px\" \/><\/div><\/div><\/div><\/div><div class=\"flex_column av_one_full  flex_column_div av-zero-column-padding first  avia-builder-el-2  el_after_av_one_full  el_before_av_one_full  column-top-margin\" style='border-radius:0px; '><section class=\"av_textblock_section \"  itemscope=\"itemscope\" itemtype=\"https:\/\/schema.org\/BlogPosting\" itemprop=\"blogPost\" ><div class='avia_textblock  '   itemprop=\"text\" ><p style=\"text-align: center;\"><span style=\"font-size: 18pt;\"><strong>Invitan a participar de taller sobre nueva reglamentaci\u00f3n t\u00e9rmica y su v\u00ednculo con el Plan de Descontaminaci\u00f3n Atmosf\u00e9rica<\/strong><\/span><\/p>\n<div id=\"gtx-trans\" style=\"position: absolute; left: -50px; top: 4.31534px;\">\n<div class=\"gtx-trans-icon\"><\/div>\n<\/div>\n<\/div><\/section><\/div><div class=\"flex_column av_one_full  flex_column_div av-zero-column-padding first  avia-builder-el-4  el_after_av_one_full  el_before_av_hr  column-top-margin\" style='border-radius:0px; '><section class=\"av_textblock_section \"  itemscope=\"itemscope\" itemtype=\"https:\/\/schema.org\/BlogPosting\" itemprop=\"blogPost\" ><div class='avia_textblock  '   itemprop=\"text\" ><p style=\"text-align: justify;\">El pr\u00f3ximo jueves 25 de julio se llevar\u00e1 a cabo el Taller \u201cNueva reglamentaci\u00f3n t\u00e9rmica y su v\u00ednculo con los Planes de Descontaminaci\u00f3n Atmosf\u00e9rica PDA\u201d, si bien la instancia est\u00e1 dirigida a constructoras e inmobiliarias, el Seremi del medio Ambiente realiz\u00f3 un amplio llamado a la comunidad interesada a participar de la actividad informativa.<\/p>\n<p style=\"text-align: justify;\">\u201cLes tenemos una invitaci\u00f3n, vamos a realizar un taller junto al Ministerio de Vivienda y Urbanismo que habla sobre la actualizaci\u00f3n de la Norma T\u00e9cnica de Construcci\u00f3n, un paso muy importante para avanzar en medidas de descontaminaci\u00f3n, porque la aislaci\u00f3n t\u00e9rmica en las viviendas es clave en aumentar la eficiencia de nuestros hogares y as\u00ed el impacto de nuestro PDA y la calidad de vida de todos y todas. As\u00ed que queremos extender este espacio para quienes tienen inter\u00e9s y vinculaci\u00f3n con estos procesos para sumarse a esta tarea que hacemos con el compromiso de todos y todas\u201d, recalc\u00f3 Yoal D\u00edaz.<\/p>\n<p style=\"text-align: justify;\">La instancia, que tendr\u00e1 lugar a las 15:00 horas en el sal\u00f3n de la Mutual de Seguridad ubicado en calle Lillo N\u00b020 de la ciudad Coyhaique, abordar\u00e1 la reglamentaci\u00f3n que establece el PDA y la nueva modificaci\u00f3n a la Ordenanza General de Urbanismo y Construcci\u00f3n.<\/p>\n<p style=\"text-align: justify;\">El Seremi destac\u00f3 la importancia del v\u00ednculo con el sector construcci\u00f3n para la gesti\u00f3n de la calidad del aire, debido a la relevancia que tiene el mejoramiento t\u00e9rmico de las viviendas para la descontaminaci\u00f3n de Coyhaique, y por tanto cada a\u00f1o se realizan actividades educativas e informativas con el sector, dando cumplimiento adem\u00e1s a lo establecido en el Plan de Descontaminaci\u00f3n Atmosf\u00e9rica, que indica a la Seremi del medio ambiente, la tarea de realizar al menos 2 charlas informativas anuales, dirigidas a empresas inmobiliarias y actores relevantes del \u00e1rea de la construcci\u00f3n, que proyecten construir en la zona sujeta al Plan, de manera que cuenten con informaci\u00f3n de incentivos vigentes a proyectos inmobiliarios y los requisitos que deben cumplir en el marco del Plan.<\/p>\n<p style=\"text-align: justify;\">Seg\u00fan indic\u00f3 la autoridad, la modificaci\u00f3n a la reglamentaci\u00f3n t\u00e9rmica, fue ampliamente esperada por el sector y considera los est\u00e1ndares de mejoramiento t\u00e9rmico del PDA de Coyhaique para la regi\u00f3n completa, y as\u00ed tambi\u00e9n abre nuevas betas en la actualizaci\u00f3n del Plan de Descontaminaci\u00f3n de Coyhaique, que ya se encuentra en curso y ser\u00e1 objeto de an\u00e1lisis.<\/p>\n<p style=\"text-align: justify;\">Finalmente, el SEREMI reiter\u00f3 la invitaci\u00f3n a sumarse al taller, as\u00ed como a mantenerse atentos a las acciones colaborativas que se realizan junto a MINVU; como el actual proyecto de mejoramiento t\u00e9rmico con recambio de calefactor a artefactos el\u00e9ctricos y con respaldo para enfrentar los cortes de energ\u00eda.<\/p>\n<\/div><\/section><\/div><div  style='height:50px' class='hr hr-invisible   avia-builder-el-6  el_after_av_one_full  el_before_av_social_share '><span class='hr-inner ' ><span class='hr-inner-style'><\/span><\/span><\/div><\/p>\n<div  class='av-social-sharing-box  avia-builder-el-7  el_after_av_hr  el_before_av_hr  '><div class='av-share-box'><h5 class='av-share-link-description av-no-toc '>Compartir esta noticia<\/h5><ul class='av-share-box-list noLightbox'><li class='av-share-link av-social-link-facebook' ><a target=\"_blank\" aria-label=\"Compartir en Facebook\" href='https:\/\/www.facebook.com\/sharer.php?u=https:\/\/radiorevelacionfm.cl\/?p=44102&#038;t=Invitan%20a%20participar%20de%20taller%20sobre%20nueva%20reglamentaci%C3%B3n%20t%C3%A9rmica%20y%20su%20v%C3%ADnculo%20con%20el%20Plan%20de%20Descontaminaci%C3%B3n%20Atmosf%C3%A9rica' aria-hidden='false' data-av_icon='\ue8f3' data-av_iconfont='entypo-fontello' title='' data-avia-related-tooltip='Compartir en Facebook' rel=\"noopener\"><span class='avia_hidden_link_text'>Compartir en Facebook<\/span><\/a><\/li><li class='av-share-link av-social-link-twitter' ><a target=\"_blank\" aria-label=\"Compartir en Twitter\" href='https:\/\/twitter.com\/share?text=Invitan%20a%20participar%20de%20taller%20sobre%20nueva%20reglamentaci%C3%B3n%20t%C3%A9rmica%20y%20su%20v%C3%ADnculo%20con%20el%20Plan%20de%20Descontaminaci%C3%B3n%20Atmosf%C3%A9rica&#038;url=https:\/\/radiorevelacionfm.cl\/?p=44102' aria-hidden='false' data-av_icon='\ue8f1' data-av_iconfont='entypo-fontello' title='' data-avia-related-tooltip='Compartir en Twitter' rel=\"noopener\"><span class='avia_hidden_link_text'>Compartir en Twitter<\/span><\/a><\/li><li class='av-share-link av-social-link-whatsapp' ><a target=\"_blank\" aria-label=\"Compartir en Whatsapp\" href='https:\/\/api.whatsapp.com\/send?text=https:\/\/radiorevelacionfm.cl\/?p=44102' aria-hidden='false' data-av_icon='\uf232' data-av_iconfont='entypo-fontello' title='' data-avia-related-tooltip='Compartir en Whatsapp' rel=\"noopener\"><span class='avia_hidden_link_text'>Compartir en Whatsapp<\/span><\/a><\/li><li class='av-share-link av-social-link-linkedin' ><a target=\"_blank\" aria-label=\"Compartir en LinkedIn\" href='https:\/\/linkedin.com\/shareArticle?mini=true&#038;title=Invitan%20a%20participar%20de%20taller%20sobre%20nueva%20reglamentaci%C3%B3n%20t%C3%A9rmica%20y%20su%20v%C3%ADnculo%20con%20el%20Plan%20de%20Descontaminaci%C3%B3n%20Atmosf%C3%A9rica&#038;url=https:\/\/radiorevelacionfm.cl\/?p=44102' aria-hidden='false' data-av_icon='\ue8fc' data-av_iconfont='entypo-fontello' title='' data-avia-related-tooltip='Compartir en LinkedIn' rel=\"noopener\"><span class='avia_hidden_link_text'>Compartir en LinkedIn<\/span><\/a><\/li><li class='av-share-link av-social-link-mail' ><a  aria-label=\"Compartir por correo\" href='mailto:?subject=Invitan%20a%20participar%20de%20taller%20sobre%20nueva%20reglamentaci%C3%B3n%20t%C3%A9rmica%20y%20su%20v%C3%ADnculo%20con%20el%20Plan%20de%20Descontaminaci%C3%B3n%20Atmosf%C3%A9rica&#038;body=https:\/\/radiorevelacionfm.cl\/?p=44102' aria-hidden='false' data-av_icon='\ue805' data-av_iconfont='entypo-fontello' title='' data-avia-related-tooltip='Compartir por correo'><span class='avia_hidden_link_text'>Compartir por correo<\/span><\/a><\/li><\/ul><\/div><\/div>\n<div  style='height:50px' class='hr hr-invisible   avia-builder-el-8  el_after_av_social_share  el_before_av_comments_list '><span class='hr-inner ' ><span class='hr-inner-style'><\/span><\/span><\/div>\n<div  class='av-buildercomment  av-blog-meta-html-info-disabled av-blog-meta-tag-disabled  '><\/div>\n","protected":false},"excerpt":{"rendered":"","protected":false},"author":1,"featured_media":44103,"comment_status":"open","ping_status":"open","sticky":false,"template":"","format":"standard","meta":{"footnotes":""},"categories":[39],"tags":[],"class_list":["post-44102","post","type-post","status-publish","format-standard","has-post-thumbnail","hentry","category-medio-ambiente"],"jetpack_featured_media_url":"https:\/\/radiorevelacionfm.cl\/wp-content\/uploads\/2024\/07\/1-2024-07-11t152444_optimized.942-1.jpg","_links":{"self":[{"href":"https:\/\/radiorevelacionfm.cl\/index.php?rest_route=\/wp\/v2\/posts\/44102","targetHints":{"allow":["GET"]}}],"collection":[{"href":"https:\/\/radiorevelacionfm.cl\/index.php?rest_route=\/wp\/v2\/posts"}],"about":[{"href":"https:\/\/radiorevelacionfm.cl\/index.php?rest_route=\/wp\/v2\/types\/post"}],"author":[{"embeddable":true,"href":"https:\/\/radiorevelacionfm.cl\/index.php?rest_route=\/wp\/v2\/users\/1"}],"replies":[{"embeddable":true,"href":"https:\/\/radiorevelacionfm.cl\/index.php?rest_route=%2Fwp%2Fv2%2Fcomments&post=44102"}],"version-history":[{"count":1,"href":"https:\/\/radiorevelacionfm.cl\/index.php?rest_route=\/wp\/v2\/posts\/44102\/revisions"}],"predecessor-version":[{"id":44104,"href":"https:\/\/radiorevelacionfm.cl\/index.php?rest_route=\/wp\/v2\/posts\/44102\/revisions\/44104"}],"wp:featuredmedia":[{"embeddable":true,"href":"https:\/\/radiorevelacionfm.cl\/index.php?rest_route=\/wp\/v2\/media\/44103"}],"wp:attachment":[{"href":"https:\/\/radiorevelacionfm.cl\/index.php?rest_route=%2Fwp%2Fv2%2Fmedia&parent=44102"}],"wp:term":[{"taxonomy":"category","embeddable":true,"href":"https:\/\/radiorevelacionfm.cl\/index.php?rest_route=%2Fwp%2Fv2%2Fcategories&post=44102"},{"taxonomy":"post_tag","embeddable":true,"href":"https:\/\/radiorevelacionfm.cl\/index.php?rest_route=%2Fwp%2Fv2%2Ftags&post=44102"}],"curies":[{"name":"wp","href":"https:\/\/api.w.org\/{rel}","templated":true}]}}