{"id":44100,"date":"2024-07-12T13:30:03","date_gmt":"2024-07-12T16:30:03","guid":{"rendered":"https:\/\/radiorevelacionfm.cl\/?p=44100"},"modified":"2024-07-12T13:30:03","modified_gmt":"2024-07-12T16:30:03","slug":"bolsillo-familiar-electronico-a-cuanto-asciende-se-podra-usar-para-pagar-las-cuentas-de-luz","status":"publish","type":"post","link":"https:\/\/radiorevelacionfm.cl\/?p=44100","title":{"rendered":"Bolsillo Familiar Electr\u00f3nico; \u00bf a cu\u00e1nto asciende? \u00bfse podr\u00e1 usar para pagar las cuentas de luz?"},"content":{"rendered":"<div class=\"flex_column av_one_full  flex_column_div av-zero-column-padding first  avia-builder-el-0  el_before_av_one_full  avia-builder-el-first  \" style='border-radius:0px; '><div  class='avia-image-container  av-styling-    avia-builder-el-1  avia-builder-el-no-sibling  avia-align-center '  itemprop=\"image\" itemscope=\"itemscope\" itemtype=\"https:\/\/schema.org\/ImageObject\"  ><div class='avia-image-container-inner'><div class='avia-image-overlay-wrap'><img decoding=\"async\" class='wp-image-3890 avia-img-lazy-loading-not-3890 avia_image' src=\"https:\/\/radiorevelacionfm.cl\/wp-content\/uploads\/2021\/05\/Billetes2-1-1.jpg\" alt='' title='Billetes2 (1) (1)' height=\"600\" width=\"840\"  itemprop=\"thumbnailUrl\" srcset=\"https:\/\/radiorevelacionfm.cl\/wp-content\/uploads\/2021\/05\/Billetes2-1-1.jpg 840w, https:\/\/radiorevelacionfm.cl\/wp-content\/uploads\/2021\/05\/Billetes2-1-1-300x214.jpg 300w, https:\/\/radiorevelacionfm.cl\/wp-content\/uploads\/2021\/05\/Billetes2-1-1-768x549.jpg 768w, https:\/\/radiorevelacionfm.cl\/wp-content\/uploads\/2021\/05\/Billetes2-1-1-260x185.jpg 260w, https:\/\/radiorevelacionfm.cl\/wp-content\/uploads\/2021\/05\/Billetes2-1-1-705x504.jpg 705w, https:\/\/radiorevelacionfm.cl\/wp-content\/uploads\/2021\/05\/Billetes2-1-1-600x429.jpg 600w\" sizes=\"(max-width: 840px) 100vw, 840px\" \/><\/div><\/div><\/div><\/div><div class=\"flex_column av_one_full  flex_column_div av-zero-column-padding first  avia-builder-el-2  el_after_av_one_full  el_before_av_one_full  column-top-margin\" style='border-radius:0px; '><section class=\"av_textblock_section \"  itemscope=\"itemscope\" itemtype=\"https:\/\/schema.org\/BlogPosting\" itemprop=\"blogPost\" ><div class='avia_textblock  '   itemprop=\"text\" ><p style=\"text-align: center;\"><strong><span style=\"font-size: 18pt;\">Bolsillo Familiar Electr\u00f3nico; \u00bf a cu\u00e1nto asciende? \u00bfse podr\u00e1 usar para pagar las cuentas de luz?<\/span><\/strong><\/p>\n<div class=\"pG\" tabindex=\"0\" role=\"switch\" data-tooltip-contained=\"true\" data-tooltip-align=\"b,l\" data-tooltip-delay=\"1500\" aria-label=\"No importante\" aria-checked=\"false\" data-is-important=\"false\"><\/div>\n<div id=\"gtx-trans\" style=\"position: absolute; left: -50px; top: 4.31534px;\">\n<div class=\"gtx-trans-icon\"><\/div>\n<\/div>\n<\/div><\/section><\/div><div class=\"flex_column av_one_full  flex_column_div av-zero-column-padding first  avia-builder-el-4  el_after_av_one_full  el_before_av_hr  column-top-margin\" style='border-radius:0px; '><section class=\"av_textblock_section \"  itemscope=\"itemscope\" itemtype=\"https:\/\/schema.org\/BlogPosting\" itemprop=\"blogPost\" ><div class='avia_textblock  '   itemprop=\"text\" ><p style=\"text-align: justify;\"><em>Beneficios econ\u00f3micos a sectores m\u00e1s vulnerables ya son una realidad.<\/em><\/p>\n<p style=\"text-align: justify;\">El Senado respald\u00f3 el informe de la Comisi\u00f3n Mixta que resolvi\u00f3 las discrepancias surgidas entre ambas c\u00e1maras respecto al tema del Bolsillo Familiar Electr\u00f3nico. Durante el debate diversos senadores y senadoras solicitaron al gobierno que redoble los esfuerzos para que m\u00e1s personas -especialmente adultos mayores- puedan acceder al subsidio el\u00e9ctrico.<\/p>\n<p style=\"text-align: justify;\">En condiciones de cumplir su tr\u00e1mite de promulgaci\u00f3n como ley de la Rep\u00fablica qued\u00f3 el proyecto que entrega diversos beneficios econ\u00f3micos para los sectores m\u00e1s vulnerables del pa\u00eds, denominado ahora como \u00ab<strong>proyecto que reajusta los valores del Subsidio \u00danico Familiar y la Asignaci\u00f3n Familiar, reactiva el aporte pagado a trav\u00e9s del Bolsillo Familiar Electr\u00f3nico por los meses de invierno de 2024, e inyecta recursos al Fondo de Estabilizaci\u00f3n de Precios del Petr\u00f3leo (<\/strong><a href=\"https:\/\/tramitacion.senado.cl\/appsenado\/templates\/tramitacion\/#\"><strong>bolet\u00edn 16.933-05)<\/strong><\/a><\/p>\n<p style=\"text-align: justify;\">El cambio de nombre obedece a que la reactivaci\u00f3n del beneficio del Bolsillo Familiar Electr\u00f3nico para los meses de julio, agosto y septiembre de 2024 no conserva estrictamente las mismas caracter\u00edsticas previas que ten\u00eda la medida hasta el mes de abril de 2024.<\/p>\n<p style=\"text-align: justify;\">La propuesta de la instancia mixta compuesta por representantes de ambas C\u00e1maras mantuvo el universo de beneficiarios que corresponde al 40% m\u00e1s vulnerable de la poblaci\u00f3n y se extendi\u00f3 el cupo para hacer uso de los subsidios para el pago de las cuentas de la luz.<\/p>\n<p style=\"text-align: justify;\">Los legisladores valoraron la iniciativa que \u201capunta a resolver la situaci\u00f3n econ\u00f3mica que miles de familias est\u00e1n enfrentando, ante los bajos \u00edndices de crecimiento y el aumento de la tasa de desocupaci\u00f3n e inflaci\u00f3n, adem\u00e1s del aumento de los costos de la luz y combustibles\u201d.<\/p>\n<p style=\"text-align: justify;\">Asimismo, varios parlamentarios y parlamentarias solicitaron al gobierno que vele por \u00abun acceso m\u00e1s expedito del proceso de postulaci\u00f3n a los subsidios el\u00e9ctricos\u00bb. \u201cHoy, han postulado cerca de 1 mill\u00f3n 400 mil personas siendo que hay una cobertura de m\u00e1s 4 millones de cupos por lo que se debe redoblar el compromiso para que las personas puedan postular a estos subsidios\u201d, dijeron. Al respecto, se hicieron presente las barreras de entrada para la postulaci\u00f3n de adultos mayores pues se realiza solo v\u00eda online y con clave \u00fanica.<\/p>\n<p style=\"text-align: justify;\">Hubo voces de advertencia sobre las distorsiones que generan estos mecanismos de subsidios y llamaron al Ejecutivo a analizar sus efectos tanto en el mercado el\u00e9ctrico como en el de los combustibles.<\/p>\n<p style=\"text-align: justify;\">El ministro de Hacienda, Mario Marcel refrend\u00f3 que el mecanismo de Bolsillo Electr\u00f3nico podr\u00e1 ser usado por las familias a trav\u00e9s de las cajas vecinas. Asimismo, dijo que, en la discusi\u00f3n del Presupuesto 2025, se abordar\u00e1 una f\u00f3rmula para hacer del Bolsillo un beneficio m\u00e1s permanente, dado el \u00e9xito que ha tenido como pol\u00edtica p\u00fablica y tom\u00f3 nota de las observaciones de los legisladores.<\/p>\n<h6 style=\"text-align: justify;\"><strong>\u00bfEN QU\u00c9 CONSISTEN LOS BENEFICIOS?<\/strong><\/h6>\n<p style=\"text-align: justify;\">Las medidas que apuntan a hacer frente a los meses de invierno de 2024 incorporan: un reajuste de 4,5% en los valores del SUF y la asignaci\u00f3n familiar; un ajuste a los tramos de manera de ampliar la base de beneficiarios; y una adecuaci\u00f3n del funcionamiento de los mismos, con el objetivo de que los beneficiarios de SUF que transiten a un empleo formal mantengan el mismo monto de asignaci\u00f3n familiar que recib\u00edan en el SUF previo a su formalizaci\u00f3n.<\/p>\n<p style=\"text-align: justify;\">Asimismo, se consider\u00f3 la reactivaci\u00f3n del bolsillo familiar electr\u00f3nico por tres meses m\u00e1s, espec\u00edficamente por julio, agosto y septiembre; m\u00e1s la inyecci\u00f3n de recursos al Fondo de Estabilizaci\u00f3n del Precios del Petr\u00f3leo (FEPP), para que el precio del kerosene dom\u00e9stico se mantenga en torno a los $1.050 por litro.<\/p>\n<p style=\"text-align: justify;\">En concreto, este proyecto incrementa la Asignaci\u00f3n Familiar y Maternal y el SUF, para el 40% m\u00e1s vulnerable de la poblaci\u00f3n, quedando en los siguientes nuevos montos seg\u00fan tramo de ingreso:<\/p>\n<p style=\"text-align: justify;\">&#8211; De $21.243 por carga, para aquellos beneficiarios cuyo ingreso mensual no exceda de $586.227.<\/p>\n<p style=\"text-align: justify;\">&#8211; De $13.036 por carga, para aquellos beneficiarios cuyo ingreso mensual supere los $586.227 y no exceda de $856.247.<\/p>\n<p style=\"text-align: justify;\">&#8211; De $4.119 por carga, para aquellos beneficiarios cuyo ingreso mensual supere los $856.247 y no exceda de $1.335.450.<\/p>\n<\/div><\/section><\/div><div  style='height:50px' class='hr hr-invisible   avia-builder-el-6  el_after_av_one_full  el_before_av_social_share '><span class='hr-inner ' ><span class='hr-inner-style'><\/span><\/span><\/div><\/p>\n<div  class='av-social-sharing-box  avia-builder-el-7  el_after_av_hr  el_before_av_hr  '><div class='av-share-box'><h5 class='av-share-link-description av-no-toc '>Compartir esta noticia<\/h5><ul class='av-share-box-list noLightbox'><li class='av-share-link av-social-link-facebook' ><a target=\"_blank\" aria-label=\"Compartir en Facebook\" href='https:\/\/www.facebook.com\/sharer.php?u=https:\/\/radiorevelacionfm.cl\/?p=44100&#038;t=Bolsillo%20Familiar%20Electr%C3%B3nico%3B%20%C2%BF%20a%20cu%C3%A1nto%20asciende%3F%20%C2%BFse%20podr%C3%A1%20usar%20para%20pagar%20las%20cuentas%20de%20luz%3F' aria-hidden='false' data-av_icon='\ue8f3' data-av_iconfont='entypo-fontello' title='' data-avia-related-tooltip='Compartir en Facebook' rel=\"noopener\"><span class='avia_hidden_link_text'>Compartir en Facebook<\/span><\/a><\/li><li class='av-share-link av-social-link-twitter' ><a target=\"_blank\" aria-label=\"Compartir en Twitter\" href='https:\/\/twitter.com\/share?text=Bolsillo%20Familiar%20Electr%C3%B3nico%3B%20%C2%BF%20a%20cu%C3%A1nto%20asciende%3F%20%C2%BFse%20podr%C3%A1%20usar%20para%20pagar%20las%20cuentas%20de%20luz%3F&#038;url=https:\/\/radiorevelacionfm.cl\/?p=44100' aria-hidden='false' data-av_icon='\ue8f1' data-av_iconfont='entypo-fontello' title='' data-avia-related-tooltip='Compartir en Twitter' rel=\"noopener\"><span class='avia_hidden_link_text'>Compartir en Twitter<\/span><\/a><\/li><li class='av-share-link av-social-link-whatsapp' ><a target=\"_blank\" aria-label=\"Compartir en Whatsapp\" href='https:\/\/api.whatsapp.com\/send?text=https:\/\/radiorevelacionfm.cl\/?p=44100' aria-hidden='false' data-av_icon='\uf232' data-av_iconfont='entypo-fontello' title='' data-avia-related-tooltip='Compartir en Whatsapp' rel=\"noopener\"><span class='avia_hidden_link_text'>Compartir en Whatsapp<\/span><\/a><\/li><li class='av-share-link av-social-link-linkedin' ><a target=\"_blank\" aria-label=\"Compartir en LinkedIn\" href='https:\/\/linkedin.com\/shareArticle?mini=true&#038;title=Bolsillo%20Familiar%20Electr%C3%B3nico%3B%20%C2%BF%20a%20cu%C3%A1nto%20asciende%3F%20%C2%BFse%20podr%C3%A1%20usar%20para%20pagar%20las%20cuentas%20de%20luz%3F&#038;url=https:\/\/radiorevelacionfm.cl\/?p=44100' aria-hidden='false' data-av_icon='\ue8fc' data-av_iconfont='entypo-fontello' title='' data-avia-related-tooltip='Compartir en LinkedIn' rel=\"noopener\"><span class='avia_hidden_link_text'>Compartir en LinkedIn<\/span><\/a><\/li><li class='av-share-link av-social-link-mail' ><a  aria-label=\"Compartir por correo\" href='mailto:?subject=Bolsillo%20Familiar%20Electr%C3%B3nico%3B%20%C2%BF%20a%20cu%C3%A1nto%20asciende%3F%20%C2%BFse%20podr%C3%A1%20usar%20para%20pagar%20las%20cuentas%20de%20luz%3F&#038;body=https:\/\/radiorevelacionfm.cl\/?p=44100' aria-hidden='false' data-av_icon='\ue805' data-av_iconfont='entypo-fontello' title='' data-avia-related-tooltip='Compartir por correo'><span class='avia_hidden_link_text'>Compartir por correo<\/span><\/a><\/li><\/ul><\/div><\/div>\n<div  style='height:50px' class='hr hr-invisible   avia-builder-el-8  el_after_av_social_share  el_before_av_comments_list '><span class='hr-inner ' ><span class='hr-inner-style'><\/span><\/span><\/div>\n<div  class='av-buildercomment  av-blog-meta-html-info-disabled av-blog-meta-tag-disabled  '><\/div>\n","protected":false},"excerpt":{"rendered":"","protected":false},"author":1,"featured_media":3890,"comment_status":"open","ping_status":"open","sticky":false,"template":"","format":"standard","meta":{"footnotes":""},"categories":[61],"tags":[],"class_list":["post-44100","post","type-post","status-publish","format-standard","has-post-thumbnail","hentry","category-nacional"],"jetpack_featured_media_url":"https:\/\/radiorevelacionfm.cl\/wp-content\/uploads\/2021\/05\/Billetes2-1-1.jpg","_links":{"self":[{"href":"https:\/\/radiorevelacionfm.cl\/index.php?rest_route=\/wp\/v2\/posts\/44100","targetHints":{"allow":["GET"]}}],"collection":[{"href":"https:\/\/radiorevelacionfm.cl\/index.php?rest_route=\/wp\/v2\/posts"}],"about":[{"href":"https:\/\/radiorevelacionfm.cl\/index.php?rest_route=\/wp\/v2\/types\/post"}],"author":[{"embeddable":true,"href":"https:\/\/radiorevelacionfm.cl\/index.php?rest_route=\/wp\/v2\/users\/1"}],"replies":[{"embeddable":true,"href":"https:\/\/radiorevelacionfm.cl\/index.php?rest_route=%2Fwp%2Fv2%2Fcomments&post=44100"}],"version-history":[{"count":1,"href":"https:\/\/radiorevelacionfm.cl\/index.php?rest_route=\/wp\/v2\/posts\/44100\/revisions"}],"predecessor-version":[{"id":44101,"href":"https:\/\/radiorevelacionfm.cl\/index.php?rest_route=\/wp\/v2\/posts\/44100\/revisions\/44101"}],"wp:featuredmedia":[{"embeddable":true,"href":"https:\/\/radiorevelacionfm.cl\/index.php?rest_route=\/wp\/v2\/media\/3890"}],"wp:attachment":[{"href":"https:\/\/radiorevelacionfm.cl\/index.php?rest_route=%2Fwp%2Fv2%2Fmedia&parent=44100"}],"wp:term":[{"taxonomy":"category","embeddable":true,"href":"https:\/\/radiorevelacionfm.cl\/index.php?rest_route=%2Fwp%2Fv2%2Fcategories&post=44100"},{"taxonomy":"post_tag","embeddable":true,"href":"https:\/\/radiorevelacionfm.cl\/index.php?rest_route=%2Fwp%2Fv2%2Ftags&post=44100"}],"curies":[{"name":"wp","href":"https:\/\/api.w.org\/{rel}","templated":true}]}}