{"id":44096,"date":"2024-07-11T15:55:51","date_gmt":"2024-07-11T18:55:51","guid":{"rendered":"https:\/\/radiorevelacionfm.cl\/?p=44096"},"modified":"2024-07-11T15:55:51","modified_gmt":"2024-07-11T18:55:51","slug":"comunidad-de-chile-chico-cuenta-con-diseno-final-para-construccion-y-mejoramiento-de-terminal-de-pasajeros","status":"publish","type":"post","link":"https:\/\/radiorevelacionfm.cl\/?p=44096","title":{"rendered":"Comunidad de Chile Chico cuenta con dise\u00f1o final para construcci\u00f3n y mejoramiento de terminal de pasajeros"},"content":{"rendered":"<div class=\"flex_column av_one_full  flex_column_div av-zero-column-padding first  avia-builder-el-0  el_before_av_one_full  avia-builder-el-first  \" style='border-radius:0px; '><div  class='avia-image-container  av-styling-    avia-builder-el-1  avia-builder-el-no-sibling  avia-align-center '  itemprop=\"image\" itemscope=\"itemscope\" itemtype=\"https:\/\/schema.org\/ImageObject\"  ><div class='avia-image-container-inner'><div class='avia-image-overlay-wrap'><img decoding=\"async\" class='wp-image-44098 avia-img-lazy-loading-not-44098 avia_image' src=\"https:\/\/radiorevelacionfm.cl\/wp-content\/uploads\/2024\/07\/imagen2-4-1_optimized.jpg\" alt='' title='imagen2-(4)-(1)_optimized' height=\"600\" width=\"1067\"  itemprop=\"thumbnailUrl\" srcset=\"https:\/\/radiorevelacionfm.cl\/wp-content\/uploads\/2024\/07\/imagen2-4-1_optimized.jpg 1067w, https:\/\/radiorevelacionfm.cl\/wp-content\/uploads\/2024\/07\/imagen2-4-1_optimized-300x169.jpg 300w, https:\/\/radiorevelacionfm.cl\/wp-content\/uploads\/2024\/07\/imagen2-4-1_optimized-1030x579.jpg 1030w, https:\/\/radiorevelacionfm.cl\/wp-content\/uploads\/2024\/07\/imagen2-4-1_optimized-768x432.jpg 768w, https:\/\/radiorevelacionfm.cl\/wp-content\/uploads\/2024\/07\/imagen2-4-1_optimized-705x396.jpg 705w, https:\/\/radiorevelacionfm.cl\/wp-content\/uploads\/2024\/07\/imagen2-4-1_optimized-450x253.jpg 450w, https:\/\/radiorevelacionfm.cl\/wp-content\/uploads\/2024\/07\/imagen2-4-1_optimized-600x337.jpg 600w\" sizes=\"(max-width: 1067px) 100vw, 1067px\" \/><\/div><\/div><\/div><\/div><div class=\"flex_column av_one_full  flex_column_div av-zero-column-padding first  avia-builder-el-2  el_after_av_one_full  el_before_av_one_full  column-top-margin\" style='border-radius:0px; '><section class=\"av_textblock_section \"  itemscope=\"itemscope\" itemtype=\"https:\/\/schema.org\/BlogPosting\" itemprop=\"blogPost\" ><div class='avia_textblock  '   itemprop=\"text\" ><p style=\"text-align: center;\"><strong><span style=\"font-size: 18pt;\">Comunidad de Chile Chico cuenta con dise\u00f1o final para construcci\u00f3n y mejoramiento de terminal de pasajeros<\/span><\/strong><\/p>\n<div id=\"gtx-trans\" style=\"position: absolute; left: -50px; top: 4.31534px;\">\n<div class=\"gtx-trans-icon\"><\/div>\n<\/div>\n<\/div><\/section><\/div><div class=\"flex_column av_one_full  flex_column_div av-zero-column-padding first  avia-builder-el-4  el_after_av_one_full  el_before_av_hr  column-top-margin\" style='border-radius:0px; '><section class=\"av_textblock_section \"  itemscope=\"itemscope\" itemtype=\"https:\/\/schema.org\/BlogPosting\" itemprop=\"blogPost\" ><div class='avia_textblock  '   itemprop=\"text\" ><p style=\"text-align: justify;\">Hasta Chile Chico viaj\u00f3 el Director Regional de Obras Portuarias del MOP, \u00c1lvaro D\u00edaz Contreras y equipo para \u00a0realizar la tercera reuni\u00f3n de participaci\u00f3n ciudadana del Dise\u00f1o final para construir y mejorar el Terminal de Pasajeros en la ciudad de Chile Chico.<\/p>\n<p style=\"text-align: justify;\">El Secretario Regional Ministerial de Obras P\u00fablicas (S), Francisco Real Bahamonde expres\u00f3 al respecto que \u201ccomo gobierno estamos abriendo diversos espacios para poder escuchar a las comunidades y uno de ellos es este, en donde efectuamos una reuni\u00f3n de participaci\u00f3n ciudadana para consolidar el trabajo que nuestra Direcci\u00f3n de Obras Portuarias viene realizando con la comunidad hace bastante tiempo y en donde las y los vecinos han tenido la posibilidad de enriquecer el proyecto con sus sugerencias, considerando las condiciones locales del territorio, as\u00ed que nuestros equipos se reunieron con ellos y se les dio a conocer el proyecto definitivo para construir y mejorar el Terminal de Pasajeros en Chile Chico. De esta forma, vamos a proveer a los y las habitantes de Chile Chico y turistas, de un Terminal de Pasajeros\/as para espera y resguardo, el que mejorar\u00e1 las condiciones de conectividad lacustre de la comunidad de Chile Chico\u201d.<\/p>\n<p style=\"text-align: justify;\">Con relaci\u00f3n al dise\u00f1o, el Director Regional de Obras Portuarias (DOP) del Ministerio de Obras P\u00fablicas, \u00c1lvaro D\u00edaz Contreras indic\u00f3 que \u201cEste es un Dise\u00f1o realizado en forma interna por nuestro equipo con apoyo del nivel central y en esta oportunidad se expres\u00f3 el resultado de los requerimientos que ha realizado la comunidad y las distintas instituciones que hacen uso hoy d\u00eda de la operaci\u00f3n del transporte entre Puerto Ib\u00e1\u00f1ez y Chile Chico. Es un proyecto que busca dar un espacio de resguardo a los pasajeros que hacen espera de la embarcaci\u00f3n y tambi\u00e9n considera distintas obras como estacionamientos vehiculares, iluminaci\u00f3n exterior, accesibilidad universal en todas sus instalaciones, calefacci\u00f3n, centro de venta de pasajes, custodia, oficina de administraci\u00f3n, sala de enfermer\u00eda, servicios higi\u00e9nicos, sistema de energizaci\u00f3n eficiente, instalaci\u00f3n de paneles solares para suministrar energ\u00eda al interior del Refugio, entre otros. Entonces, este Dise\u00f1o se fue abordando conjuntamente con la comunidad y hemos logrado dar soluci\u00f3n a los distintos requerimientos que los propios usuarios y usuarias nos han manifestado en este proceso, as\u00ed que estamos muy conformes con el resultado al que hemos llegado y esperamos seguir avanzando en este proyecto para que este a\u00f1o estemos licitando las obras con el objetivo de comenzar a ejecutar los trabajos durante el a\u00f1o 2025 y continuar el 2026\u201d, asegur\u00f3 el Directivo del MOP.<\/p>\n<p style=\"text-align: justify;\">Jaime Pradenas, dirigente social e integrante de la Uni\u00f3n Comunal de Juntas de Vecinos de Chile Chico nos coment\u00f3 que ellos, han tenido que convivir desde la pandemia con el no contar con un espacio. \u201cHay un edificio antiguo que se dej\u00f3 de usar. Entonces nosotros en estos momentos no contamos con un espacio f\u00edsico en el muelle, la venta de pasajes la est\u00e1n haciendo en el Terminal de Buses. Eso es lo que cambiar\u00eda con este nuevo edificio, que vamos a contar con todos esos servicios en un solo lugar. Esto es un apoyo tremendo para el turismo y va en ayuda de la comunidad\u201d, expres\u00f3.<\/p>\n<p style=\"text-align: justify;\">El dirigente social de Chile Chico, tambi\u00e9n indic\u00f3 \u201cestamos conformes con el dise\u00f1o. Cumple con las necesidades que nosotros hab\u00edamos planteado, como contar con un edificio que re\u00fana los servicios b\u00e1sicos que nosotros como residentes y los posibles turistas que lleguen a la localidad puedan necesitar; con espacios c\u00f3modos, con servicios normales de venta de pasajes, cafeter\u00eda, nosotros solicitamos que hubiera una enfermer\u00eda como primeros auxilios, v\u00edas de evacuaci\u00f3n, entrada universal y bueno la cafeter\u00eda en base al dise\u00f1o va a tener una vista espectacular, con ventanales que son completos, son grandes lo que nos da una buena presentaci\u00f3n para los posibles turistas que nos visiten. Entonces, estamos conformes con eso\u201d.<\/p>\n<\/div><\/section><\/div><div  style='height:50px' class='hr hr-invisible   avia-builder-el-6  el_after_av_one_full  el_before_av_social_share '><span class='hr-inner ' ><span class='hr-inner-style'><\/span><\/span><\/div><\/p>\n<div  class='av-social-sharing-box  avia-builder-el-7  el_after_av_hr  el_before_av_hr  '><div class='av-share-box'><h5 class='av-share-link-description av-no-toc '>Compartir esta noticia<\/h5><ul class='av-share-box-list noLightbox'><li class='av-share-link av-social-link-facebook' ><a target=\"_blank\" aria-label=\"Compartir en Facebook\" href='https:\/\/www.facebook.com\/sharer.php?u=https:\/\/radiorevelacionfm.cl\/?p=44096&#038;t=Comunidad%20de%20Chile%20Chico%20cuenta%20con%20dise%C3%B1o%20final%20para%20construcci%C3%B3n%20y%20mejoramiento%20de%20terminal%20de%20pasajeros' aria-hidden='false' data-av_icon='\ue8f3' data-av_iconfont='entypo-fontello' title='' data-avia-related-tooltip='Compartir en Facebook' rel=\"noopener\"><span class='avia_hidden_link_text'>Compartir en Facebook<\/span><\/a><\/li><li class='av-share-link av-social-link-twitter' ><a target=\"_blank\" aria-label=\"Compartir en Twitter\" href='https:\/\/twitter.com\/share?text=Comunidad%20de%20Chile%20Chico%20cuenta%20con%20dise%C3%B1o%20final%20para%20construcci%C3%B3n%20y%20mejoramiento%20de%20terminal%20de%20pasajeros&#038;url=https:\/\/radiorevelacionfm.cl\/?p=44096' aria-hidden='false' data-av_icon='\ue8f1' data-av_iconfont='entypo-fontello' title='' data-avia-related-tooltip='Compartir en Twitter' rel=\"noopener\"><span class='avia_hidden_link_text'>Compartir en Twitter<\/span><\/a><\/li><li class='av-share-link av-social-link-whatsapp' ><a target=\"_blank\" aria-label=\"Compartir en Whatsapp\" href='https:\/\/api.whatsapp.com\/send?text=https:\/\/radiorevelacionfm.cl\/?p=44096' aria-hidden='false' data-av_icon='\uf232' data-av_iconfont='entypo-fontello' title='' data-avia-related-tooltip='Compartir en Whatsapp' rel=\"noopener\"><span class='avia_hidden_link_text'>Compartir en Whatsapp<\/span><\/a><\/li><li class='av-share-link av-social-link-linkedin' ><a target=\"_blank\" aria-label=\"Compartir en LinkedIn\" href='https:\/\/linkedin.com\/shareArticle?mini=true&#038;title=Comunidad%20de%20Chile%20Chico%20cuenta%20con%20dise%C3%B1o%20final%20para%20construcci%C3%B3n%20y%20mejoramiento%20de%20terminal%20de%20pasajeros&#038;url=https:\/\/radiorevelacionfm.cl\/?p=44096' aria-hidden='false' data-av_icon='\ue8fc' data-av_iconfont='entypo-fontello' title='' data-avia-related-tooltip='Compartir en LinkedIn' rel=\"noopener\"><span class='avia_hidden_link_text'>Compartir en LinkedIn<\/span><\/a><\/li><li class='av-share-link av-social-link-mail' ><a  aria-label=\"Compartir por correo\" href='mailto:?subject=Comunidad%20de%20Chile%20Chico%20cuenta%20con%20dise%C3%B1o%20final%20para%20construcci%C3%B3n%20y%20mejoramiento%20de%20terminal%20de%20pasajeros&#038;body=https:\/\/radiorevelacionfm.cl\/?p=44096' aria-hidden='false' data-av_icon='\ue805' data-av_iconfont='entypo-fontello' title='' data-avia-related-tooltip='Compartir por correo'><span class='avia_hidden_link_text'>Compartir por correo<\/span><\/a><\/li><\/ul><\/div><\/div>\n<div  style='height:50px' class='hr hr-invisible   avia-builder-el-8  el_after_av_social_share  el_before_av_comments_list '><span class='hr-inner ' ><span class='hr-inner-style'><\/span><\/span><\/div>\n<div  class='av-buildercomment  av-blog-meta-html-info-disabled av-blog-meta-tag-disabled  '><\/div>\n","protected":false},"excerpt":{"rendered":"","protected":false},"author":1,"featured_media":44098,"comment_status":"open","ping_status":"open","sticky":false,"template":"","format":"standard","meta":{"footnotes":""},"categories":[38],"tags":[],"class_list":["post-44096","post","type-post","status-publish","format-standard","has-post-thumbnail","hentry","category-regional"],"jetpack_featured_media_url":"https:\/\/radiorevelacionfm.cl\/wp-content\/uploads\/2024\/07\/imagen2-4-1_optimized.jpg","_links":{"self":[{"href":"https:\/\/radiorevelacionfm.cl\/index.php?rest_route=\/wp\/v2\/posts\/44096","targetHints":{"allow":["GET"]}}],"collection":[{"href":"https:\/\/radiorevelacionfm.cl\/index.php?rest_route=\/wp\/v2\/posts"}],"about":[{"href":"https:\/\/radiorevelacionfm.cl\/index.php?rest_route=\/wp\/v2\/types\/post"}],"author":[{"embeddable":true,"href":"https:\/\/radiorevelacionfm.cl\/index.php?rest_route=\/wp\/v2\/users\/1"}],"replies":[{"embeddable":true,"href":"https:\/\/radiorevelacionfm.cl\/index.php?rest_route=%2Fwp%2Fv2%2Fcomments&post=44096"}],"version-history":[{"count":1,"href":"https:\/\/radiorevelacionfm.cl\/index.php?rest_route=\/wp\/v2\/posts\/44096\/revisions"}],"predecessor-version":[{"id":44099,"href":"https:\/\/radiorevelacionfm.cl\/index.php?rest_route=\/wp\/v2\/posts\/44096\/revisions\/44099"}],"wp:featuredmedia":[{"embeddable":true,"href":"https:\/\/radiorevelacionfm.cl\/index.php?rest_route=\/wp\/v2\/media\/44098"}],"wp:attachment":[{"href":"https:\/\/radiorevelacionfm.cl\/index.php?rest_route=%2Fwp%2Fv2%2Fmedia&parent=44096"}],"wp:term":[{"taxonomy":"category","embeddable":true,"href":"https:\/\/radiorevelacionfm.cl\/index.php?rest_route=%2Fwp%2Fv2%2Fcategories&post=44096"},{"taxonomy":"post_tag","embeddable":true,"href":"https:\/\/radiorevelacionfm.cl\/index.php?rest_route=%2Fwp%2Fv2%2Ftags&post=44096"}],"curies":[{"name":"wp","href":"https:\/\/api.w.org\/{rel}","templated":true}]}}