{"id":44093,"date":"2024-07-11T21:25:17","date_gmt":"2024-07-12T00:25:17","guid":{"rendered":"https:\/\/radiorevelacionfm.cl\/?p=44093"},"modified":"2024-07-11T21:25:17","modified_gmt":"2024-07-12T00:25:17","slug":"seremi-rodrigo-diaz-aumento-del-sueldo-minimo-se-enmarca-en-el-trabajo-decente-que-estamos-impulsando","status":"publish","type":"post","link":"https:\/\/radiorevelacionfm.cl\/?p=44093","title":{"rendered":"Seremi Rodrigo D\u00edaz: \u00abAumento del sueldo m\u00ednimo se enmarca en el trabajo decente que estamos impulsando\u00bb"},"content":{"rendered":"<div class=\"flex_column av_one_full  flex_column_div av-zero-column-padding first  avia-builder-el-0  el_before_av_one_full  avia-builder-el-first  \" style='border-radius:0px; '><div  class='avia-image-container  av-styling-    avia-builder-el-1  avia-builder-el-no-sibling  avia-align-center '  itemprop=\"image\" itemscope=\"itemscope\" itemtype=\"https:\/\/schema.org\/ImageObject\"  ><div class='avia-image-container-inner'><div class='avia-image-overlay-wrap'><img decoding=\"async\" class='wp-image-44094 avia-img-lazy-loading-not-44094 avia_image' src=\"https:\/\/radiorevelacionfm.cl\/wp-content\/uploads\/2024\/07\/AquaChile-2-1-1.jpeg\" alt='' title='AquaChile (2) (1) (1)' height=\"600\" width=\"800\"  itemprop=\"thumbnailUrl\" srcset=\"https:\/\/radiorevelacionfm.cl\/wp-content\/uploads\/2024\/07\/AquaChile-2-1-1.jpeg 800w, https:\/\/radiorevelacionfm.cl\/wp-content\/uploads\/2024\/07\/AquaChile-2-1-1-300x225.jpeg 300w, https:\/\/radiorevelacionfm.cl\/wp-content\/uploads\/2024\/07\/AquaChile-2-1-1-768x576.jpeg 768w, https:\/\/radiorevelacionfm.cl\/wp-content\/uploads\/2024\/07\/AquaChile-2-1-1-705x529.jpeg 705w, https:\/\/radiorevelacionfm.cl\/wp-content\/uploads\/2024\/07\/AquaChile-2-1-1-450x338.jpeg 450w, https:\/\/radiorevelacionfm.cl\/wp-content\/uploads\/2024\/07\/AquaChile-2-1-1-600x450.jpeg 600w\" sizes=\"(max-width: 800px) 100vw, 800px\" \/><\/div><\/div><\/div><\/div><div class=\"flex_column av_one_full  flex_column_div av-zero-column-padding first  avia-builder-el-2  el_after_av_one_full  el_before_av_one_full  column-top-margin\" style='border-radius:0px; '><section class=\"av_textblock_section \"  itemscope=\"itemscope\" itemtype=\"https:\/\/schema.org\/BlogPosting\" itemprop=\"blogPost\" ><div class='avia_textblock  '   itemprop=\"text\" ><p style=\"text-align: center;\"><span style=\"font-size: 18pt;\"><b>Seremi Rodrigo D\u00edaz: \u00abAumento del sueldo m\u00ednimo se enmarca en el trabajo decente que estamos impulsando\u00bb<\/b><\/span><\/p>\n<div id=\"gtx-trans\" style=\"position: absolute; left: -50px; top: 4.31534px;\">\n<div class=\"gtx-trans-icon\"><\/div>\n<\/div>\n<\/div><\/section><\/div><div class=\"flex_column av_one_full  flex_column_div av-zero-column-padding first  avia-builder-el-4  el_after_av_one_full  el_before_av_hr  column-top-margin\" style='border-radius:0px; '><section class=\"av_textblock_section \"  itemscope=\"itemscope\" itemtype=\"https:\/\/schema.org\/BlogPosting\" itemprop=\"blogPost\" ><div class='avia_textblock  '   itemprop=\"text\" ><p style=\"text-align: justify;\">A partir del 1 de julio de 2024 el sueldo m\u00ednimo aument\u00f3 a $500 mil, uno de los compromisos que ten\u00eda el Presidente Gabriel Boric en su plan de Gobierno y que se enmarca en el trabajo decente, as\u00ed lo destac\u00f3 el\u00a0<span lang=\"ES\">Seremi de Trabajo y Previsi\u00f3n Social, Rodrigo D\u00edaz Cordaro, en su reuni\u00f3n con una de las principales empresas del sector acu\u00edcola, AquaChile.<\/span><\/p>\n<p style=\"text-align: justify;\"><span lang=\"ES\">El Seremi Rodrigo D\u00edaz Cordaro afirm\u00f3, \u00abEl aumento del sueldo m\u00ednimo es uno de los compromisos cumplidos del Gobierno del Presidente Gabriel Boric y la mayor alza en 29 a\u00f1os en Chile, lo cual se enmarca en el trabajo decente para el buen vivir que lleva adelante el Ministerio de Trabajo y Previsi\u00f3n Social liderado por la Ministra Jeannette Jara, junto a otras iniciativas que se han aprobado, como la Ley Karin contra el acoso laboral, sexual y violencia en el trabajo, la Ley 40 Horas, la Ley de conciliaci\u00f3n de la vida personal, familiar y laboral, adem\u00e1s de la ratificaci\u00f3n del convenio 176 de seguridad y salud en las minas, entre otros. Esta serie de medidas tienen que tambi\u00e9n ir de la mano con el desarrollo de proyectos y de generaci\u00f3n de empleo en la regi\u00f3n, lo cual se est\u00e1 trabajando a trav\u00e9s de una agenda pro crecimiento\u00bb, afirm\u00f3.<\/span><\/p>\n<p style=\"text-align: justify;\"><span lang=\"ES\">El Seremi del Trabajo y Previsi\u00f3n Social agreg\u00f3 sobre el trabajo decente, \u00abEn la Provincia de Ays\u00e9n tenemos el sector productivo privado de la Regi\u00f3n de Ays\u00e9n, donde estamos en constante contacto con los sindicatos, con los gremios y las empresas, ya que hay una gran intenci\u00f3n por entregar trabajo de calidad en la l\u00ednea del trabajo decente. En la reuni\u00f3n que sostuvimos, por ejemplo, con AquaChile a inicios de mes, vemos c\u00f3mo hay una vinculaci\u00f3n con la comunidad, adem\u00e1s de abordar temas como la certificaci\u00f3n de competencias laborales de sus trabajadores por medio de ChileValora, la b\u00fasqueda de personas de la regi\u00f3n para sus cupos laborales, la intenci\u00f3n de levantar en conjunto a Sence una feria laboral del sector acu\u00edcola y pesquero, entregando trabajo con sueldos mayores al salario m\u00ednimo, cumpliendo con las normativas laborales\u00bb, asever\u00f3 el seremi Rodrigo D\u00edaz.<\/span><\/p>\n<p class=\"v1MsoNormal\" style=\"text-align: justify;\"><span lang=\"ES\">Por su parte, Luis Poblete, gerente de producci\u00f3n agua mar, Ays\u00e9n AquaChile, mencion\u00f3 \u00abEl aumento del salario m\u00ednimo en Chile se presenta como una oportunidad para aquellos trabajadores que se encuentran en esa condici\u00f3n, con el desaf\u00edo de mejorar la productividad, y que no se afecte el empleo. Hoy AquaChile no tiene trabajadores con salarios m\u00ednimos, y esperamos que estas medidas a nivel nacional se traduzcan en bienestar para los trabajadores m\u00e1s vulnerables de la regi\u00f3n y se pueda contener el desempleo. Un gran desaf\u00edo p\u00fablico y privado para los meses que vienen\u00bb.<\/span><\/p>\n<p class=\"v1MsoNormal\" style=\"text-align: justify;\"><span lang=\"ES\"><span class=\"v1gmail_default\"><b><u>Apoyo a mipymes<\/u><\/b><\/span><br \/>\n<\/span><\/p>\n<p class=\"v1MsoNormal\" style=\"text-align: justify;\"><span lang=\"ES\">Cabe recordar que, para las micro, peque\u00f1as y medianas empresas existe un subsidio, llegando ya en\u00a0<\/span>la Regi\u00f3n de Ays\u00e9n a 1.196 mipymes apoyadas. Los montos del subsidio vigentes desde julio de este a\u00f1o ser\u00e1n de $36.500 por trabajador para microempresas, de $23.500 para empresas peque\u00f1as y de $12.500 para empresas medianas. Para postular, se puede ingresar al sitio web del Servicio de Impuestos Internos\u00a0<a href=\"http:\/\/www.sii.cl\/\" target=\"_blank\" rel=\"noopener noreferrer\">www.sii.cl<\/a>\u00a0hasta el 20 de septiembre.<\/p>\n<p class=\"v1MsoNormal\" style=\"text-align: justify;\"><span lang=\"ES\">Entre los dem\u00e1s beneficios que abord\u00f3 la ley aprobada en el 2023, que regul\u00f3 el alza progresiva a $500 mil, est\u00e1n el reajuste del SUF y de la Asignaci\u00f3n Familiar; la extensi\u00f3n del Bolsillo Familiar Electr\u00f3nico desde diciembre de 2023 hasta 2024; y el aumento del tope y la extensi\u00f3n de la vigencia del subsidio mensual para alcanzar un Ingreso M\u00ednimo Garantizado.\u00a0<\/span><\/p>\n<\/div><\/section><\/div><div  style='height:50px' class='hr hr-invisible   avia-builder-el-6  el_after_av_one_full  el_before_av_social_share '><span class='hr-inner ' ><span class='hr-inner-style'><\/span><\/span><\/div><\/p>\n<div  class='av-social-sharing-box  avia-builder-el-7  el_after_av_hr  el_before_av_hr  '><div class='av-share-box'><h5 class='av-share-link-description av-no-toc '>Compartir esta noticia<\/h5><ul class='av-share-box-list noLightbox'><li class='av-share-link av-social-link-facebook' ><a target=\"_blank\" aria-label=\"Compartir en Facebook\" href='https:\/\/www.facebook.com\/sharer.php?u=https:\/\/radiorevelacionfm.cl\/?p=44093&#038;t=Seremi%20Rodrigo%20D%C3%ADaz%3A%20%C2%ABAumento%20del%20sueldo%20m%C3%ADnimo%20se%20enmarca%20en%20el%20trabajo%20decente%20que%20estamos%20impulsando%C2%BB' aria-hidden='false' data-av_icon='\ue8f3' data-av_iconfont='entypo-fontello' title='' data-avia-related-tooltip='Compartir en Facebook' rel=\"noopener\"><span class='avia_hidden_link_text'>Compartir en Facebook<\/span><\/a><\/li><li class='av-share-link av-social-link-twitter' ><a target=\"_blank\" aria-label=\"Compartir en Twitter\" href='https:\/\/twitter.com\/share?text=Seremi%20Rodrigo%20D%C3%ADaz%3A%20%C2%ABAumento%20del%20sueldo%20m%C3%ADnimo%20se%20enmarca%20en%20el%20trabajo%20decente%20que%20estamos%20impulsando%C2%BB&#038;url=https:\/\/radiorevelacionfm.cl\/?p=44093' aria-hidden='false' data-av_icon='\ue8f1' data-av_iconfont='entypo-fontello' title='' data-avia-related-tooltip='Compartir en Twitter' rel=\"noopener\"><span class='avia_hidden_link_text'>Compartir en Twitter<\/span><\/a><\/li><li class='av-share-link av-social-link-whatsapp' ><a target=\"_blank\" aria-label=\"Compartir en Whatsapp\" href='https:\/\/api.whatsapp.com\/send?text=https:\/\/radiorevelacionfm.cl\/?p=44093' aria-hidden='false' data-av_icon='\uf232' data-av_iconfont='entypo-fontello' title='' data-avia-related-tooltip='Compartir en Whatsapp' rel=\"noopener\"><span class='avia_hidden_link_text'>Compartir en Whatsapp<\/span><\/a><\/li><li class='av-share-link av-social-link-linkedin' ><a target=\"_blank\" aria-label=\"Compartir en LinkedIn\" href='https:\/\/linkedin.com\/shareArticle?mini=true&#038;title=Seremi%20Rodrigo%20D%C3%ADaz%3A%20%C2%ABAumento%20del%20sueldo%20m%C3%ADnimo%20se%20enmarca%20en%20el%20trabajo%20decente%20que%20estamos%20impulsando%C2%BB&#038;url=https:\/\/radiorevelacionfm.cl\/?p=44093' aria-hidden='false' data-av_icon='\ue8fc' data-av_iconfont='entypo-fontello' title='' data-avia-related-tooltip='Compartir en LinkedIn' rel=\"noopener\"><span class='avia_hidden_link_text'>Compartir en LinkedIn<\/span><\/a><\/li><li class='av-share-link av-social-link-mail' ><a  aria-label=\"Compartir por correo\" href='mailto:?subject=Seremi%20Rodrigo%20D%C3%ADaz%3A%20%C2%ABAumento%20del%20sueldo%20m%C3%ADnimo%20se%20enmarca%20en%20el%20trabajo%20decente%20que%20estamos%20impulsando%C2%BB&#038;body=https:\/\/radiorevelacionfm.cl\/?p=44093' aria-hidden='false' data-av_icon='\ue805' data-av_iconfont='entypo-fontello' title='' data-avia-related-tooltip='Compartir por correo'><span class='avia_hidden_link_text'>Compartir por correo<\/span><\/a><\/li><\/ul><\/div><\/div>\n<div  style='height:50px' class='hr hr-invisible   avia-builder-el-8  el_after_av_social_share  el_before_av_comments_list '><span class='hr-inner ' ><span class='hr-inner-style'><\/span><\/span><\/div>\n<div  class='av-buildercomment  av-blog-meta-html-info-disabled av-blog-meta-tag-disabled  '><\/div>\n","protected":false},"excerpt":{"rendered":"","protected":false},"author":1,"featured_media":44094,"comment_status":"open","ping_status":"open","sticky":false,"template":"","format":"standard","meta":{"footnotes":""},"categories":[56],"tags":[],"class_list":["post-44093","post","type-post","status-publish","format-standard","has-post-thumbnail","hentry","category-trabajo"],"jetpack_featured_media_url":"https:\/\/radiorevelacionfm.cl\/wp-content\/uploads\/2024\/07\/AquaChile-2-1-1.jpeg","_links":{"self":[{"href":"https:\/\/radiorevelacionfm.cl\/index.php?rest_route=\/wp\/v2\/posts\/44093","targetHints":{"allow":["GET"]}}],"collection":[{"href":"https:\/\/radiorevelacionfm.cl\/index.php?rest_route=\/wp\/v2\/posts"}],"about":[{"href":"https:\/\/radiorevelacionfm.cl\/index.php?rest_route=\/wp\/v2\/types\/post"}],"author":[{"embeddable":true,"href":"https:\/\/radiorevelacionfm.cl\/index.php?rest_route=\/wp\/v2\/users\/1"}],"replies":[{"embeddable":true,"href":"https:\/\/radiorevelacionfm.cl\/index.php?rest_route=%2Fwp%2Fv2%2Fcomments&post=44093"}],"version-history":[{"count":1,"href":"https:\/\/radiorevelacionfm.cl\/index.php?rest_route=\/wp\/v2\/posts\/44093\/revisions"}],"predecessor-version":[{"id":44095,"href":"https:\/\/radiorevelacionfm.cl\/index.php?rest_route=\/wp\/v2\/posts\/44093\/revisions\/44095"}],"wp:featuredmedia":[{"embeddable":true,"href":"https:\/\/radiorevelacionfm.cl\/index.php?rest_route=\/wp\/v2\/media\/44094"}],"wp:attachment":[{"href":"https:\/\/radiorevelacionfm.cl\/index.php?rest_route=%2Fwp%2Fv2%2Fmedia&parent=44093"}],"wp:term":[{"taxonomy":"category","embeddable":true,"href":"https:\/\/radiorevelacionfm.cl\/index.php?rest_route=%2Fwp%2Fv2%2Fcategories&post=44093"},{"taxonomy":"post_tag","embeddable":true,"href":"https:\/\/radiorevelacionfm.cl\/index.php?rest_route=%2Fwp%2Fv2%2Ftags&post=44093"}],"curies":[{"name":"wp","href":"https:\/\/api.w.org\/{rel}","templated":true}]}}