{"id":44090,"date":"2024-07-11T13:01:36","date_gmt":"2024-07-11T16:01:36","guid":{"rendered":"https:\/\/radiorevelacionfm.cl\/?p=44090"},"modified":"2024-07-11T13:01:36","modified_gmt":"2024-07-11T16:01:36","slug":"destacan-estudio-sobre-experiencias-de-mujeres-cuidadoras-de-personas-con-discapacidad-y-dependencia-severa","status":"publish","type":"post","link":"https:\/\/radiorevelacionfm.cl\/?p=44090","title":{"rendered":"Destacan estudio sobre experiencias de mujeres cuidadoras de personas con discapacidad y dependencia severa"},"content":{"rendered":"<div class=\"flex_column av_one_full  flex_column_div av-zero-column-padding first  avia-builder-el-0  el_before_av_one_full  avia-builder-el-first  \" style='border-radius:0px; '><div  class='avia-image-container  av-styling-    avia-builder-el-1  avia-builder-el-no-sibling  avia-align-center '  itemprop=\"image\" itemscope=\"itemscope\" itemtype=\"https:\/\/schema.org\/ImageObject\"  ><div class='avia-image-container-inner'><div class='avia-image-overlay-wrap'><img decoding=\"async\" class='wp-image-44091 avia-img-lazy-loading-not-44091 avia_image' src=\"https:\/\/radiorevelacionfm.cl\/wp-content\/uploads\/2024\/07\/whatsapp-image-2024-07-10-at-12_optimized.52.02-1.jpeg\" alt='' title='whatsapp-image-2024-07-10-at-12_optimized.52.02-(1)' height=\"600\" width=\"800\"  itemprop=\"thumbnailUrl\" srcset=\"https:\/\/radiorevelacionfm.cl\/wp-content\/uploads\/2024\/07\/whatsapp-image-2024-07-10-at-12_optimized.52.02-1.jpeg 800w, https:\/\/radiorevelacionfm.cl\/wp-content\/uploads\/2024\/07\/whatsapp-image-2024-07-10-at-12_optimized.52.02-1-300x225.jpeg 300w, https:\/\/radiorevelacionfm.cl\/wp-content\/uploads\/2024\/07\/whatsapp-image-2024-07-10-at-12_optimized.52.02-1-768x576.jpeg 768w, https:\/\/radiorevelacionfm.cl\/wp-content\/uploads\/2024\/07\/whatsapp-image-2024-07-10-at-12_optimized.52.02-1-705x529.jpeg 705w, https:\/\/radiorevelacionfm.cl\/wp-content\/uploads\/2024\/07\/whatsapp-image-2024-07-10-at-12_optimized.52.02-1-450x338.jpeg 450w, https:\/\/radiorevelacionfm.cl\/wp-content\/uploads\/2024\/07\/whatsapp-image-2024-07-10-at-12_optimized.52.02-1-600x450.jpeg 600w\" sizes=\"(max-width: 800px) 100vw, 800px\" \/><\/div><\/div><\/div><\/div><div class=\"flex_column av_one_full  flex_column_div av-zero-column-padding first  avia-builder-el-2  el_after_av_one_full  el_before_av_one_full  column-top-margin\" style='border-radius:0px; '><section class=\"av_textblock_section \"  itemscope=\"itemscope\" itemtype=\"https:\/\/schema.org\/BlogPosting\" itemprop=\"blogPost\" ><div class='avia_textblock  '   itemprop=\"text\" ><p style=\"text-align: center;\"><strong><span style=\"font-size: 18pt;\">Destacan estudio sobre experiencias de mujeres cuidadoras de personas con discapacidad y dependencia severa<\/span><\/strong><\/p>\n<div id=\"gtx-trans\" style=\"position: absolute; left: -50px; top: 4.31534px;\">\n<div class=\"gtx-trans-icon\"><\/div>\n<\/div>\n<\/div><\/section><\/div><div class=\"flex_column av_one_full  flex_column_div av-zero-column-padding first  avia-builder-el-4  el_after_av_one_full  el_before_av_hr  column-top-margin\" style='border-radius:0px; '><section class=\"av_textblock_section \"  itemscope=\"itemscope\" itemtype=\"https:\/\/schema.org\/BlogPosting\" itemprop=\"blogPost\" ><div class='avia_textblock  '   itemprop=\"text\" ><p style=\"text-align: justify;\">En el marco de la implementaci\u00f3n \u201cChile Cuida\u201d, el Sistema Nacional de Apoyos y Cuidados, la ministra de la Mujer y la Equidad de G\u00e9nero, Antonia Orellana Guarello, present\u00f3 los resultados de un estudio cualitativo sobre las experiencias de mujeres que realizan trabajo de cuidados no remunerados a personas con discapacidad o dependencia severa.<\/p>\n<p style=\"text-align: justify;\">A partir de esta investigaci\u00f3n se identificaron diversas necesidades de las cuidadoras que est\u00e1n estrechamente relacionadas con su rol, tales como la falta de reconocimiento de su trabajo, la escasez de relevo para la realizaci\u00f3n de tareas del d\u00eda a d\u00eda, la ausencia de proyecto de vida personal y la necesidad de capacitaci\u00f3n id\u00f3nea.<\/p>\n<p style=\"text-align: justify;\">Adem\u00e1s, en la investigaci\u00f3n se relevaron algunos de los efectos que ellas manifiestan en su salud f\u00edsica y mental, as\u00ed como tambi\u00e9n tem\u00e1ticas relativas al aislamiento social derivado de la falta de tiempo para relacionarse con otras personas, como amigos y vecinos.<\/p>\n<p style=\"text-align: justify;\">\u201cSabemos la importancia que tiene la Ley que crea el Sistema Nacional de Apoyos y Cuidados, especialmente porque otorga derechos y reconocimiento a personas que son cuidadoras y que hasta ahora han estado en el anonimato. Esto nos permite visibilizar su quehacer. De esta manera, el levantamiento de informaci\u00f3n real, a trav\u00e9s este este estudio, otorga consistencia y, sobre todo, formalidad, para que efectivamente estas pol\u00edticas p\u00fablicas se implementen de la mejor manera\u201d.<\/p>\n<p style=\"text-align: justify;\">\u201cEstamos conscientes que estas deben ser una respuesta concreta a las necesidades de las chilenas. Es por eso que, adem\u00e1s, destacamos la creaci\u00f3n de los 100 Centros Comunitarios de Cuidado que se inaugurar\u00e1n en nuestro Gobierno, permitiendo cubrir la necesidad de espacio, y expansi\u00f3n de la red local de apoyo\u201d, Indic\u00f3 la Seremi de la Mujer y la Equidad de G\u00e9nero (S), Isabel Garrido Cassasa.<\/p>\n<p style=\"text-align: justify;\">Por su parte, Lylian Mires, jefa de la Divisi\u00f3n de Estudios y Capacitaci\u00f3n del Ministerio de la Mujer y la Equidad de G\u00e9nero, destac\u00f3 que, dentro de los resultados de este estudio, el deterioro de la salud f\u00edsica y mental de las cuidadoras, adem\u00e1s de la alta carga de trabajo de quienes realizan estas tareas. \u201cHay una gran demanda de reconocer este trabajo y darle la visibilidad necesaria, pero fundamentalmente como un trabajo pesado, con todo lo que ello implica\u201d, se\u00f1al\u00f3.<\/p>\n<p style=\"text-align: justify;\"><strong>Resultados del estudio<\/strong><\/p>\n<p style=\"text-align: justify;\">De acuerdo con los resultados de este estudio, la experiencia de cuidar es una experiencia de vida. En promedio, las mujeres que participaron del estudio han cuidado de personas con discapacidad severa (PcDDS) por 10,2 a\u00f1os y hay un <strong>n\u00famero significativo de mujeres que comenzaron a cuidar desde la infancia<\/strong> (a partir de los 10 a\u00f1os, aproximadamente), a sus hermanos, a sus padres -incluso- o a sus abuelos.<\/p>\n<p style=\"text-align: justify;\">En algunos casos, ellas se han hecho cargo, de manera sucesiva o combinada, del cuidado de hermanas, hijos, nietos y esposos, desarrollando una trayectoria de vida totalmente abocada al cuidado de otras personas. As\u00ed, su vida completa ha estado supeditada al trabajo de cuidados no remunerados y la vida personal no logra hacerse un lugar diferenciado y diferenciable.<\/p>\n<p style=\"text-align: justify;\">El trabajo de cuidados asumido en edades tempranas afecta la continuidad de estudios t\u00e9cnico-superiores y con ello las posibilidades de empleabilidad futura en condiciones laborales que permitan una buena calidad de vida. Asimismo, largos per\u00edodos fuera del mundo laboral implican p\u00e9rdida de competencias y de trayectorias demostrables para reinsertarse.<\/p>\n<p style=\"text-align: justify;\">Las conclusiones de esta investigaci\u00f3n tambi\u00e9n subrayan c\u00f3mo el rol del cuidado afecta las rutinas diarias y la distribuci\u00f3n del tiempo entre las mujeres que lo desempe\u00f1an.<\/p>\n<p style=\"text-align: justify;\">El trabajo de cuidados tambi\u00e9n incide en su salud de manera significativa. En ese sentido, del total de cuidadoras entrevistadas, el 33.3% reconoce enfrentar problemas de salud f\u00edsica, mientras que el 70.8% declara tener dificultades de salud mental.<\/p>\n<p style=\"text-align: justify;\">En conclusi\u00f3n, este panorama genera que a las cuidadoras les resulte complejo visualizar el futuro y plantearse un proyecto vital sin el actual trabajo de cuidados. \u201cLa inmediatez y la sobrecarga del d\u00eda a d\u00eda, la falta de certidumbre respecto a la evoluci\u00f3n de la o las personas cuidadas, la ansiedad y el temor por la potencial p\u00e9rdida o por la posibilidad de dejar al destinatario del cuidado en la desprotecci\u00f3n, y el despoblamiento de la vida presente de todo aquello que no sea los cuidados, despoja a las mujeres cuidadoras de un proyecto personal\u201d, revela el estudio.<\/p>\n<p style=\"text-align: justify;\">Este estudio ser\u00e1 un insumo para la implementaci\u00f3n de Chile Cuida y para la tramitaci\u00f3n del proyecto de Ley que crea el Sistema Nacional de Cuidados, que comenz\u00f3 su tramitaci\u00f3n en el Congreso a mediados de junio y que busca dar respuesta a las necesidades de las m\u00e1s de 700.000 personas que desempe\u00f1an este rol en todo el pa\u00eds.<\/p>\n<p style=\"text-align: justify;\">La investigaci\u00f3n -cuyo trabajo de campo se desarroll\u00f3 entre enero y febrero de 2024- cont\u00f3 la participaci\u00f3n de 24 mujeres a quienes se les entrevist\u00f3 en profundidad para comprender sus perspectivas entorno a esta responsabilidad y la incidencia de este trabajo en su autonom\u00eda econ\u00f3mica y expectativas de vida futura.<\/p>\n<p style=\"text-align: justify;\">Revisa el estudio completo en <a href=\"https:\/\/minmujeryeg.gob.cl\/\">https:\/\/minmujeryeg.gob.cl\/<\/a><\/p>\n<\/div><\/section><\/div><div  style='height:50px' class='hr hr-invisible   avia-builder-el-6  el_after_av_one_full  el_before_av_social_share '><span class='hr-inner ' ><span class='hr-inner-style'><\/span><\/span><\/div><\/p>\n<div  class='av-social-sharing-box  avia-builder-el-7  el_after_av_hr  el_before_av_hr  '><div class='av-share-box'><h5 class='av-share-link-description av-no-toc '>Compartir esta noticia<\/h5><ul class='av-share-box-list noLightbox'><li class='av-share-link av-social-link-facebook' ><a target=\"_blank\" aria-label=\"Compartir en Facebook\" href='https:\/\/www.facebook.com\/sharer.php?u=https:\/\/radiorevelacionfm.cl\/?p=44090&#038;t=Destacan%20estudio%20sobre%20experiencias%20de%20mujeres%20cuidadoras%20de%20personas%20con%20discapacidad%20y%20dependencia%20severa' aria-hidden='false' data-av_icon='\ue8f3' data-av_iconfont='entypo-fontello' title='' data-avia-related-tooltip='Compartir en Facebook' rel=\"noopener\"><span class='avia_hidden_link_text'>Compartir en Facebook<\/span><\/a><\/li><li class='av-share-link av-social-link-twitter' ><a target=\"_blank\" aria-label=\"Compartir en Twitter\" href='https:\/\/twitter.com\/share?text=Destacan%20estudio%20sobre%20experiencias%20de%20mujeres%20cuidadoras%20de%20personas%20con%20discapacidad%20y%20dependencia%20severa&#038;url=https:\/\/radiorevelacionfm.cl\/?p=44090' aria-hidden='false' data-av_icon='\ue8f1' data-av_iconfont='entypo-fontello' title='' data-avia-related-tooltip='Compartir en Twitter' rel=\"noopener\"><span class='avia_hidden_link_text'>Compartir en Twitter<\/span><\/a><\/li><li class='av-share-link av-social-link-whatsapp' ><a target=\"_blank\" aria-label=\"Compartir en Whatsapp\" href='https:\/\/api.whatsapp.com\/send?text=https:\/\/radiorevelacionfm.cl\/?p=44090' aria-hidden='false' data-av_icon='\uf232' data-av_iconfont='entypo-fontello' title='' data-avia-related-tooltip='Compartir en Whatsapp' rel=\"noopener\"><span class='avia_hidden_link_text'>Compartir en Whatsapp<\/span><\/a><\/li><li class='av-share-link av-social-link-linkedin' ><a target=\"_blank\" aria-label=\"Compartir en LinkedIn\" href='https:\/\/linkedin.com\/shareArticle?mini=true&#038;title=Destacan%20estudio%20sobre%20experiencias%20de%20mujeres%20cuidadoras%20de%20personas%20con%20discapacidad%20y%20dependencia%20severa&#038;url=https:\/\/radiorevelacionfm.cl\/?p=44090' aria-hidden='false' data-av_icon='\ue8fc' data-av_iconfont='entypo-fontello' title='' data-avia-related-tooltip='Compartir en LinkedIn' rel=\"noopener\"><span class='avia_hidden_link_text'>Compartir en LinkedIn<\/span><\/a><\/li><li class='av-share-link av-social-link-mail' ><a  aria-label=\"Compartir por correo\" href='mailto:?subject=Destacan%20estudio%20sobre%20experiencias%20de%20mujeres%20cuidadoras%20de%20personas%20con%20discapacidad%20y%20dependencia%20severa&#038;body=https:\/\/radiorevelacionfm.cl\/?p=44090' aria-hidden='false' data-av_icon='\ue805' data-av_iconfont='entypo-fontello' title='' data-avia-related-tooltip='Compartir por correo'><span class='avia_hidden_link_text'>Compartir por correo<\/span><\/a><\/li><\/ul><\/div><\/div>\n<div  style='height:50px' class='hr hr-invisible   avia-builder-el-8  el_after_av_social_share  el_before_av_comments_list '><span class='hr-inner ' ><span class='hr-inner-style'><\/span><\/span><\/div>\n<div  class='av-buildercomment  av-blog-meta-html-info-disabled av-blog-meta-tag-disabled  '><\/div>\n","protected":false},"excerpt":{"rendered":"","protected":false},"author":1,"featured_media":44091,"comment_status":"open","ping_status":"open","sticky":false,"template":"","format":"standard","meta":{"footnotes":""},"categories":[38],"tags":[],"class_list":["post-44090","post","type-post","status-publish","format-standard","has-post-thumbnail","hentry","category-regional"],"jetpack_featured_media_url":"https:\/\/radiorevelacionfm.cl\/wp-content\/uploads\/2024\/07\/whatsapp-image-2024-07-10-at-12_optimized.52.02-1.jpeg","_links":{"self":[{"href":"https:\/\/radiorevelacionfm.cl\/index.php?rest_route=\/wp\/v2\/posts\/44090","targetHints":{"allow":["GET"]}}],"collection":[{"href":"https:\/\/radiorevelacionfm.cl\/index.php?rest_route=\/wp\/v2\/posts"}],"about":[{"href":"https:\/\/radiorevelacionfm.cl\/index.php?rest_route=\/wp\/v2\/types\/post"}],"author":[{"embeddable":true,"href":"https:\/\/radiorevelacionfm.cl\/index.php?rest_route=\/wp\/v2\/users\/1"}],"replies":[{"embeddable":true,"href":"https:\/\/radiorevelacionfm.cl\/index.php?rest_route=%2Fwp%2Fv2%2Fcomments&post=44090"}],"version-history":[{"count":1,"href":"https:\/\/radiorevelacionfm.cl\/index.php?rest_route=\/wp\/v2\/posts\/44090\/revisions"}],"predecessor-version":[{"id":44092,"href":"https:\/\/radiorevelacionfm.cl\/index.php?rest_route=\/wp\/v2\/posts\/44090\/revisions\/44092"}],"wp:featuredmedia":[{"embeddable":true,"href":"https:\/\/radiorevelacionfm.cl\/index.php?rest_route=\/wp\/v2\/media\/44091"}],"wp:attachment":[{"href":"https:\/\/radiorevelacionfm.cl\/index.php?rest_route=%2Fwp%2Fv2%2Fmedia&parent=44090"}],"wp:term":[{"taxonomy":"category","embeddable":true,"href":"https:\/\/radiorevelacionfm.cl\/index.php?rest_route=%2Fwp%2Fv2%2Fcategories&post=44090"},{"taxonomy":"post_tag","embeddable":true,"href":"https:\/\/radiorevelacionfm.cl\/index.php?rest_route=%2Fwp%2Fv2%2Ftags&post=44090"}],"curies":[{"name":"wp","href":"https:\/\/api.w.org\/{rel}","templated":true}]}}