{"id":44087,"date":"2024-07-11T11:27:38","date_gmt":"2024-07-11T14:27:38","guid":{"rendered":"https:\/\/radiorevelacionfm.cl\/?p=44087"},"modified":"2024-07-11T11:27:38","modified_gmt":"2024-07-11T14:27:38","slug":"exitosa-jornada-de-minvu-en-terreno-en-villa-divisadero-de-coyhaique","status":"publish","type":"post","link":"https:\/\/radiorevelacionfm.cl\/?p=44087","title":{"rendered":"Exitosa jornada de &#8216;Minvu en Terreno&#8217; en Villa Divisadero de Coyhaique"},"content":{"rendered":"<div class=\"flex_column av_one_full  flex_column_div av-zero-column-padding first  avia-builder-el-0  el_before_av_one_full  avia-builder-el-first  \" style='border-radius:0px; '><div  class='avia-image-container  av-styling-    avia-builder-el-1  avia-builder-el-no-sibling  avia-align-center '  itemprop=\"image\" itemscope=\"itemscope\" itemtype=\"https:\/\/schema.org\/ImageObject\"  ><div class='avia-image-container-inner'><div class='avia-image-overlay-wrap'><img decoding=\"async\" class='wp-image-44088 avia-img-lazy-loading-not-44088 avia_image' src=\"https:\/\/radiorevelacionfm.cl\/wp-content\/uploads\/2024\/07\/img_20240706_163723887_hdr-1_optimized.jpg\" alt='' title='img_20240706_163723887_hdr-(1)_optimized' height=\"600\" width=\"1067\"  itemprop=\"thumbnailUrl\" srcset=\"https:\/\/radiorevelacionfm.cl\/wp-content\/uploads\/2024\/07\/img_20240706_163723887_hdr-1_optimized.jpg 1067w, https:\/\/radiorevelacionfm.cl\/wp-content\/uploads\/2024\/07\/img_20240706_163723887_hdr-1_optimized-300x169.jpg 300w, https:\/\/radiorevelacionfm.cl\/wp-content\/uploads\/2024\/07\/img_20240706_163723887_hdr-1_optimized-1030x579.jpg 1030w, https:\/\/radiorevelacionfm.cl\/wp-content\/uploads\/2024\/07\/img_20240706_163723887_hdr-1_optimized-768x432.jpg 768w, https:\/\/radiorevelacionfm.cl\/wp-content\/uploads\/2024\/07\/img_20240706_163723887_hdr-1_optimized-705x396.jpg 705w, https:\/\/radiorevelacionfm.cl\/wp-content\/uploads\/2024\/07\/img_20240706_163723887_hdr-1_optimized-450x253.jpg 450w, https:\/\/radiorevelacionfm.cl\/wp-content\/uploads\/2024\/07\/img_20240706_163723887_hdr-1_optimized-600x337.jpg 600w\" sizes=\"(max-width: 1067px) 100vw, 1067px\" \/><\/div><\/div><\/div><\/div><div class=\"flex_column av_one_full  flex_column_div av-zero-column-padding first  avia-builder-el-2  el_after_av_one_full  el_before_av_one_full  column-top-margin\" style='border-radius:0px; '><section class=\"av_textblock_section \"  itemscope=\"itemscope\" itemtype=\"https:\/\/schema.org\/BlogPosting\" itemprop=\"blogPost\" ><div class='avia_textblock  '   itemprop=\"text\" ><p style=\"text-align: center;\"><strong><span style=\"font-size: 18pt;\">Exitosa jornada de &#8216;Minvu en Terreno&#8217; en Villa Divisadero de Coyhaique<\/span><\/strong><\/p>\n<div id=\"gtx-trans\" style=\"position: absolute; left: -50px; top: 4.31534px;\">\n<div class=\"gtx-trans-icon\"><\/div>\n<\/div>\n<\/div><\/section><\/div><div class=\"flex_column av_one_full  flex_column_div av-zero-column-padding first  avia-builder-el-4  el_after_av_one_full  el_before_av_hr  column-top-margin\" style='border-radius:0px; '><section class=\"av_textblock_section \"  itemscope=\"itemscope\" itemtype=\"https:\/\/schema.org\/BlogPosting\" itemprop=\"blogPost\" ><div class='avia_textblock  '   itemprop=\"text\" ><p style=\"text-align: justify;\">La edici\u00f3n 2024 de \u00abMinvu en Terreno\u00bb, que se realiz\u00f3 el pasado s\u00e1bado 6 de julio en la Sede Social de la Junta de Vecinos Cerro Divisadero, en la comuna de Coyhaique, cont\u00f3 con una alta convocatoria de participantes y la participaci\u00f3n de diversos servicios p\u00fablicos. El evento cont\u00f3 con la presencia de la Secretaria Regional Ministerial de Vivienda y Urbanismo de la regi\u00f3n de Ays\u00e9n, Paulina Ruz Delf\u00edn, y el Director del Servicio de Vivienda y Urbanizaci\u00f3n de la Regi\u00f3n de Ays\u00e9n, V\u00edctor Contreras Oyarzo.<\/p>\n<p style=\"text-align: justify;\">El evento reuni\u00f3 a una variedad de servicios como Direcci\u00f3n De Desarrollo Comunitario de la Municipalidad de Coyhaique, Carabineros de Chile, Secretar\u00eda Regional Ministerial de Gobierno, Direcci\u00f3n De Seguridad P\u00fablica Regional, Servicio de Migraciones de la Direcci\u00f3n De Seguridad P\u00fablica Regional, Secretar\u00eda Regional Ministerial del Trabajo y Previsi\u00f3n Social, Secretar\u00eda Regional Ministerial de Justicia, Secretar\u00eda Regional Ministerial de Salud y Oficina De Informaciones, Reclamos Y Sugerencias (OIRS) del Servicio de Vivienda y Urbanizaci\u00f3n Ays\u00e9n. Esta actividad busca acercar la oferta program\u00e1tica de distintas entidades gubernamentales de inter\u00e9s de las familias del sector y con principal enfoque a las familias pertenecientes a los Campamentos Galp\u00f3n Municipal y Divisadero Oriente de Coyhaique.<\/p>\n<p style=\"text-align: justify;\">La Secretar\u00eda Regional Ministerial de Vivienda coment\u00f3 que \u201cla convocatoria nos ha sorprendido positivamente, (\u2026) esto evidencia la necesidad que existe de que los servicios nos acerquemos a la comunidad\u201d, agregando tambi\u00e9n que, \u201cNosotros desde el Ministerio de Vivienda y Urbanismo, con este Minvu en Terreno, nos comprometemos con las familias a seguir realizando este tipo de actividades\u201d.<\/p>\n<p style=\"text-align: justify;\">Por su parte, la encargada regional del \u201cPrograma de Asentamientos Precarios\u201d o \u201cCampamentos\u201d de Servicio de Vivienda y Urbanizaci\u00f3n de la Regi\u00f3n de Ays\u00e9n, Isis Pizarro, manifest\u00f3 que es \u201cS\u00faper importante potenciar el tejido social de los dirigentes, de la comunidad, poder acercar los servicios p\u00fablicos con su oferta program\u00e1tica a los campamentos, a las familias que, a veces, no tienen conocimiento de los programas que tiene el Estado y el Ministerio\u201d, mientras que termin\u00f3 expresando que en la edici\u00f3n de este a\u00f1o se pudo ver a muchos servicios p\u00fablicos que anteriormente no hab\u00edan estado presentes.<\/p>\n<p style=\"text-align: justify;\">La Presidenta de la Junta de Vecinos de Villa Divisadero, Edith Alarc\u00f3n, no escondi\u00f3 su felicidad con respecto al evento que se estaba llevando a cabo, a\u00f1adiendo que a ella le pareci\u00f3 \u201cExcelente que tengamos Minvu en Terreno, ya que hay mucha necesidad en la comunidad de Villa Divisadero y tambi\u00e9n en el sector de las tomas de Galp\u00f3n Municipal y del comit\u00e9 Esperanza Patagona\u201d.<\/p>\n<p style=\"text-align: justify;\">Esta actividad, impulsada por la Unidad de Asentamientos Precarios del Servicio de Vivienda y Urbanizaci\u00f3n de la Regi\u00f3n de Ays\u00e9n en conjunto con la Secretar\u00eda Regional Ministerial de Vivienda, transforma \u201cMINVU en Terreno\u201d en una herramienta para acercar las necesidades de las personas de nuestro territorio a los Servicios P\u00fablicos del Estado. De la misma manera, quiere instalarse como una instancia de participaci\u00f3n ciudadana, donde sea posible comunicar a los ciudadanos las distintas medidas que est\u00e1 aplicando el Gobierno, y tambi\u00e9n realizar consultas que sirvan para lograr el levantamiento de necesidades que existen en las familias, promoviendo el ejercicio del derecho de acceder a la informaci\u00f3n, tanto por parte de las personas, por medio de una respuesta oportuna, certera y eficaz, como por parte de las instituciones y servicios p\u00fablicos.<\/p>\n<\/div><\/section><\/div><div  style='height:50px' class='hr hr-invisible   avia-builder-el-6  el_after_av_one_full  el_before_av_social_share '><span class='hr-inner ' ><span class='hr-inner-style'><\/span><\/span><\/div><\/p>\n<div  class='av-social-sharing-box  avia-builder-el-7  el_after_av_hr  el_before_av_hr  '><div class='av-share-box'><h5 class='av-share-link-description av-no-toc '>Compartir esta noticia<\/h5><ul class='av-share-box-list noLightbox'><li class='av-share-link av-social-link-facebook' ><a target=\"_blank\" aria-label=\"Compartir en Facebook\" href='https:\/\/www.facebook.com\/sharer.php?u=https:\/\/radiorevelacionfm.cl\/?p=44087&#038;t=Exitosa%20jornada%20de%20%E2%80%98Minvu%20en%20Terreno%E2%80%99%20en%20Villa%20Divisadero%20de%20Coyhaique' aria-hidden='false' data-av_icon='\ue8f3' data-av_iconfont='entypo-fontello' title='' data-avia-related-tooltip='Compartir en Facebook' rel=\"noopener\"><span class='avia_hidden_link_text'>Compartir en Facebook<\/span><\/a><\/li><li class='av-share-link av-social-link-twitter' ><a target=\"_blank\" aria-label=\"Compartir en Twitter\" href='https:\/\/twitter.com\/share?text=Exitosa%20jornada%20de%20%E2%80%98Minvu%20en%20Terreno%E2%80%99%20en%20Villa%20Divisadero%20de%20Coyhaique&#038;url=https:\/\/radiorevelacionfm.cl\/?p=44087' aria-hidden='false' data-av_icon='\ue8f1' data-av_iconfont='entypo-fontello' title='' data-avia-related-tooltip='Compartir en Twitter' rel=\"noopener\"><span class='avia_hidden_link_text'>Compartir en Twitter<\/span><\/a><\/li><li class='av-share-link av-social-link-whatsapp' ><a target=\"_blank\" aria-label=\"Compartir en Whatsapp\" href='https:\/\/api.whatsapp.com\/send?text=https:\/\/radiorevelacionfm.cl\/?p=44087' aria-hidden='false' data-av_icon='\uf232' data-av_iconfont='entypo-fontello' title='' data-avia-related-tooltip='Compartir en Whatsapp' rel=\"noopener\"><span class='avia_hidden_link_text'>Compartir en Whatsapp<\/span><\/a><\/li><li class='av-share-link av-social-link-linkedin' ><a target=\"_blank\" aria-label=\"Compartir en LinkedIn\" href='https:\/\/linkedin.com\/shareArticle?mini=true&#038;title=Exitosa%20jornada%20de%20%E2%80%98Minvu%20en%20Terreno%E2%80%99%20en%20Villa%20Divisadero%20de%20Coyhaique&#038;url=https:\/\/radiorevelacionfm.cl\/?p=44087' aria-hidden='false' data-av_icon='\ue8fc' data-av_iconfont='entypo-fontello' title='' data-avia-related-tooltip='Compartir en LinkedIn' rel=\"noopener\"><span class='avia_hidden_link_text'>Compartir en LinkedIn<\/span><\/a><\/li><li class='av-share-link av-social-link-mail' ><a  aria-label=\"Compartir por correo\" href='mailto:?subject=Exitosa%20jornada%20de%20%E2%80%98Minvu%20en%20Terreno%E2%80%99%20en%20Villa%20Divisadero%20de%20Coyhaique&#038;body=https:\/\/radiorevelacionfm.cl\/?p=44087' aria-hidden='false' data-av_icon='\ue805' data-av_iconfont='entypo-fontello' title='' data-avia-related-tooltip='Compartir por correo'><span class='avia_hidden_link_text'>Compartir por correo<\/span><\/a><\/li><\/ul><\/div><\/div>\n<div  style='height:50px' class='hr hr-invisible   avia-builder-el-8  el_after_av_social_share  el_before_av_comments_list '><span class='hr-inner ' ><span class='hr-inner-style'><\/span><\/span><\/div>\n<div  class='av-buildercomment  av-blog-meta-html-info-disabled av-blog-meta-tag-disabled  '><\/div>\n","protected":false},"excerpt":{"rendered":"","protected":false},"author":1,"featured_media":44088,"comment_status":"open","ping_status":"open","sticky":false,"template":"","format":"standard","meta":{"footnotes":""},"categories":[57],"tags":[],"class_list":["post-44087","post","type-post","status-publish","format-standard","has-post-thumbnail","hentry","category-vivienda"],"jetpack_featured_media_url":"https:\/\/radiorevelacionfm.cl\/wp-content\/uploads\/2024\/07\/img_20240706_163723887_hdr-1_optimized.jpg","_links":{"self":[{"href":"https:\/\/radiorevelacionfm.cl\/index.php?rest_route=\/wp\/v2\/posts\/44087","targetHints":{"allow":["GET"]}}],"collection":[{"href":"https:\/\/radiorevelacionfm.cl\/index.php?rest_route=\/wp\/v2\/posts"}],"about":[{"href":"https:\/\/radiorevelacionfm.cl\/index.php?rest_route=\/wp\/v2\/types\/post"}],"author":[{"embeddable":true,"href":"https:\/\/radiorevelacionfm.cl\/index.php?rest_route=\/wp\/v2\/users\/1"}],"replies":[{"embeddable":true,"href":"https:\/\/radiorevelacionfm.cl\/index.php?rest_route=%2Fwp%2Fv2%2Fcomments&post=44087"}],"version-history":[{"count":1,"href":"https:\/\/radiorevelacionfm.cl\/index.php?rest_route=\/wp\/v2\/posts\/44087\/revisions"}],"predecessor-version":[{"id":44089,"href":"https:\/\/radiorevelacionfm.cl\/index.php?rest_route=\/wp\/v2\/posts\/44087\/revisions\/44089"}],"wp:featuredmedia":[{"embeddable":true,"href":"https:\/\/radiorevelacionfm.cl\/index.php?rest_route=\/wp\/v2\/media\/44088"}],"wp:attachment":[{"href":"https:\/\/radiorevelacionfm.cl\/index.php?rest_route=%2Fwp%2Fv2%2Fmedia&parent=44087"}],"wp:term":[{"taxonomy":"category","embeddable":true,"href":"https:\/\/radiorevelacionfm.cl\/index.php?rest_route=%2Fwp%2Fv2%2Fcategories&post=44087"},{"taxonomy":"post_tag","embeddable":true,"href":"https:\/\/radiorevelacionfm.cl\/index.php?rest_route=%2Fwp%2Fv2%2Ftags&post=44087"}],"curies":[{"name":"wp","href":"https:\/\/api.w.org\/{rel}","templated":true}]}}