{"id":44078,"date":"2024-07-11T10:57:39","date_gmt":"2024-07-11T13:57:39","guid":{"rendered":"https:\/\/radiorevelacionfm.cl\/?p=44078"},"modified":"2024-07-11T10:57:39","modified_gmt":"2024-07-11T13:57:39","slug":"aprueban-proyectos-por-700-millones-de-pesos-para-la-comuna-de-aysen","status":"publish","type":"post","link":"https:\/\/radiorevelacionfm.cl\/?p=44078","title":{"rendered":"Aprueban proyectos por $700 millones de pesos para la comuna de Ays\u00e9n"},"content":{"rendered":"<div class=\"flex_column av_one_full  flex_column_div av-zero-column-padding first  avia-builder-el-0  el_before_av_one_full  avia-builder-el-first  \" style='border-radius:0px; '><div  class='avia-image-container  av-styling-    avia-builder-el-1  avia-builder-el-no-sibling  avia-align-center '  itemprop=\"image\" itemscope=\"itemscope\" itemtype=\"https:\/\/schema.org\/ImageObject\"  ><div class='avia-image-container-inner'><div class='avia-image-overlay-wrap'><img decoding=\"async\" class='wp-image-44079 avia-img-lazy-loading-not-44079 avia_image' src=\"https:\/\/radiorevelacionfm.cl\/wp-content\/uploads\/2024\/07\/CORE-4-PROYECTOS-1-1-1.jpeg\" alt='' title='CORE 4 PROYECTOS 1 (1) (1)' height=\"600\" width=\"1057\"  itemprop=\"thumbnailUrl\" srcset=\"https:\/\/radiorevelacionfm.cl\/wp-content\/uploads\/2024\/07\/CORE-4-PROYECTOS-1-1-1.jpeg 1057w, https:\/\/radiorevelacionfm.cl\/wp-content\/uploads\/2024\/07\/CORE-4-PROYECTOS-1-1-1-300x170.jpeg 300w, https:\/\/radiorevelacionfm.cl\/wp-content\/uploads\/2024\/07\/CORE-4-PROYECTOS-1-1-1-1030x585.jpeg 1030w, https:\/\/radiorevelacionfm.cl\/wp-content\/uploads\/2024\/07\/CORE-4-PROYECTOS-1-1-1-768x436.jpeg 768w, https:\/\/radiorevelacionfm.cl\/wp-content\/uploads\/2024\/07\/CORE-4-PROYECTOS-1-1-1-705x400.jpeg 705w, https:\/\/radiorevelacionfm.cl\/wp-content\/uploads\/2024\/07\/CORE-4-PROYECTOS-1-1-1-450x255.jpeg 450w, https:\/\/radiorevelacionfm.cl\/wp-content\/uploads\/2024\/07\/CORE-4-PROYECTOS-1-1-1-600x341.jpeg 600w\" sizes=\"(max-width: 1057px) 100vw, 1057px\" \/><\/div><\/div><\/div><\/div>\n<div class=\"flex_column av_one_full  flex_column_div av-zero-column-padding first  avia-builder-el-2  el_after_av_one_full  el_before_av_one_full  column-top-margin\" style='border-radius:0px; '><section class=\"av_textblock_section \"  itemscope=\"itemscope\" itemtype=\"https:\/\/schema.org\/BlogPosting\" itemprop=\"blogPost\" ><div class='avia_textblock  '   itemprop=\"text\" ><p style=\"text-align: center;\"><strong><span style=\"font-size: 18pt;\">Aprueban proyectos por $700 millones de pesos para la comuna de Ays\u00e9n <\/span><\/strong><\/p>\n<div id=\"gtx-trans\" style=\"position: absolute; left: -50px; top: 4.31534px;\">\n<div class=\"gtx-trans-icon\"><\/div>\n<\/div>\n<\/div><\/section><\/div>\n<div class=\"flex_column av_one_full  flex_column_div av-zero-column-padding first  avia-builder-el-4  el_after_av_one_full  el_before_av_hr  column-top-margin\" style='border-radius:0px; '><section class=\"av_textblock_section \"  itemscope=\"itemscope\" itemtype=\"https:\/\/schema.org\/BlogPosting\" itemprop=\"blogPost\" ><div class='avia_textblock  '   itemprop=\"text\" ><p style=\"text-align: justify;\"><em>Alcalde Julio Uribe agradeci\u00f3 a la Gobernadora, y a todas las y los Consejeros Regionales por su votaci\u00f3n favorable que permitir\u00e1 avanzar con estas iniciativas, surgidas desde la propia comunidad. <\/em><\/p>\n<p style=\"text-align: justify;\">Tras la exposici\u00f3n del alcalde Julio Uribe y el equipo de la Secretar\u00eda Comunal de Planificaci\u00f3n, SECPLAN en la Comisi\u00f3n de Desarrollo Social, Cultural y Deportivo. Este mi\u00e9rcoles en el plenario y de forma un\u00e1nime el Consejo Regional aprob\u00f3 los recursos para cuatro iniciativas que ser\u00e1n ejecutadas en la comuna de Ays\u00e9n, las que en total significar\u00e1n una inversi\u00f3n cercana a los 700 millones de pesos.<\/p>\n<p style=\"text-align: justify;\">En detalle, se trata de proyectos pertenecientes al Fondo Regional de Inversi\u00f3n Local, FRIL, \u201cConstrucci\u00f3n Sede Hijos y Amigos de Chilo\u00e9 de Puerto Ays\u00e9n\u201d, \u201cConstrucci\u00f3n Veterinaria Municipal Ays\u00e9n\u201d, \u201cAmpliaci\u00f3n Ruca Mapuche, Puerto Ays\u00e9n\u201d, y \u201cConstrucci\u00f3n Cancha de Pasto Sint\u00e9tico, sector norte Puerto Chacabuco\u201d.<\/p>\n<p style=\"text-align: justify;\">El alcalde de la comuna de Ays\u00e9n, Julio Uribe, agradeci\u00f3 el apoyo tanto de la Comisi\u00f3n, as\u00ed tambi\u00e9n, de todo el Consejo Regional, quienes dieron el s\u00ed a todas las instancias presentadas por el Municipio, aclarando puntualmente que, en el caso de las canchas de pasto sint\u00e9tico, no se incluye poder techarlas, ya que esto aumentar\u00eda considerablemente los costos, pero que es algo que analiza con futuros proyectos.<\/p>\n<p style=\"text-align: justify;\">\u201cAgradecer la decisi\u00f3n un\u00e1nime que han tomado para nuestros cuatro proyectos FRIL. En la comisi\u00f3n nos preguntaban, en el caso de las canchas, si pod\u00edan contar con techo, porque es necesario, pero por los montos no da para m\u00e1s equipamiento. Se tiene espacio y esperamos a futuro desarrollar ese tipo de iniciativas\u201d, se\u00f1al\u00f3 el edil.<\/p>\n<p style=\"text-align: justify;\">En tanto, la Gobernadora Regional, Andrea Mac\u00edas, felicit\u00f3 a las organizaciones que se ver\u00e1n beneficiadas con las iniciativas formuladas y postuladas por la Municipalidad de Ays\u00e9n y que con son el resultado del trabajo conjunto entre los equipos t\u00e9cnicos del Municipio y el Gobierno Regional.<\/p>\n<p style=\"text-align: justify;\">\u201cSaludamos a todas las organizaciones que sab\u00edan que hoy era la votaci\u00f3n, as\u00ed es que, saludar al c\u00edrculo de hijos y amigos de Chilo\u00e9, tambi\u00e9n saludar a todo el pueblo mapuche que va a poder ampliar la ruca y lo que ser\u00e1 la cancha de pasto sint\u00e9tico\u201d.<\/p>\n<p style=\"text-align: justify;\">Algunos integrantes de la Comisi\u00f3n de Desarrollo Social, Cultural y Deportivo del Consejo Regional, enfatizaron en el trabajo que realiza la actual administraci\u00f3n de la Municipalidad de Ays\u00e9n, por la gran cantidad de proyectos e iniciativas en bien de la comunidad que les ha tocado aprobar.<\/p>\n<p style=\"text-align: justify;\">\u201cFelicitar al Alcalde por el trabajo que ha desarrollado mientras nosotros hemos sido Consejeros Regionales, siempre nos trae iniciativas pensadas en la comunidad, eso es s\u00faper importante. Hemos visto un crecimiento en la comuna, Ays\u00e9n se lleva m\u00e1s inversi\u00f3n que Coyhaique y eso es s\u00faper importante, viendo que de repente los indicadores dicen que tiene mayor poblaci\u00f3n, pero al parecer tiene menos inversi\u00f3n\u201d, manifest\u00f3 el Consejero de la provincia Capit\u00e1n Prat, V\u00edctor Escobar.<\/p>\n<p style=\"text-align: justify;\">De igual forma, la Consejera de la provincia de Coyhaique, Marisol Mart\u00ednez, destac\u00f3 las iniciativas de la comuna de Ays\u00e9n, en particular lo que ser\u00e1 la construcci\u00f3n de la sede del circulo \u201cHijos y Amigos de Chilo\u00e9\u201d.<\/p>\n<p style=\"text-align: justify;\">\u201cMe alegro mucho que con los a\u00f1os ya tengan un espacio, con el apoyo del Municipio, del Alcalde y su equipo, puedan hoy estar presentando un proyecto hermoso, que de todas maneras se lo merecen como agrupaci\u00f3n. As\u00ed es que, valoro lo que est\u00e1n presentando, los felicito y felicito tambi\u00e9n al Alcalde por su gesti\u00f3n y efectivamente como lo han dicho mis colegas, nosotros como Consejo Regional podemos dar fe que, es el Municipio que tiene mayor n\u00famero de proyectos presentados, ejecutados y financiados por este Gobierno Regional, as\u00ed es que, los felicito\u201d.<\/p>\n<p style=\"text-align: justify;\">Desde la provincia de Ays\u00e9n, la Consejera residente en la comuna de Cisnes, \u00c9rica S\u00e1nchez, relev\u00f3 tambi\u00e9n la gesti\u00f3n del Alcalde Uribe y su equipo de trabajo, por los proyectos que permanentemente se adjudica el territorio. \u201cFelicitar al Alcalde, desde que yo llegu\u00e9 ac\u00e1 ha tra\u00eddo muchas iniciativas y de verdad como dice el colega V\u00edctor, se ha llevado gran parte la comuna de Ays\u00e9n y se ve que va en bien de la comunidad, as\u00ed es que, felicitar al Alcalde por sus iniciativas\u201d.<\/p>\n<p style=\"text-align: justify;\">Desde la Municipalidad se reiter\u00f3 el agradecimiento a la Gobernadora Regional, a las Consejeras y Consejeros Regionales por aprobar de forma un\u00e1nime los cuatro proyectos FRIL presentados y que en su conjunto significar\u00e1n una inversi\u00f3n en la comuna de Ays\u00e9n por cerca de 700 millones de pesos.<\/p>\n<\/div><\/section><\/div><div  style='height:50px' class='hr hr-invisible   avia-builder-el-6  el_after_av_one_full  el_before_av_social_share '><span class='hr-inner ' ><span class='hr-inner-style'><\/span><\/span><\/div><\/p>\n<div  class='av-social-sharing-box  avia-builder-el-7  el_after_av_hr  el_before_av_hr  '><div class='av-share-box'><h5 class='av-share-link-description av-no-toc '>Compartir esta noticia<\/h5><ul class='av-share-box-list noLightbox'><li class='av-share-link av-social-link-facebook' ><a target=\"_blank\" aria-label=\"Compartir en Facebook\" href='https:\/\/www.facebook.com\/sharer.php?u=https:\/\/radiorevelacionfm.cl\/?p=44078&#038;t=Aprueban%20proyectos%20por%20%24700%20millones%20de%20pesos%20para%20la%20comuna%20de%20Ays%C3%A9n' aria-hidden='false' data-av_icon='\ue8f3' data-av_iconfont='entypo-fontello' title='' data-avia-related-tooltip='Compartir en Facebook' rel=\"noopener\"><span class='avia_hidden_link_text'>Compartir en Facebook<\/span><\/a><\/li><li class='av-share-link av-social-link-twitter' ><a target=\"_blank\" aria-label=\"Compartir en Twitter\" href='https:\/\/twitter.com\/share?text=Aprueban%20proyectos%20por%20%24700%20millones%20de%20pesos%20para%20la%20comuna%20de%20Ays%C3%A9n&#038;url=https:\/\/radiorevelacionfm.cl\/?p=44078' aria-hidden='false' data-av_icon='\ue8f1' data-av_iconfont='entypo-fontello' title='' data-avia-related-tooltip='Compartir en Twitter' rel=\"noopener\"><span class='avia_hidden_link_text'>Compartir en Twitter<\/span><\/a><\/li><li class='av-share-link av-social-link-whatsapp' ><a target=\"_blank\" aria-label=\"Compartir en Whatsapp\" href='https:\/\/api.whatsapp.com\/send?text=https:\/\/radiorevelacionfm.cl\/?p=44078' aria-hidden='false' data-av_icon='\uf232' data-av_iconfont='entypo-fontello' title='' data-avia-related-tooltip='Compartir en Whatsapp' rel=\"noopener\"><span class='avia_hidden_link_text'>Compartir en Whatsapp<\/span><\/a><\/li><li class='av-share-link av-social-link-linkedin' ><a target=\"_blank\" aria-label=\"Compartir en LinkedIn\" href='https:\/\/linkedin.com\/shareArticle?mini=true&#038;title=Aprueban%20proyectos%20por%20%24700%20millones%20de%20pesos%20para%20la%20comuna%20de%20Ays%C3%A9n&#038;url=https:\/\/radiorevelacionfm.cl\/?p=44078' aria-hidden='false' data-av_icon='\ue8fc' data-av_iconfont='entypo-fontello' title='' data-avia-related-tooltip='Compartir en LinkedIn' rel=\"noopener\"><span class='avia_hidden_link_text'>Compartir en LinkedIn<\/span><\/a><\/li><li class='av-share-link av-social-link-mail' ><a  aria-label=\"Compartir por correo\" href='mailto:?subject=Aprueban%20proyectos%20por%20%24700%20millones%20de%20pesos%20para%20la%20comuna%20de%20Ays%C3%A9n&#038;body=https:\/\/radiorevelacionfm.cl\/?p=44078' aria-hidden='false' data-av_icon='\ue805' data-av_iconfont='entypo-fontello' title='' data-avia-related-tooltip='Compartir por correo'><span class='avia_hidden_link_text'>Compartir por correo<\/span><\/a><\/li><\/ul><\/div><\/div>\n<div  style='height:50px' class='hr hr-invisible   avia-builder-el-8  el_after_av_social_share  el_before_av_comments_list '><span class='hr-inner ' ><span class='hr-inner-style'><\/span><\/span><\/div>\n<div  class='av-buildercomment  av-blog-meta-html-info-disabled av-blog-meta-tag-disabled  '><\/div>\n","protected":false},"excerpt":{"rendered":"","protected":false},"author":1,"featured_media":44079,"comment_status":"open","ping_status":"open","sticky":false,"template":"","format":"standard","meta":{"footnotes":""},"categories":[38],"tags":[],"class_list":["post-44078","post","type-post","status-publish","format-standard","has-post-thumbnail","hentry","category-regional"],"jetpack_featured_media_url":"https:\/\/radiorevelacionfm.cl\/wp-content\/uploads\/2024\/07\/CORE-4-PROYECTOS-1-1-1.jpeg","_links":{"self":[{"href":"https:\/\/radiorevelacionfm.cl\/index.php?rest_route=\/wp\/v2\/posts\/44078","targetHints":{"allow":["GET"]}}],"collection":[{"href":"https:\/\/radiorevelacionfm.cl\/index.php?rest_route=\/wp\/v2\/posts"}],"about":[{"href":"https:\/\/radiorevelacionfm.cl\/index.php?rest_route=\/wp\/v2\/types\/post"}],"author":[{"embeddable":true,"href":"https:\/\/radiorevelacionfm.cl\/index.php?rest_route=\/wp\/v2\/users\/1"}],"replies":[{"embeddable":true,"href":"https:\/\/radiorevelacionfm.cl\/index.php?rest_route=%2Fwp%2Fv2%2Fcomments&post=44078"}],"version-history":[{"count":2,"href":"https:\/\/radiorevelacionfm.cl\/index.php?rest_route=\/wp\/v2\/posts\/44078\/revisions"}],"predecessor-version":[{"id":44084,"href":"https:\/\/radiorevelacionfm.cl\/index.php?rest_route=\/wp\/v2\/posts\/44078\/revisions\/44084"}],"wp:featuredmedia":[{"embeddable":true,"href":"https:\/\/radiorevelacionfm.cl\/index.php?rest_route=\/wp\/v2\/media\/44079"}],"wp:attachment":[{"href":"https:\/\/radiorevelacionfm.cl\/index.php?rest_route=%2Fwp%2Fv2%2Fmedia&parent=44078"}],"wp:term":[{"taxonomy":"category","embeddable":true,"href":"https:\/\/radiorevelacionfm.cl\/index.php?rest_route=%2Fwp%2Fv2%2Fcategories&post=44078"},{"taxonomy":"post_tag","embeddable":true,"href":"https:\/\/radiorevelacionfm.cl\/index.php?rest_route=%2Fwp%2Fv2%2Ftags&post=44078"}],"curies":[{"name":"wp","href":"https:\/\/api.w.org\/{rel}","templated":true}]}}