{"id":44072,"date":"2024-07-11T22:18:24","date_gmt":"2024-07-12T01:18:24","guid":{"rendered":"https:\/\/radiorevelacionfm.cl\/?p=44072"},"modified":"2024-07-11T22:18:24","modified_gmt":"2024-07-12T01:18:24","slug":"senadora-ordenes-apunto-a-la-modernizacion-del-estado-destacando-los-avances-legislativos-en-materia-de-digitalizacion-y-ciberseguridad","status":"publish","type":"post","link":"https:\/\/radiorevelacionfm.cl\/?p=44072","title":{"rendered":"Senadora \u00d3rdenes apunt\u00f3 a la modernizaci\u00f3n del estado destacando los avances legislativos en materia de digitalizaci\u00f3n y ciberseguridad"},"content":{"rendered":"<div class=\"flex_column av_one_full  flex_column_div av-zero-column-padding first  avia-builder-el-0  el_before_av_one_full  avia-builder-el-first  \" style='border-radius:0px; '><div  class='avia-image-container  av-styling-    avia-builder-el-1  avia-builder-el-no-sibling  avia-align-center '  itemprop=\"image\" itemscope=\"itemscope\" itemtype=\"https:\/\/schema.org\/ImageObject\"  ><div class='avia-image-container-inner'><div class='avia-image-overlay-wrap'><img decoding=\"async\" class='wp-image-44073 avia-img-lazy-loading-not-44073 avia_image' src=\"https:\/\/radiorevelacionfm.cl\/wp-content\/uploads\/2024\/07\/SENADORA-FOTO-15-1.jpg\" alt='' title='SENADORA FOTO #15 (1)' height=\"597\" width=\"934\"  itemprop=\"thumbnailUrl\" srcset=\"https:\/\/radiorevelacionfm.cl\/wp-content\/uploads\/2024\/07\/SENADORA-FOTO-15-1.jpg 934w, https:\/\/radiorevelacionfm.cl\/wp-content\/uploads\/2024\/07\/SENADORA-FOTO-15-1-300x192.jpg 300w, https:\/\/radiorevelacionfm.cl\/wp-content\/uploads\/2024\/07\/SENADORA-FOTO-15-1-768x491.jpg 768w, https:\/\/radiorevelacionfm.cl\/wp-content\/uploads\/2024\/07\/SENADORA-FOTO-15-1-705x451.jpg 705w, https:\/\/radiorevelacionfm.cl\/wp-content\/uploads\/2024\/07\/SENADORA-FOTO-15-1-450x288.jpg 450w, https:\/\/radiorevelacionfm.cl\/wp-content\/uploads\/2024\/07\/SENADORA-FOTO-15-1-600x384.jpg 600w\" sizes=\"(max-width: 934px) 100vw, 934px\" \/><\/div><\/div><\/div><\/div><div class=\"flex_column av_one_full  flex_column_div av-zero-column-padding first  avia-builder-el-2  el_after_av_one_full  el_before_av_one_full  column-top-margin\" style='border-radius:0px; '><section class=\"av_textblock_section \"  itemscope=\"itemscope\" itemtype=\"https:\/\/schema.org\/BlogPosting\" itemprop=\"blogPost\" ><div class='avia_textblock  '   itemprop=\"text\" ><p style=\"text-align: center;\"><strong><span style=\"font-size: 18pt;\">Senadora \u00d3rdenes apunt\u00f3 a la modernizaci\u00f3n del estado destacando los avances legislativos en materia de digitalizaci\u00f3n y ciberseguridad <\/span><\/strong><\/p>\n<div id=\"gtx-trans\" style=\"position: absolute; left: -50px; top: 4.31534px;\">\n<div class=\"gtx-trans-icon\"><\/div>\n<\/div>\n<\/div><\/section><\/div><div class=\"flex_column av_one_full  flex_column_div av-zero-column-padding first  avia-builder-el-4  el_after_av_one_full  el_before_av_hr  column-top-margin\" style='border-radius:0px; '><section class=\"av_textblock_section \"  itemscope=\"itemscope\" itemtype=\"https:\/\/schema.org\/BlogPosting\" itemprop=\"blogPost\" ><div class='avia_textblock  '   itemprop=\"text\" ><p style=\"text-align: justify;\">El <em>Hispam Digital Forum <\/em>es una instancia de di\u00e1logos organizada por Movistar Empresas Hispam, junto con empresas como Cisco, Fortinet, Microsoft, Telef\u00f3nica Tech y otras siete compa\u00f1\u00edas relacionadas. El foro aborda las tendencias de la agenda digital del sector p\u00fablico y privado y este a\u00f1o se centr\u00f3 en temas como la inteligencia artificial y la ciberseguridad.<\/p>\n<p style=\"text-align: justify;\">La senadora por la regi\u00f3n de Ays\u00e9n, Ximena \u00d3rdenes Neira, qui\u00e9n integr\u00f3 el primer panel de la jornada, \u201cAlianzas para el desarrollo productivo del pa\u00eds\u201d, asegur\u00f3, en entrevista con Cooperativa Ciencia, que como pa\u00eds \u201ctenemos hartos desaf\u00edos\u201d, al mismo tiempo que reconoci\u00f3 los avances legislativos en la materia.<\/p>\n<p style=\"text-align: justify;\">\u201cHay mucha conversaci\u00f3n que abrir, pero adem\u00e1s hay que ponerle pol\u00edtica p\u00fablica robusta\u201d, indic\u00f3 la senadora, destacando las leyes y tambi\u00e9n las mesas de trabajo que integra y que proyectan una modernizaci\u00f3n del Estado. \u201cEste es un espacio bien din\u00e1mico, entonces, tenemos que estar muy atentos. Desde el punto de vista del Estado no es solo la Clave \u00danica, hay que avanzar hacia una identidad digital y hacia los temas de interoperabilidad\u201d, sostuvo.<\/p>\n<p style=\"text-align: justify;\">\u201cNosotros, con la CEPAL, con las empresas de telecomunicaciones, con la C\u00e1mara de Infraestructura Digital y otros actores, nos dimos la tarea de hacer la Agenda de Transformaci\u00f3n Digital Chile 2035 y una de las variables que abordamos fue el tema de la ciberseguridad y desde el \u00e1mbito regulatorio, hoy, tenemos una Ley Marco de Ciberseguridad, que, entre otras cosas, establece una Agencia Nacional de Ciberseguridad y tambi\u00e9n el conocimiento de incidentes\u201d, destac\u00f3 la parlamentaria y actual presidenta de la Comisi\u00f3n de Transportes y Telecomunicaciones, asegurando -sobre ciberseguridad- que \u201cempresa que no lo tenga, Estado que no est\u00e9 comprometido con esto, no va a funcionar\u201d.<\/p>\n<p style=\"text-align: justify;\">La senadora \u00d3rdenes tambi\u00e9n destac\u00f3 que \u201chace poco tambi\u00e9n promulgamos la ley de Internet como un Servicio P\u00fablico, que lo reconoce como un derecho y como un servicio p\u00fablico esencial, como la luz y el agua, se va a poder subsidiar la demanda\u201d.<\/p>\n<p style=\"text-align: justify;\">\u201cTenemos un 7% de hogares desconectados en Chile y si usted mira finamente esa estad\u00edstica, de 500 mil hogares, a la gran mayor\u00eda, si uno le pregunta por qu\u00e9 no est\u00e1 conectado, responden \u2018porque no sabr\u00eda qu\u00e9 hacer\u2019, es m\u00e1s de un tercio y creo que en eso tenemos que desarrollar pol\u00edticas focalizadas. Eso es uno de los grandes desaf\u00edos del pa\u00eds\u201d, indic\u00f3, dando cuenta de la actual brecha digital.<\/p>\n<p style=\"text-align: justify;\">Finalmente, la representante de la regi\u00f3n de Ays\u00e9n en el Senado, destac\u00f3 los esfuerzos a nivel legislativo. \u201cYo creo que el trabajo que hicimos en la agenda de Chile Digital 2035, permiti\u00f3 eso, un espacio donde confluye todo el ecosistema digital de Chile. Son los usuarios, los ciudadanos. Nosotros accedemos a bienes y a servicios p\u00fablicos a trav\u00e9s de las redes y las aplicaciones, por lo tanto hay mucho que hacer\u201d, se\u00f1al\u00f3 la senadora.<\/p>\n<p style=\"text-align: justify;\">\u201cEn general, para la Ley Marco de Ciber Seguridad, la Ley de protecci\u00f3n de datos personales, que est\u00e1 en una instancia mixta, reconocer internet como un servicio p\u00fablico de telecomunicaciones, la protecci\u00f3n de la infraestructura cr\u00edtica, que reconoce la infraestructura digital. En general ha sido un apoyo bien transversal, pero hay que hacer mucho m\u00e1s\u201d, asegur\u00f3.<\/p>\n<p style=\"text-align: justify;\">Cabe destacar que el <em>Hispam Digital Forum<\/em> fue encabezado por destacados exponentes como Chema Alonso, Chief Digital Officer de Telef\u00f3nica Global, Claudio Araya, ministro (s) de Transportes y Telecomunicaciones, Alfonso G\u00f3mez, CEO de Telef\u00f3nica Hispam y Juan Vicente Mart\u00edn, Chief Business Officer de Telef\u00f3nica Hispam, quienes expusieron y fueron parte del debate sobre las principales tendencias en transformaci\u00f3n digital.<\/p>\n<\/div><\/section><\/div><div  style='height:50px' class='hr hr-invisible   avia-builder-el-6  el_after_av_one_full  el_before_av_social_share '><span class='hr-inner ' ><span class='hr-inner-style'><\/span><\/span><\/div><\/p>\n<div  class='av-social-sharing-box  avia-builder-el-7  el_after_av_hr  el_before_av_hr  '><div class='av-share-box'><h5 class='av-share-link-description av-no-toc '>Compartir esta noticia<\/h5><ul class='av-share-box-list noLightbox'><li class='av-share-link av-social-link-facebook' ><a target=\"_blank\" aria-label=\"Compartir en Facebook\" href='https:\/\/www.facebook.com\/sharer.php?u=https:\/\/radiorevelacionfm.cl\/?p=44072&#038;t=Senadora%20%C3%93rdenes%20apunt%C3%B3%20a%20la%20modernizaci%C3%B3n%20del%20estado%20destacando%20los%20avances%20legislativos%20en%20materia%20de%20digitalizaci%C3%B3n%20y%20ciberseguridad' aria-hidden='false' data-av_icon='\ue8f3' data-av_iconfont='entypo-fontello' title='' data-avia-related-tooltip='Compartir en Facebook' rel=\"noopener\"><span class='avia_hidden_link_text'>Compartir en Facebook<\/span><\/a><\/li><li class='av-share-link av-social-link-twitter' ><a target=\"_blank\" aria-label=\"Compartir en Twitter\" href='https:\/\/twitter.com\/share?text=Senadora%20%C3%93rdenes%20apunt%C3%B3%20a%20la%20modernizaci%C3%B3n%20del%20estado%20destacando%20los%20avances%20legislativos%20en%20materia%20de%20digitalizaci%C3%B3n%20y%20ciberseguridad&#038;url=https:\/\/radiorevelacionfm.cl\/?p=44072' aria-hidden='false' data-av_icon='\ue8f1' data-av_iconfont='entypo-fontello' title='' data-avia-related-tooltip='Compartir en Twitter' rel=\"noopener\"><span class='avia_hidden_link_text'>Compartir en Twitter<\/span><\/a><\/li><li class='av-share-link av-social-link-whatsapp' ><a target=\"_blank\" aria-label=\"Compartir en Whatsapp\" href='https:\/\/api.whatsapp.com\/send?text=https:\/\/radiorevelacionfm.cl\/?p=44072' aria-hidden='false' data-av_icon='\uf232' data-av_iconfont='entypo-fontello' title='' data-avia-related-tooltip='Compartir en Whatsapp' rel=\"noopener\"><span class='avia_hidden_link_text'>Compartir en Whatsapp<\/span><\/a><\/li><li class='av-share-link av-social-link-linkedin' ><a target=\"_blank\" aria-label=\"Compartir en LinkedIn\" href='https:\/\/linkedin.com\/shareArticle?mini=true&#038;title=Senadora%20%C3%93rdenes%20apunt%C3%B3%20a%20la%20modernizaci%C3%B3n%20del%20estado%20destacando%20los%20avances%20legislativos%20en%20materia%20de%20digitalizaci%C3%B3n%20y%20ciberseguridad&#038;url=https:\/\/radiorevelacionfm.cl\/?p=44072' aria-hidden='false' data-av_icon='\ue8fc' data-av_iconfont='entypo-fontello' title='' data-avia-related-tooltip='Compartir en LinkedIn' rel=\"noopener\"><span class='avia_hidden_link_text'>Compartir en LinkedIn<\/span><\/a><\/li><li class='av-share-link av-social-link-mail' ><a  aria-label=\"Compartir por correo\" href='mailto:?subject=Senadora%20%C3%93rdenes%20apunt%C3%B3%20a%20la%20modernizaci%C3%B3n%20del%20estado%20destacando%20los%20avances%20legislativos%20en%20materia%20de%20digitalizaci%C3%B3n%20y%20ciberseguridad&#038;body=https:\/\/radiorevelacionfm.cl\/?p=44072' aria-hidden='false' data-av_icon='\ue805' data-av_iconfont='entypo-fontello' title='' data-avia-related-tooltip='Compartir por correo'><span class='avia_hidden_link_text'>Compartir por correo<\/span><\/a><\/li><\/ul><\/div><\/div>\n<div  style='height:50px' class='hr hr-invisible   avia-builder-el-8  el_after_av_social_share  el_before_av_comments_list '><span class='hr-inner ' ><span class='hr-inner-style'><\/span><\/span><\/div>\n<div  class='av-buildercomment  av-blog-meta-html-info-disabled av-blog-meta-tag-disabled  '><\/div>\n","protected":false},"excerpt":{"rendered":"","protected":false},"author":1,"featured_media":44073,"comment_status":"open","ping_status":"open","sticky":false,"template":"","format":"standard","meta":{"footnotes":""},"categories":[35],"tags":[],"class_list":["post-44072","post","type-post","status-publish","format-standard","has-post-thumbnail","hentry","category-politica"],"jetpack_featured_media_url":"https:\/\/radiorevelacionfm.cl\/wp-content\/uploads\/2024\/07\/SENADORA-FOTO-15-1.jpg","_links":{"self":[{"href":"https:\/\/radiorevelacionfm.cl\/index.php?rest_route=\/wp\/v2\/posts\/44072","targetHints":{"allow":["GET"]}}],"collection":[{"href":"https:\/\/radiorevelacionfm.cl\/index.php?rest_route=\/wp\/v2\/posts"}],"about":[{"href":"https:\/\/radiorevelacionfm.cl\/index.php?rest_route=\/wp\/v2\/types\/post"}],"author":[{"embeddable":true,"href":"https:\/\/radiorevelacionfm.cl\/index.php?rest_route=\/wp\/v2\/users\/1"}],"replies":[{"embeddable":true,"href":"https:\/\/radiorevelacionfm.cl\/index.php?rest_route=%2Fwp%2Fv2%2Fcomments&post=44072"}],"version-history":[{"count":1,"href":"https:\/\/radiorevelacionfm.cl\/index.php?rest_route=\/wp\/v2\/posts\/44072\/revisions"}],"predecessor-version":[{"id":44074,"href":"https:\/\/radiorevelacionfm.cl\/index.php?rest_route=\/wp\/v2\/posts\/44072\/revisions\/44074"}],"wp:featuredmedia":[{"embeddable":true,"href":"https:\/\/radiorevelacionfm.cl\/index.php?rest_route=\/wp\/v2\/media\/44073"}],"wp:attachment":[{"href":"https:\/\/radiorevelacionfm.cl\/index.php?rest_route=%2Fwp%2Fv2%2Fmedia&parent=44072"}],"wp:term":[{"taxonomy":"category","embeddable":true,"href":"https:\/\/radiorevelacionfm.cl\/index.php?rest_route=%2Fwp%2Fv2%2Fcategories&post=44072"},{"taxonomy":"post_tag","embeddable":true,"href":"https:\/\/radiorevelacionfm.cl\/index.php?rest_route=%2Fwp%2Fv2%2Ftags&post=44072"}],"curies":[{"name":"wp","href":"https:\/\/api.w.org\/{rel}","templated":true}]}}