{"id":44069,"date":"2024-07-11T12:23:35","date_gmt":"2024-07-11T15:23:35","guid":{"rendered":"https:\/\/radiorevelacionfm.cl\/?p=44069"},"modified":"2024-07-11T12:23:35","modified_gmt":"2024-07-11T15:23:35","slug":"edelaysen-participa-de-encuentro-con-vecinos-de-la-union-comunal-pampa-del-corral-de-coyhaique","status":"publish","type":"post","link":"https:\/\/radiorevelacionfm.cl\/?p=44069","title":{"rendered":"Edelaysen participa de encuentro con vecinos de la Uni\u00f3n Comunal \u201cPampa del Corral\u201d de Coyhaique"},"content":{"rendered":"<div class=\"flex_column av_one_full  flex_column_div av-zero-column-padding first  avia-builder-el-0  el_before_av_one_full  avia-builder-el-first  \" style='border-radius:0px; '><div  class='avia-image-container  av-styling-    avia-builder-el-1  avia-builder-el-no-sibling  avia-align-center '  itemprop=\"image\" itemscope=\"itemscope\" itemtype=\"https:\/\/schema.org\/ImageObject\"  ><div class='avia-image-container-inner'><div class='avia-image-overlay-wrap'><img decoding=\"async\" class='wp-image-44070 avia-img-lazy-loading-not-44070 avia_image' src=\"https:\/\/radiorevelacionfm.cl\/wp-content\/uploads\/2024\/07\/Union-comunal-Pampa-del-Corral0-1-1.jpeg\" alt='' title='Union comunal Pampa del Corral0 (1) (1)' height=\"600\" width=\"938\"  itemprop=\"thumbnailUrl\" srcset=\"https:\/\/radiorevelacionfm.cl\/wp-content\/uploads\/2024\/07\/Union-comunal-Pampa-del-Corral0-1-1.jpeg 938w, https:\/\/radiorevelacionfm.cl\/wp-content\/uploads\/2024\/07\/Union-comunal-Pampa-del-Corral0-1-1-300x192.jpeg 300w, https:\/\/radiorevelacionfm.cl\/wp-content\/uploads\/2024\/07\/Union-comunal-Pampa-del-Corral0-1-1-768x491.jpeg 768w, https:\/\/radiorevelacionfm.cl\/wp-content\/uploads\/2024\/07\/Union-comunal-Pampa-del-Corral0-1-1-705x451.jpeg 705w, https:\/\/radiorevelacionfm.cl\/wp-content\/uploads\/2024\/07\/Union-comunal-Pampa-del-Corral0-1-1-450x288.jpeg 450w, https:\/\/radiorevelacionfm.cl\/wp-content\/uploads\/2024\/07\/Union-comunal-Pampa-del-Corral0-1-1-600x384.jpeg 600w\" sizes=\"(max-width: 938px) 100vw, 938px\" \/><\/div><\/div><\/div><\/div><div class=\"flex_column av_one_full  flex_column_div av-zero-column-padding first  avia-builder-el-2  el_after_av_one_full  el_before_av_one_full  column-top-margin\" style='border-radius:0px; '><section class=\"av_textblock_section \"  itemscope=\"itemscope\" itemtype=\"https:\/\/schema.org\/BlogPosting\" itemprop=\"blogPost\" ><div class='avia_textblock  '   itemprop=\"text\" ><p style=\"text-align: center;\"><strong><span style=\"font-size: 18pt;\">Edelaysen participa de encuentro con vecinos de la Uni\u00f3n Comunal \u201cPampa del Corral\u201d de Coyhaique<\/span><\/strong><\/p>\n<div id=\"gtx-trans\" style=\"position: absolute; left: -50px; top: 4.31534px;\">\n<div class=\"gtx-trans-icon\"><\/div>\n<\/div>\n<\/div><\/section><\/div><div class=\"flex_column av_one_full  flex_column_div av-zero-column-padding first  avia-builder-el-4  el_after_av_one_full  el_before_av_hr  column-top-margin\" style='border-radius:0px; '><section class=\"av_textblock_section \"  itemscope=\"itemscope\" itemtype=\"https:\/\/schema.org\/BlogPosting\" itemprop=\"blogPost\" ><div class='avia_textblock  '   itemprop=\"text\" ><p style=\"text-align: justify;\"><em>La el\u00e9ctrica se reuni\u00f3 con la comunidad en el marco de su programa \u201cSomos Vecinos\u201d, para abordar el alza de tarifas y promover el uso eficiente de la energ\u00eda en los hogares. <\/em><\/p>\n<p style=\"text-align: justify;\">En un ambiente de cordialidad y cooperaci\u00f3n, Edelaysen se reuni\u00f3 con la Uni\u00f3n Comunal \u201cPampa del Corral\u201d de Coyhaique en el marco del programa \u201cSomos Vecinos\u201d. Es as\u00ed, como durante el encuentro, se discutieron diversos temas de inter\u00e9s comunitario, principalmente dado por las \u00faltimas noticias relacionadas al alza de tarifas en boletas de suministro el\u00e9ctrico en todo el pa\u00eds y recomendaciones para un uso eficiente de la energ\u00eda en los hogares.<\/p>\n<p style=\"text-align: justify;\">El jefe de Servicio al Cliente de Edelaysen, Patricio Raimilla, destac\u00f3 la importancia de este tipo de reuniones para fortalecer los lazos con la comunidad. \u201cEstamos comprometidos con las necesidades de nuestros vecinos y valoramos profundamente la oportunidad de participar en estos espacios de di\u00e1logo. Este encuentro nos permiti\u00f3 escuchar de primera mano las inquietudes de la comunidad y compartir recomendaciones pr\u00e1cticas para optimizar el consumo energ\u00e9tico en sus hogares\u201d, se\u00f1al\u00f3 Raimilla.<\/p>\n<p style=\"text-align: justify;\">La reuni\u00f3n, que cont\u00f3 con la presencia de varios l\u00edderes comunitarios y residentes, permiti\u00f3 un intercambio constructivo de ideas y propuestas, donde la comunidad pudo expresar sus preocupaciones respecto al reciente incremento en las tarifas y recibir asesoramiento sobre como reducir el consumo energ\u00e9tico en cada uno de sus hogares.<\/p>\n<p style=\"text-align: justify;\">Ver\u00f3nica Legue, presidenta de la Uni\u00f3n Comunal destac\u00f3 \u201cNos reunimos junto a dirigentes socios de la Uni\u00f3n Comunal y Edelaysen donde fue muy provechosa la reuni\u00f3n la cual se nos hizo cortita donde solicitamos a la empresa que nos explicara como era el tema del subsidio, el alza de tarifas y todo eso. Estuvo s\u00faper buena, los dirigentes resolvieron todas sus dudas sobre especialmente el subsidio y como se cobra la tarifa ac\u00e1 en la regi\u00f3n\u201d.<\/p>\n<p style=\"text-align: justify;\">As\u00ed como la reuni\u00f3n realizada con la Uni\u00f3n Comunal, Edelaysen, comprometida con la comunidad de toda la regi\u00f3n, continuar\u00e1 participando de instancias que promuevan el bienestar de los vecinos y vecinas de cada comuna, entregando informaci\u00f3n importante en relaci\u00f3n al consumo de electricidad de los hogares de la regi\u00f3n de Ays\u00e9n.<\/p>\n<\/div><\/section><\/div><div  style='height:50px' class='hr hr-invisible   avia-builder-el-6  el_after_av_one_full  el_before_av_social_share '><span class='hr-inner ' ><span class='hr-inner-style'><\/span><\/span><\/div><\/p>\n<div  class='av-social-sharing-box  avia-builder-el-7  el_after_av_hr  el_before_av_hr  '><div class='av-share-box'><h5 class='av-share-link-description av-no-toc '>Compartir esta noticia<\/h5><ul class='av-share-box-list noLightbox'><li class='av-share-link av-social-link-facebook' ><a target=\"_blank\" aria-label=\"Compartir en Facebook\" href='https:\/\/www.facebook.com\/sharer.php?u=https:\/\/radiorevelacionfm.cl\/?p=44069&#038;t=Edelaysen%20participa%20de%20encuentro%20con%20vecinos%20de%20la%20Uni%C3%B3n%20Comunal%20%E2%80%9CPampa%20del%20Corral%E2%80%9D%20de%20Coyhaique' aria-hidden='false' data-av_icon='\ue8f3' data-av_iconfont='entypo-fontello' title='' data-avia-related-tooltip='Compartir en Facebook' rel=\"noopener\"><span class='avia_hidden_link_text'>Compartir en Facebook<\/span><\/a><\/li><li class='av-share-link av-social-link-twitter' ><a target=\"_blank\" aria-label=\"Compartir en Twitter\" href='https:\/\/twitter.com\/share?text=Edelaysen%20participa%20de%20encuentro%20con%20vecinos%20de%20la%20Uni%C3%B3n%20Comunal%20%E2%80%9CPampa%20del%20Corral%E2%80%9D%20de%20Coyhaique&#038;url=https:\/\/radiorevelacionfm.cl\/?p=44069' aria-hidden='false' data-av_icon='\ue8f1' data-av_iconfont='entypo-fontello' title='' data-avia-related-tooltip='Compartir en Twitter' rel=\"noopener\"><span class='avia_hidden_link_text'>Compartir en Twitter<\/span><\/a><\/li><li class='av-share-link av-social-link-whatsapp' ><a target=\"_blank\" aria-label=\"Compartir en Whatsapp\" href='https:\/\/api.whatsapp.com\/send?text=https:\/\/radiorevelacionfm.cl\/?p=44069' aria-hidden='false' data-av_icon='\uf232' data-av_iconfont='entypo-fontello' title='' data-avia-related-tooltip='Compartir en Whatsapp' rel=\"noopener\"><span class='avia_hidden_link_text'>Compartir en Whatsapp<\/span><\/a><\/li><li class='av-share-link av-social-link-linkedin' ><a target=\"_blank\" aria-label=\"Compartir en LinkedIn\" href='https:\/\/linkedin.com\/shareArticle?mini=true&#038;title=Edelaysen%20participa%20de%20encuentro%20con%20vecinos%20de%20la%20Uni%C3%B3n%20Comunal%20%E2%80%9CPampa%20del%20Corral%E2%80%9D%20de%20Coyhaique&#038;url=https:\/\/radiorevelacionfm.cl\/?p=44069' aria-hidden='false' data-av_icon='\ue8fc' data-av_iconfont='entypo-fontello' title='' data-avia-related-tooltip='Compartir en LinkedIn' rel=\"noopener\"><span class='avia_hidden_link_text'>Compartir en LinkedIn<\/span><\/a><\/li><li class='av-share-link av-social-link-mail' ><a  aria-label=\"Compartir por correo\" href='mailto:?subject=Edelaysen%20participa%20de%20encuentro%20con%20vecinos%20de%20la%20Uni%C3%B3n%20Comunal%20%E2%80%9CPampa%20del%20Corral%E2%80%9D%20de%20Coyhaique&#038;body=https:\/\/radiorevelacionfm.cl\/?p=44069' aria-hidden='false' data-av_icon='\ue805' data-av_iconfont='entypo-fontello' title='' data-avia-related-tooltip='Compartir por correo'><span class='avia_hidden_link_text'>Compartir por correo<\/span><\/a><\/li><\/ul><\/div><\/div>\n<div  style='height:50px' class='hr hr-invisible   avia-builder-el-8  el_after_av_social_share  el_before_av_comments_list '><span class='hr-inner ' ><span class='hr-inner-style'><\/span><\/span><\/div>\n<div  class='av-buildercomment  av-blog-meta-html-info-disabled av-blog-meta-tag-disabled  '><\/div>\n","protected":false},"excerpt":{"rendered":"","protected":false},"author":1,"featured_media":44070,"comment_status":"open","ping_status":"open","sticky":false,"template":"","format":"standard","meta":{"footnotes":""},"categories":[38],"tags":[],"class_list":["post-44069","post","type-post","status-publish","format-standard","has-post-thumbnail","hentry","category-regional"],"jetpack_featured_media_url":"https:\/\/radiorevelacionfm.cl\/wp-content\/uploads\/2024\/07\/Union-comunal-Pampa-del-Corral0-1-1.jpeg","_links":{"self":[{"href":"https:\/\/radiorevelacionfm.cl\/index.php?rest_route=\/wp\/v2\/posts\/44069","targetHints":{"allow":["GET"]}}],"collection":[{"href":"https:\/\/radiorevelacionfm.cl\/index.php?rest_route=\/wp\/v2\/posts"}],"about":[{"href":"https:\/\/radiorevelacionfm.cl\/index.php?rest_route=\/wp\/v2\/types\/post"}],"author":[{"embeddable":true,"href":"https:\/\/radiorevelacionfm.cl\/index.php?rest_route=\/wp\/v2\/users\/1"}],"replies":[{"embeddable":true,"href":"https:\/\/radiorevelacionfm.cl\/index.php?rest_route=%2Fwp%2Fv2%2Fcomments&post=44069"}],"version-history":[{"count":1,"href":"https:\/\/radiorevelacionfm.cl\/index.php?rest_route=\/wp\/v2\/posts\/44069\/revisions"}],"predecessor-version":[{"id":44071,"href":"https:\/\/radiorevelacionfm.cl\/index.php?rest_route=\/wp\/v2\/posts\/44069\/revisions\/44071"}],"wp:featuredmedia":[{"embeddable":true,"href":"https:\/\/radiorevelacionfm.cl\/index.php?rest_route=\/wp\/v2\/media\/44070"}],"wp:attachment":[{"href":"https:\/\/radiorevelacionfm.cl\/index.php?rest_route=%2Fwp%2Fv2%2Fmedia&parent=44069"}],"wp:term":[{"taxonomy":"category","embeddable":true,"href":"https:\/\/radiorevelacionfm.cl\/index.php?rest_route=%2Fwp%2Fv2%2Fcategories&post=44069"},{"taxonomy":"post_tag","embeddable":true,"href":"https:\/\/radiorevelacionfm.cl\/index.php?rest_route=%2Fwp%2Fv2%2Ftags&post=44069"}],"curies":[{"name":"wp","href":"https:\/\/api.w.org\/{rel}","templated":true}]}}