{"id":44063,"date":"2024-07-10T22:05:29","date_gmt":"2024-07-11T01:05:29","guid":{"rendered":"https:\/\/radiorevelacionfm.cl\/?p=44063"},"modified":"2024-07-10T22:05:29","modified_gmt":"2024-07-11T01:05:29","slug":"calisto-le-insiste-a-directora-nacional-de-junaeb-por-alumnos-que-no-han-recibido-becas-no-los-dejaremos-solos","status":"publish","type":"post","link":"https:\/\/radiorevelacionfm.cl\/?p=44063","title":{"rendered":"Calisto le insiste a Directora Nacional de Junaeb por alumnos que no han recibido becas: \u201cNo los dejaremos solos\u201d"},"content":{"rendered":"<div class=\"flex_column av_one_full  flex_column_div av-zero-column-padding first  avia-builder-el-0  el_before_av_one_full  avia-builder-el-first  \" style='border-radius:0px; '><div  class='avia-image-container  av-styling-    avia-builder-el-1  avia-builder-el-no-sibling  avia-align-center '  itemprop=\"image\" itemscope=\"itemscope\" itemtype=\"https:\/\/schema.org\/ImageObject\"  ><div class='avia-image-container-inner'><div class='avia-image-overlay-wrap'><img decoding=\"async\" class='wp-image-44064 avia-img-lazy-loading-not-44064 avia_image' src=\"https:\/\/radiorevelacionfm.cl\/wp-content\/uploads\/2024\/07\/foto-becas-10-julio-1_optimized-1.jpg\" alt='' title='foto-becas-10-julio-(1)_optimized (1)' height=\"600\" width=\"800\"  itemprop=\"thumbnailUrl\" srcset=\"https:\/\/radiorevelacionfm.cl\/wp-content\/uploads\/2024\/07\/foto-becas-10-julio-1_optimized-1.jpg 800w, https:\/\/radiorevelacionfm.cl\/wp-content\/uploads\/2024\/07\/foto-becas-10-julio-1_optimized-1-300x225.jpg 300w, https:\/\/radiorevelacionfm.cl\/wp-content\/uploads\/2024\/07\/foto-becas-10-julio-1_optimized-1-768x576.jpg 768w, https:\/\/radiorevelacionfm.cl\/wp-content\/uploads\/2024\/07\/foto-becas-10-julio-1_optimized-1-705x529.jpg 705w, https:\/\/radiorevelacionfm.cl\/wp-content\/uploads\/2024\/07\/foto-becas-10-julio-1_optimized-1-450x338.jpg 450w, https:\/\/radiorevelacionfm.cl\/wp-content\/uploads\/2024\/07\/foto-becas-10-julio-1_optimized-1-600x450.jpg 600w\" sizes=\"(max-width: 800px) 100vw, 800px\" \/><\/div><\/div><\/div><\/div><div class=\"flex_column av_one_full  flex_column_div av-zero-column-padding first  avia-builder-el-2  el_after_av_one_full  el_before_av_one_full  column-top-margin\" style='border-radius:0px; '><section class=\"av_textblock_section \"  itemscope=\"itemscope\" itemtype=\"https:\/\/schema.org\/BlogPosting\" itemprop=\"blogPost\" ><div class='avia_textblock  '   itemprop=\"text\" ><p style=\"text-align: center;\"><strong><span style=\"font-size: 18pt;\">Calisto le insiste a Directora Nacional de Junaeb por alumnos que no han recibido becas: \u201cNo los dejaremos solos\u201d <\/span><\/strong><\/p>\n<div id=\"gtx-trans\" style=\"position: absolute; left: -50px; top: 4.31534px;\">\n<div class=\"gtx-trans-icon\"><\/div>\n<\/div>\n<\/div><\/section><\/div><div class=\"flex_column av_one_full  flex_column_div av-zero-column-padding first  avia-builder-el-4  el_after_av_one_full  el_before_av_hr  column-top-margin\" style='border-radius:0px; '><section class=\"av_textblock_section \"  itemscope=\"itemscope\" itemtype=\"https:\/\/schema.org\/BlogPosting\" itemprop=\"blogPost\" ><div class='avia_textblock  '   itemprop=\"text\" ><p style=\"font-weight: 400; text-align: justify;\"><em>El legislador resalt\u00f3 la disposici\u00f3n de Camila Rubio para poder darles una soluci\u00f3n a 270 j\u00f3venes que, cumpliendo los requisitos, no han recibido la beca Patagonia. \u00a0\u00a0<\/em><\/p>\n<p style=\"font-weight: 400; text-align: justify;\">Ante la preocupaci\u00f3n de 270 alumnos que a\u00fan no son beneficiados con la beca Patagonia, el diputado Miguel \u00c1ngel Calisto se reuni\u00f3 con la Directora Nacional de Junaeb, Camila Rubio, instancia donde le reiter\u00f3 la necesidad que la instituci\u00f3n reasigne recursos para subsanar este d\u00e9ficit de beneficios.<\/p>\n<p style=\"font-weight: 400; text-align: justify;\">Seg\u00fan el diputado Calisto, \u201cquiero agradecer a la directora Nacional de Junaeb quien ha tenido la disposici\u00f3n de recibir las inquietudes que traemos desde Ays\u00e9n, en representaci\u00f3n de todas las familias que est\u00e1n preocupadas por el proceso de becas. Ya se han becado m\u00e1s de 6 mil alumnos en ense\u00f1anza b\u00e1sica y media. En la educaci\u00f3n superior se han becado a m\u00e1s de 4300 alumnos\u201d.<\/p>\n<p style=\"font-weight: 400; text-align: justify;\">\u201cSin embargo, hay 270 alumnos que aun no tienen la beca Patagonia. Para nosotros es prioridad que todos los alumnos que cumplen con los requisitos tengan su beneficio. Por eso es que Junaeb a nivel nacional est\u00e1 haciendo el proceso interno para revisar los casos que faltan por becar. Se tiene que hacer un proceso de reasignaci\u00f3n de fondos, tambi\u00e9n interno. Esperamos que, con eso, sin recurrir a la Direcci\u00f3n de Presupuesto, se pueda becar a los 270 j\u00f3venes que faltan, y as\u00ed se pueda completar el 100% de los alumnos de beca Patagonia que cumplen requisitos\u201d.<\/p>\n<p style=\"font-weight: 400; text-align: justify;\">Calisto agreg\u00f3 que \u201cle decimos a los alumnos y sus familias que no los vamos a dejar solos, que estaremos hasta el final, tal como el a\u00f1o pasado, para que todos los que cumplan los beneficios tengan su beneficio\u201d.<\/p>\n<p style=\"font-weight: 400; text-align: justify;\">Por su parte, la directora Nacional de Junaeb, Camilo Rubio, se\u00f1al\u00f3 que \u201cdurante este mes entregamos muchas becas, tanto de la beca Patagonia, como as\u00ed tambi\u00e9n de la beca Ays\u00e9n. Sin embargo, a\u00fan estamos en el proceso de revisi\u00f3n, las postulaciones est\u00e1n cerradas pero aun hay estudiantes que no han sido beneficiarios\u201d.<\/p>\n<p style=\"font-weight: 400; text-align: justify;\">Finalmente, la Directora Nacional de Junaeb indic\u00f3 que \u201ccon ellos estamos revisando la posibilidad de hacer reasignaciones presupuestarias, tal como a\u00f1os anteriores. Esto lo conversamos con el diputado Calisto, quien manifest\u00f3 su preocupaci\u00f3n por esta materia. Pronto le daremos respuesta y sabremos si podremos abarcar la totalidad de los estudiantes que est\u00e1n sin becas\u201d.<\/p>\n<\/div><\/section><\/div><div  style='height:50px' class='hr hr-invisible   avia-builder-el-6  el_after_av_one_full  el_before_av_social_share '><span class='hr-inner ' ><span class='hr-inner-style'><\/span><\/span><\/div><\/p>\n<div  class='av-social-sharing-box  avia-builder-el-7  el_after_av_hr  el_before_av_hr  '><div class='av-share-box'><h5 class='av-share-link-description av-no-toc '>Compartir esta noticia<\/h5><ul class='av-share-box-list noLightbox'><li class='av-share-link av-social-link-facebook' ><a target=\"_blank\" aria-label=\"Compartir en Facebook\" href='https:\/\/www.facebook.com\/sharer.php?u=https:\/\/radiorevelacionfm.cl\/?p=44063&#038;t=Calisto%20le%20insiste%20a%20Directora%20Nacional%20de%20Junaeb%20por%20alumnos%20que%20no%20han%20recibido%20becas%3A%20%E2%80%9CNo%20los%20dejaremos%20solos%E2%80%9D' aria-hidden='false' data-av_icon='\ue8f3' data-av_iconfont='entypo-fontello' title='' data-avia-related-tooltip='Compartir en Facebook' rel=\"noopener\"><span class='avia_hidden_link_text'>Compartir en Facebook<\/span><\/a><\/li><li class='av-share-link av-social-link-twitter' ><a target=\"_blank\" aria-label=\"Compartir en Twitter\" href='https:\/\/twitter.com\/share?text=Calisto%20le%20insiste%20a%20Directora%20Nacional%20de%20Junaeb%20por%20alumnos%20que%20no%20han%20recibido%20becas%3A%20%E2%80%9CNo%20los%20dejaremos%20solos%E2%80%9D&#038;url=https:\/\/radiorevelacionfm.cl\/?p=44063' aria-hidden='false' data-av_icon='\ue8f1' data-av_iconfont='entypo-fontello' title='' data-avia-related-tooltip='Compartir en Twitter' rel=\"noopener\"><span class='avia_hidden_link_text'>Compartir en Twitter<\/span><\/a><\/li><li class='av-share-link av-social-link-whatsapp' ><a target=\"_blank\" aria-label=\"Compartir en Whatsapp\" href='https:\/\/api.whatsapp.com\/send?text=https:\/\/radiorevelacionfm.cl\/?p=44063' aria-hidden='false' data-av_icon='\uf232' data-av_iconfont='entypo-fontello' title='' data-avia-related-tooltip='Compartir en Whatsapp' rel=\"noopener\"><span class='avia_hidden_link_text'>Compartir en Whatsapp<\/span><\/a><\/li><li class='av-share-link av-social-link-linkedin' ><a target=\"_blank\" aria-label=\"Compartir en LinkedIn\" href='https:\/\/linkedin.com\/shareArticle?mini=true&#038;title=Calisto%20le%20insiste%20a%20Directora%20Nacional%20de%20Junaeb%20por%20alumnos%20que%20no%20han%20recibido%20becas%3A%20%E2%80%9CNo%20los%20dejaremos%20solos%E2%80%9D&#038;url=https:\/\/radiorevelacionfm.cl\/?p=44063' aria-hidden='false' data-av_icon='\ue8fc' data-av_iconfont='entypo-fontello' title='' data-avia-related-tooltip='Compartir en LinkedIn' rel=\"noopener\"><span class='avia_hidden_link_text'>Compartir en LinkedIn<\/span><\/a><\/li><li class='av-share-link av-social-link-mail' ><a  aria-label=\"Compartir por correo\" href='mailto:?subject=Calisto%20le%20insiste%20a%20Directora%20Nacional%20de%20Junaeb%20por%20alumnos%20que%20no%20han%20recibido%20becas%3A%20%E2%80%9CNo%20los%20dejaremos%20solos%E2%80%9D&#038;body=https:\/\/radiorevelacionfm.cl\/?p=44063' aria-hidden='false' data-av_icon='\ue805' data-av_iconfont='entypo-fontello' title='' data-avia-related-tooltip='Compartir por correo'><span class='avia_hidden_link_text'>Compartir por correo<\/span><\/a><\/li><\/ul><\/div><\/div>\n<div  style='height:50px' class='hr hr-invisible   avia-builder-el-8  el_after_av_social_share  el_before_av_comments_list '><span class='hr-inner ' ><span class='hr-inner-style'><\/span><\/span><\/div>\n<div  class='av-buildercomment  av-blog-meta-html-info-disabled av-blog-meta-tag-disabled  '><\/div>\n","protected":false},"excerpt":{"rendered":"","protected":false},"author":1,"featured_media":44064,"comment_status":"open","ping_status":"open","sticky":false,"template":"","format":"standard","meta":{"footnotes":""},"categories":[35],"tags":[],"class_list":["post-44063","post","type-post","status-publish","format-standard","has-post-thumbnail","hentry","category-politica"],"jetpack_featured_media_url":"https:\/\/radiorevelacionfm.cl\/wp-content\/uploads\/2024\/07\/foto-becas-10-julio-1_optimized-1.jpg","_links":{"self":[{"href":"https:\/\/radiorevelacionfm.cl\/index.php?rest_route=\/wp\/v2\/posts\/44063","targetHints":{"allow":["GET"]}}],"collection":[{"href":"https:\/\/radiorevelacionfm.cl\/index.php?rest_route=\/wp\/v2\/posts"}],"about":[{"href":"https:\/\/radiorevelacionfm.cl\/index.php?rest_route=\/wp\/v2\/types\/post"}],"author":[{"embeddable":true,"href":"https:\/\/radiorevelacionfm.cl\/index.php?rest_route=\/wp\/v2\/users\/1"}],"replies":[{"embeddable":true,"href":"https:\/\/radiorevelacionfm.cl\/index.php?rest_route=%2Fwp%2Fv2%2Fcomments&post=44063"}],"version-history":[{"count":1,"href":"https:\/\/radiorevelacionfm.cl\/index.php?rest_route=\/wp\/v2\/posts\/44063\/revisions"}],"predecessor-version":[{"id":44065,"href":"https:\/\/radiorevelacionfm.cl\/index.php?rest_route=\/wp\/v2\/posts\/44063\/revisions\/44065"}],"wp:featuredmedia":[{"embeddable":true,"href":"https:\/\/radiorevelacionfm.cl\/index.php?rest_route=\/wp\/v2\/media\/44064"}],"wp:attachment":[{"href":"https:\/\/radiorevelacionfm.cl\/index.php?rest_route=%2Fwp%2Fv2%2Fmedia&parent=44063"}],"wp:term":[{"taxonomy":"category","embeddable":true,"href":"https:\/\/radiorevelacionfm.cl\/index.php?rest_route=%2Fwp%2Fv2%2Fcategories&post=44063"},{"taxonomy":"post_tag","embeddable":true,"href":"https:\/\/radiorevelacionfm.cl\/index.php?rest_route=%2Fwp%2Fv2%2Ftags&post=44063"}],"curies":[{"name":"wp","href":"https:\/\/api.w.org\/{rel}","templated":true}]}}