{"id":44058,"date":"2024-07-10T18:11:41","date_gmt":"2024-07-10T21:11:41","guid":{"rendered":"https:\/\/radiorevelacionfm.cl\/?p=44058"},"modified":"2024-07-10T18:11:41","modified_gmt":"2024-07-10T21:11:41","slug":"coyhaique-en-prision-preventiva-imputado-por-homicidio-frustrado-y-disparos-injustificados","status":"publish","type":"post","link":"https:\/\/radiorevelacionfm.cl\/?p=44058","title":{"rendered":"Coyhaique: En prisi\u00f3n preventiva imputado por homicidio frustrado y disparos injustificados"},"content":{"rendered":"<div class=\"flex_column av_one_full  flex_column_div av-zero-column-padding first  avia-builder-el-0  el_before_av_one_full  avia-builder-el-first  \" style='border-radius:0px; '><div  class='avia-image-container  av-styling-    avia-builder-el-1  avia-builder-el-no-sibling  avia-align-center '  itemprop=\"image\" itemscope=\"itemscope\" itemtype=\"https:\/\/schema.org\/ImageObject\"  ><div class='avia-image-container-inner'><div class='avia-image-overlay-wrap'><img decoding=\"async\" class='wp-image-16354 avia-img-lazy-loading-not-16354 avia_image' src=\"https:\/\/radiorevelacionfm.cl\/wp-content\/uploads\/2022\/04\/PDI-Imagen-referencial-1-1.jpg\" alt='' title='PDI Imagen referencial (1) (1)' height=\"600\" width=\"900\"  itemprop=\"thumbnailUrl\" srcset=\"https:\/\/radiorevelacionfm.cl\/wp-content\/uploads\/2022\/04\/PDI-Imagen-referencial-1-1.jpg 900w, https:\/\/radiorevelacionfm.cl\/wp-content\/uploads\/2022\/04\/PDI-Imagen-referencial-1-1-300x200.jpg 300w, https:\/\/radiorevelacionfm.cl\/wp-content\/uploads\/2022\/04\/PDI-Imagen-referencial-1-1-768x512.jpg 768w, https:\/\/radiorevelacionfm.cl\/wp-content\/uploads\/2022\/04\/PDI-Imagen-referencial-1-1-705x470.jpg 705w, https:\/\/radiorevelacionfm.cl\/wp-content\/uploads\/2022\/04\/PDI-Imagen-referencial-1-1-600x400.jpg 600w\" sizes=\"(max-width: 900px) 100vw, 900px\" \/><\/div><\/div><\/div><\/div><div class=\"flex_column av_one_full  flex_column_div av-zero-column-padding first  avia-builder-el-2  el_after_av_one_full  el_before_av_one_full  column-top-margin\" style='border-radius:0px; '><section class=\"av_textblock_section \"  itemscope=\"itemscope\" itemtype=\"https:\/\/schema.org\/BlogPosting\" itemprop=\"blogPost\" ><div class='avia_textblock  '   itemprop=\"text\" ><p style=\"text-align: center;\"><span style=\"font-size: 18pt;\"><strong>Coyhaique: En prisi\u00f3n preventiva imputado por homicidio frustrado y disparos injustificados<\/strong><\/span><\/p>\n<div id=\"gtx-trans\" style=\"position: absolute; left: -50px; top: 4.31534px;\">\n<div class=\"gtx-trans-icon\"><\/div>\n<\/div>\n<\/div><\/section><\/div><div class=\"flex_column av_one_full  flex_column_div av-zero-column-padding first  avia-builder-el-4  el_after_av_one_full  el_before_av_hr  column-top-margin\" style='border-radius:0px; '><section class=\"av_textblock_section \"  itemscope=\"itemscope\" itemtype=\"https:\/\/schema.org\/BlogPosting\" itemprop=\"blogPost\" ><div class='avia_textblock  '   itemprop=\"text\" ><p style=\"text-align: justify;\">Detectives de la Brigada Antinarc\u00f3ticos y Contra el Crimen Organizado (BRIANCO) Coyhaique, en un trabajo investigativo mancomunado con el Ministerio P\u00fablico, lograron la detenci\u00f3n de un hombre de 24 a\u00f1os, imputado como autor del delito de homicidio frustrado y disparos injustificados en la v\u00eda p\u00fablica, hechos ocurridos la noche del lunes reci\u00e9n pasado en uno de los accesos de la ciudad de Coyhaique.<\/p>\n<p style=\"text-align: justify;\">Sobre los hechos que son materia de investigaci\u00f3n por parte de la Polic\u00eda de Investigaciones de Chile, el subprefecto Jorge Collao Ram\u00edrez, jefe de la brigada especializada, indic\u00f3 que \u201cal llegar al sitio de suceso, se logr\u00f3 efectuar un an\u00e1lisis de la informaci\u00f3n que se manten\u00eda hasta ese momento, equivalente a evidencia bal\u00edstica, como vainillas y proyectil bal\u00edstico, sumado al an\u00e1lisis de las c\u00e1maras de seguridad que se encontraban en el lugar, se logr\u00f3 determinar que dos veh\u00edculos se estacionan a la salida de un servicentro de la Calle Ogana, espec\u00edficamente, por calle Las Violetas, donde el conductor de uno de estos veh\u00edculos se baja y comienza a efectuar disparos\u201d. De acuerdo a lo informado por el oficial policial se tratar\u00eda de una cantidad equivalente a cinco o seis disparos, lo que provoc\u00f3 que la v\u00edctima huyera del lugar.<\/p>\n<p style=\"text-align: justify;\">En base al trabajo de inteligencia y an\u00e1lisis criminal de las evidencias obtenidas en el lugar, \u201cse logr\u00f3 determinar la identidad del imputado, quien fue detenido este martes en horas de la tarde, en el sector de Valle Simpson, por detectives de la PDI\u201d, puntualiz\u00f3 el jefe de la BRIANCO Coyhaique.<\/p>\n<p style=\"text-align: justify;\">En el sitio de suceso, precis\u00f3 el subprefecto Collao, \u201cse recolectaron evidencias como vainillas y tambi\u00e9n un proyectil bal\u00edstico, estos corresponden a una pistola 9 mm, arma que no fue ubicada, por lo tanto, se contin\u00faa con el proceso investigativo para lograr determinar su ubicaci\u00f3n\u201d.<\/p>\n<p style=\"text-align: justify;\">De acuerdo a lo informado por el jefe de la brigada especializada, \u201cel detenido corresponde a un sujeto chileno mayor de edad, oriundo de la regi\u00f3n, que mantiene antecedentes policiales\u201d.<\/p>\n<p style=\"text-align: justify;\"><strong>Fiscal\u00eda<\/strong><\/p>\n<p style=\"text-align: justify;\">\u201cEl lunes, en horas de la noche, se produjo un caso de disparos en una estaci\u00f3n de servicio de la ciudad de Coyhaique. En dichos hechos, un sujeto -desde un veh\u00edculo con un arma de fuego- dispar\u00f3 en contra de otro a lo menos cuatro disparos, causando da\u00f1os y dirigiendo los disparos en contra de una persona\u201d, explic\u00f3 el fiscal jefe de Coyhaique, Jos\u00e9 Moris. El veh\u00edculo de la v\u00edctima result\u00f3 con impactos de bala en la puerta del copiloto, parachoques y el capot.<\/p>\n<p style=\"text-align: justify;\">El persecutor penal agreg\u00f3 que \u201cgracias a las diligencias efectuadas por la Brigada Antinarc\u00f3ticos de la PDI, se logr\u00f3 la identificaci\u00f3n del autor de los disparos, quien se encuentra detenido, ya que se tramit\u00f3 orden de detenci\u00f3n por parte de la Fiscal\u00eda con el Juzgado de Garant\u00eda de Coyhaique quien la otorg\u00f3 producto de la contundencia de los antecedentes\u201d, a\u00f1adi\u00f3 el persecutor penal.<\/p>\n<p style=\"text-align: justify;\">\u201cCon la orden de detenci\u00f3n, personal de la Brigada Antinarc\u00f3ticos, logr\u00f3 la ubicaci\u00f3n del sujeto que se encontraba oculto en el \u00e1rea rural de Coyhaique, logrando su detenci\u00f3n, pasando a control el d\u00eda de hoy y quedando en prisi\u00f3n preventiva\u201d, finaliz\u00f3 Jos\u00e9 Moris.<\/p>\n<p style=\"text-align: justify;\">En este sentido, en la audiencia de formalizaci\u00f3n, la fiscal de la Unidad de Drogas, Mar\u00eda In\u00e9s N\u00fa\u00f1ez Briso, solicit\u00f3 que durante la investigaci\u00f3n el imputado permanezca en la c\u00e1rcel medida cautelar que fue acogida por la jueza Fabiola Mu\u00f1oz Fierro, quien adem\u00e1s estableci\u00f3 un plazo de investigaci\u00f3n de 45 d\u00edas en esta causa, a fin de continuar con las diligencias a trav\u00e9s de la Brigada Antinarc\u00f3ticos y Contra el Crimen Organizado de la PDI.<\/p>\n<p style=\"text-align: justify;\"><strong>Disputas territoriales<\/strong><\/p>\n<p style=\"text-align: justify;\">Sobre este incipiente fen\u00f3meno criminal en la ciudad de Coyhaique, el subprefecto Jorge Collao fue enf\u00e1tico en se\u00f1alar que \u201ceste es un fen\u00f3meno que no se estaba dando hace un tiempo atr\u00e1s y que, \u00faltimamente, ha sido m\u00e1s recurrente, se trata de la territorialidad, donde bandas rivales se enfrentan por tener un territorio o mantienen rencillas por problemas relacionados a las drogas\u201d, lo que ha provocado que exista \u201cun aumento en la utilizaci\u00f3n de armas de fuego que antiguamente no estaba ocurriendo\u201d.<\/p>\n<p style=\"text-align: justify;\">En ese sentido, desde la PDI indicaron que se est\u00e1n robusteciendo las investigaciones que buscan enfrentar estos fen\u00f3menos que impactan directamente en la ciudadan\u00eda, a trav\u00e9s de un trabajo profesional y cient\u00edfico-t\u00e9cnico silente y coordinado con la Fiscal\u00eda.<\/p>\n<\/div><\/section><\/div><div  style='height:50px' class='hr hr-invisible   avia-builder-el-6  el_after_av_one_full  el_before_av_social_share '><span class='hr-inner ' ><span class='hr-inner-style'><\/span><\/span><\/div><\/p>\n<div  class='av-social-sharing-box  avia-builder-el-7  el_after_av_hr  el_before_av_hr  '><div class='av-share-box'><h5 class='av-share-link-description av-no-toc '>Compartir esta noticia<\/h5><ul class='av-share-box-list noLightbox'><li class='av-share-link av-social-link-facebook' ><a target=\"_blank\" aria-label=\"Compartir en Facebook\" href='https:\/\/www.facebook.com\/sharer.php?u=https:\/\/radiorevelacionfm.cl\/?p=44058&#038;t=Coyhaique%3A%20En%20prisi%C3%B3n%20preventiva%20imputado%20por%20homicidio%20frustrado%20y%20disparos%20injustificados' aria-hidden='false' data-av_icon='\ue8f3' data-av_iconfont='entypo-fontello' title='' data-avia-related-tooltip='Compartir en Facebook' rel=\"noopener\"><span class='avia_hidden_link_text'>Compartir en Facebook<\/span><\/a><\/li><li class='av-share-link av-social-link-twitter' ><a target=\"_blank\" aria-label=\"Compartir en Twitter\" href='https:\/\/twitter.com\/share?text=Coyhaique%3A%20En%20prisi%C3%B3n%20preventiva%20imputado%20por%20homicidio%20frustrado%20y%20disparos%20injustificados&#038;url=https:\/\/radiorevelacionfm.cl\/?p=44058' aria-hidden='false' data-av_icon='\ue8f1' data-av_iconfont='entypo-fontello' title='' data-avia-related-tooltip='Compartir en Twitter' rel=\"noopener\"><span class='avia_hidden_link_text'>Compartir en Twitter<\/span><\/a><\/li><li class='av-share-link av-social-link-whatsapp' ><a target=\"_blank\" aria-label=\"Compartir en Whatsapp\" href='https:\/\/api.whatsapp.com\/send?text=https:\/\/radiorevelacionfm.cl\/?p=44058' aria-hidden='false' data-av_icon='\uf232' data-av_iconfont='entypo-fontello' title='' data-avia-related-tooltip='Compartir en Whatsapp' rel=\"noopener\"><span class='avia_hidden_link_text'>Compartir en Whatsapp<\/span><\/a><\/li><li class='av-share-link av-social-link-linkedin' ><a target=\"_blank\" aria-label=\"Compartir en LinkedIn\" href='https:\/\/linkedin.com\/shareArticle?mini=true&#038;title=Coyhaique%3A%20En%20prisi%C3%B3n%20preventiva%20imputado%20por%20homicidio%20frustrado%20y%20disparos%20injustificados&#038;url=https:\/\/radiorevelacionfm.cl\/?p=44058' aria-hidden='false' data-av_icon='\ue8fc' data-av_iconfont='entypo-fontello' title='' data-avia-related-tooltip='Compartir en LinkedIn' rel=\"noopener\"><span class='avia_hidden_link_text'>Compartir en LinkedIn<\/span><\/a><\/li><li class='av-share-link av-social-link-mail' ><a  aria-label=\"Compartir por correo\" href='mailto:?subject=Coyhaique%3A%20En%20prisi%C3%B3n%20preventiva%20imputado%20por%20homicidio%20frustrado%20y%20disparos%20injustificados&#038;body=https:\/\/radiorevelacionfm.cl\/?p=44058' aria-hidden='false' data-av_icon='\ue805' data-av_iconfont='entypo-fontello' title='' data-avia-related-tooltip='Compartir por correo'><span class='avia_hidden_link_text'>Compartir por correo<\/span><\/a><\/li><\/ul><\/div><\/div>\n<div  style='height:50px' class='hr hr-invisible   avia-builder-el-8  el_after_av_social_share  el_before_av_comments_list '><span class='hr-inner ' ><span class='hr-inner-style'><\/span><\/span><\/div>\n<div  class='av-buildercomment  av-blog-meta-html-info-disabled av-blog-meta-tag-disabled  '><\/div>\n","protected":false},"excerpt":{"rendered":"","protected":false},"author":1,"featured_media":16354,"comment_status":"open","ping_status":"open","sticky":false,"template":"","format":"standard","meta":{"footnotes":""},"categories":[36],"tags":[],"class_list":["post-44058","post","type-post","status-publish","format-standard","has-post-thumbnail","hentry","category-policial"],"jetpack_featured_media_url":"https:\/\/radiorevelacionfm.cl\/wp-content\/uploads\/2022\/04\/PDI-Imagen-referencial-1-1.jpg","_links":{"self":[{"href":"https:\/\/radiorevelacionfm.cl\/index.php?rest_route=\/wp\/v2\/posts\/44058","targetHints":{"allow":["GET"]}}],"collection":[{"href":"https:\/\/radiorevelacionfm.cl\/index.php?rest_route=\/wp\/v2\/posts"}],"about":[{"href":"https:\/\/radiorevelacionfm.cl\/index.php?rest_route=\/wp\/v2\/types\/post"}],"author":[{"embeddable":true,"href":"https:\/\/radiorevelacionfm.cl\/index.php?rest_route=\/wp\/v2\/users\/1"}],"replies":[{"embeddable":true,"href":"https:\/\/radiorevelacionfm.cl\/index.php?rest_route=%2Fwp%2Fv2%2Fcomments&post=44058"}],"version-history":[{"count":1,"href":"https:\/\/radiorevelacionfm.cl\/index.php?rest_route=\/wp\/v2\/posts\/44058\/revisions"}],"predecessor-version":[{"id":44059,"href":"https:\/\/radiorevelacionfm.cl\/index.php?rest_route=\/wp\/v2\/posts\/44058\/revisions\/44059"}],"wp:featuredmedia":[{"embeddable":true,"href":"https:\/\/radiorevelacionfm.cl\/index.php?rest_route=\/wp\/v2\/media\/16354"}],"wp:attachment":[{"href":"https:\/\/radiorevelacionfm.cl\/index.php?rest_route=%2Fwp%2Fv2%2Fmedia&parent=44058"}],"wp:term":[{"taxonomy":"category","embeddable":true,"href":"https:\/\/radiorevelacionfm.cl\/index.php?rest_route=%2Fwp%2Fv2%2Fcategories&post=44058"},{"taxonomy":"post_tag","embeddable":true,"href":"https:\/\/radiorevelacionfm.cl\/index.php?rest_route=%2Fwp%2Fv2%2Ftags&post=44058"}],"curies":[{"name":"wp","href":"https:\/\/api.w.org\/{rel}","templated":true}]}}