{"id":44055,"date":"2024-07-10T19:42:31","date_gmt":"2024-07-10T22:42:31","guid":{"rendered":"https:\/\/radiorevelacionfm.cl\/?p=44055"},"modified":"2024-07-10T19:42:31","modified_gmt":"2024-07-10T22:42:31","slug":"censo-2024-subcomision-informa-sobre-el-proceso-en-aysen","status":"publish","type":"post","link":"https:\/\/radiorevelacionfm.cl\/?p=44055","title":{"rendered":"Censo 2024: Subcomisi\u00f3n informa sobre el proceso en Ays\u00e9n"},"content":{"rendered":"<div class=\"flex_column av_one_full  flex_column_div av-zero-column-padding first  avia-builder-el-0  el_before_av_one_full  avia-builder-el-first  \" style='border-radius:0px; '><div  class='avia-image-container  av-styling-    avia-builder-el-1  avia-builder-el-no-sibling  avia-align-center '  itemprop=\"image\" itemscope=\"itemscope\" itemtype=\"https:\/\/schema.org\/ImageObject\"  ><div class='avia-image-container-inner'><div class='avia-image-overlay-wrap'><img decoding=\"async\" class='wp-image-44056 avia-img-lazy-loading-not-44056 avia_image' src=\"https:\/\/radiorevelacionfm.cl\/wp-content\/uploads\/2024\/07\/Villa-Manihuales-1-1.jpg\" alt='' title='Villa Ma\u00f1ihuales (1) (1)' height=\"600\" width=\"800\"  itemprop=\"thumbnailUrl\" srcset=\"https:\/\/radiorevelacionfm.cl\/wp-content\/uploads\/2024\/07\/Villa-Manihuales-1-1.jpg 800w, https:\/\/radiorevelacionfm.cl\/wp-content\/uploads\/2024\/07\/Villa-Manihuales-1-1-300x225.jpg 300w, https:\/\/radiorevelacionfm.cl\/wp-content\/uploads\/2024\/07\/Villa-Manihuales-1-1-768x576.jpg 768w, https:\/\/radiorevelacionfm.cl\/wp-content\/uploads\/2024\/07\/Villa-Manihuales-1-1-705x529.jpg 705w, https:\/\/radiorevelacionfm.cl\/wp-content\/uploads\/2024\/07\/Villa-Manihuales-1-1-450x338.jpg 450w, https:\/\/radiorevelacionfm.cl\/wp-content\/uploads\/2024\/07\/Villa-Manihuales-1-1-600x450.jpg 600w\" sizes=\"(max-width: 800px) 100vw, 800px\" \/><\/div><\/div><\/div><\/div><div class=\"flex_column av_one_full  flex_column_div av-zero-column-padding first  avia-builder-el-2  el_after_av_one_full  el_before_av_one_full  column-top-margin\" style='border-radius:0px; '><section class=\"av_textblock_section \"  itemscope=\"itemscope\" itemtype=\"https:\/\/schema.org\/BlogPosting\" itemprop=\"blogPost\" ><div class='avia_textblock  '   itemprop=\"text\" ><p style=\"text-align: center;\"><span style=\"font-size: 18pt;\"><strong>Censo 2024: Subcomisi\u00f3n informa sobre el proceso en Ays\u00e9n<\/strong><\/span><\/p>\n<div id=\"gtx-trans\" style=\"position: absolute; left: -50px; top: 4.31534px;\">\n<div class=\"gtx-trans-icon\"><\/div>\n<\/div>\n<\/div><\/section><\/div><div class=\"flex_column av_one_full  flex_column_div av-zero-column-padding first  avia-builder-el-4  el_after_av_one_full  el_before_av_hr  column-top-margin\" style='border-radius:0px; '><section class=\"av_textblock_section \"  itemscope=\"itemscope\" itemtype=\"https:\/\/schema.org\/BlogPosting\" itemprop=\"blogPost\" ><div class='avia_textblock  '   itemprop=\"text\" ><p style=\"text-align: justify;\">La Subcomisi\u00f3n de Seguridad del Censo 2024, encabezada por el delegado presidencial regional, Rodrigo Araya y el director del INE Ays\u00e9n, Danilo Pavez, efect\u00fao un favorable balance del levantamiento que a la fecha se ha efectuado e inform\u00f3 que, en Coyhaique, Ays\u00e9n y Cisnes, el levantamiento seguir\u00e1 por todo julio con operativos focalizados. Tambi\u00e9n comunic\u00f3 que el levantamiento sigue complementado con el Fono Censo 1525 en toda la regi\u00f3n, considerando las comunas que ya est\u00e1n cerradas.<\/p>\n<p style=\"text-align: justify;\">En este contexto, el delegado presidencial regional, Rodrigo Araya indic\u00f3 que: \u201cTenemos que agradecer a la ciudadan\u00eda regional su participaci\u00f3n y disposici\u00f3n para contestar a los encuestadores del Censo. En esta \u00faltima etapa, durante julio, va a seguir funcionando el sistema web de Censo en l\u00ednea. Queremos agradecer tambi\u00e9n a todas las instituciones que han trabajado con el INE, me refiero a Carabineros, PDI, Ej\u00e9rcito, la Armada, para los territorios m\u00e1s alejados e insulares, por ejemplo\u201d.<\/p>\n<p style=\"text-align: justify;\">Por su parte, el director del INE Ays\u00e9n, Danilo Pavez se\u00f1al\u00f3 que: \u201cTodav\u00eda est\u00e1 la posibilidad de censarse a trav\u00e9s del Censo en L\u00ednea, llamando al Fono 1525. En esta etapa, vamos a tener censistas trabajando desde Coyhaique con algunos operativos en Cisnes y Ays\u00e9n, y en Coyhaique estaremos hasta el 31 de julio visitando a todas las personas que a\u00fan no han sido censadas\u201d.<\/p>\n<p style=\"text-align: justify;\">Por su parte, el seremi de Econom\u00eda, Fomento y Turismo, Felipe Rojas, record\u00f3 la importancia del levantamiento para la comunidad: \u201cLa informaci\u00f3n es relevante para las pol\u00edticas p\u00fablicas y para el sector privado para su toma de decisiones de inversi\u00f3n y proyecciones de mercado. Por lo tanto, cuando hablamos del Censo, hablamos de un instrumento que con su informaci\u00f3n contribuye al crecimiento y desarrollo econ\u00f3mico del pa\u00eds y de la Regi\u00f3n de Ays\u00e9n\u201d.<\/p>\n<p style=\"text-align: justify;\">Para acceder al Censo en L\u00ednea visita la p\u00e1gina web\u00a0<a href=\"https:\/\/nam02.safelinks.protection.outlook.com\/?url=http%3A%2F%2Fwww.censo2024.cl%2F&amp;data=05%7C02%7CAcoliveran%40ine.gob.cl%7C1def28a0084341541df108dca11e2a23%7C5baaaa0a1f94469bbbb9d1645dad5ac5%7C0%7C0%7C638562398145771660%7CUnknown%7CTWFpbGZsb3d8eyJWIjoiMC4wLjAwMDAiLCJQIjoiV2luMzIiLCJBTiI6Ik1haWwiLCJXVCI6Mn0%3D%7C0%7C%7C%7C&amp;sdata=sl0zWNi3vsVUsiGehyouPxBs%2BR0cdSr%2FOb%2BDzqv9hqM%3D&amp;reserved=0\">www.censo2024.cl<\/a>\u00a0o comun\u00edcate con el Fono Censo 1525.<\/p>\n<\/div><\/section><\/div><div  style='height:50px' class='hr hr-invisible   avia-builder-el-6  el_after_av_one_full  el_before_av_social_share '><span class='hr-inner ' ><span class='hr-inner-style'><\/span><\/span><\/div><\/p>\n<div  class='av-social-sharing-box  avia-builder-el-7  el_after_av_hr  el_before_av_hr  '><div class='av-share-box'><h5 class='av-share-link-description av-no-toc '>Compartir esta noticia<\/h5><ul class='av-share-box-list noLightbox'><li class='av-share-link av-social-link-facebook' ><a target=\"_blank\" aria-label=\"Compartir en Facebook\" href='https:\/\/www.facebook.com\/sharer.php?u=https:\/\/radiorevelacionfm.cl\/?p=44055&#038;t=Censo%202024%3A%20Subcomisi%C3%B3n%20informa%20sobre%20el%20proceso%20en%20Ays%C3%A9n' aria-hidden='false' data-av_icon='\ue8f3' data-av_iconfont='entypo-fontello' title='' data-avia-related-tooltip='Compartir en Facebook' rel=\"noopener\"><span class='avia_hidden_link_text'>Compartir en Facebook<\/span><\/a><\/li><li class='av-share-link av-social-link-twitter' ><a target=\"_blank\" aria-label=\"Compartir en Twitter\" href='https:\/\/twitter.com\/share?text=Censo%202024%3A%20Subcomisi%C3%B3n%20informa%20sobre%20el%20proceso%20en%20Ays%C3%A9n&#038;url=https:\/\/radiorevelacionfm.cl\/?p=44055' aria-hidden='false' data-av_icon='\ue8f1' data-av_iconfont='entypo-fontello' title='' data-avia-related-tooltip='Compartir en Twitter' rel=\"noopener\"><span class='avia_hidden_link_text'>Compartir en Twitter<\/span><\/a><\/li><li class='av-share-link av-social-link-whatsapp' ><a target=\"_blank\" aria-label=\"Compartir en Whatsapp\" href='https:\/\/api.whatsapp.com\/send?text=https:\/\/radiorevelacionfm.cl\/?p=44055' aria-hidden='false' data-av_icon='\uf232' data-av_iconfont='entypo-fontello' title='' data-avia-related-tooltip='Compartir en Whatsapp' rel=\"noopener\"><span class='avia_hidden_link_text'>Compartir en Whatsapp<\/span><\/a><\/li><li class='av-share-link av-social-link-linkedin' ><a target=\"_blank\" aria-label=\"Compartir en LinkedIn\" href='https:\/\/linkedin.com\/shareArticle?mini=true&#038;title=Censo%202024%3A%20Subcomisi%C3%B3n%20informa%20sobre%20el%20proceso%20en%20Ays%C3%A9n&#038;url=https:\/\/radiorevelacionfm.cl\/?p=44055' aria-hidden='false' data-av_icon='\ue8fc' data-av_iconfont='entypo-fontello' title='' data-avia-related-tooltip='Compartir en LinkedIn' rel=\"noopener\"><span class='avia_hidden_link_text'>Compartir en LinkedIn<\/span><\/a><\/li><li class='av-share-link av-social-link-mail' ><a  aria-label=\"Compartir por correo\" href='mailto:?subject=Censo%202024%3A%20Subcomisi%C3%B3n%20informa%20sobre%20el%20proceso%20en%20Ays%C3%A9n&#038;body=https:\/\/radiorevelacionfm.cl\/?p=44055' aria-hidden='false' data-av_icon='\ue805' data-av_iconfont='entypo-fontello' title='' data-avia-related-tooltip='Compartir por correo'><span class='avia_hidden_link_text'>Compartir por correo<\/span><\/a><\/li><\/ul><\/div><\/div>\n<div  style='height:50px' class='hr hr-invisible   avia-builder-el-8  el_after_av_social_share  el_before_av_comments_list '><span class='hr-inner ' ><span class='hr-inner-style'><\/span><\/span><\/div>\n<div  class='av-buildercomment  av-blog-meta-html-info-disabled av-blog-meta-tag-disabled  '><\/div>\n","protected":false},"excerpt":{"rendered":"","protected":false},"author":1,"featured_media":44056,"comment_status":"open","ping_status":"open","sticky":false,"template":"","format":"standard","meta":{"footnotes":""},"categories":[38],"tags":[],"class_list":["post-44055","post","type-post","status-publish","format-standard","has-post-thumbnail","hentry","category-regional"],"jetpack_featured_media_url":"https:\/\/radiorevelacionfm.cl\/wp-content\/uploads\/2024\/07\/Villa-Manihuales-1-1.jpg","_links":{"self":[{"href":"https:\/\/radiorevelacionfm.cl\/index.php?rest_route=\/wp\/v2\/posts\/44055","targetHints":{"allow":["GET"]}}],"collection":[{"href":"https:\/\/radiorevelacionfm.cl\/index.php?rest_route=\/wp\/v2\/posts"}],"about":[{"href":"https:\/\/radiorevelacionfm.cl\/index.php?rest_route=\/wp\/v2\/types\/post"}],"author":[{"embeddable":true,"href":"https:\/\/radiorevelacionfm.cl\/index.php?rest_route=\/wp\/v2\/users\/1"}],"replies":[{"embeddable":true,"href":"https:\/\/radiorevelacionfm.cl\/index.php?rest_route=%2Fwp%2Fv2%2Fcomments&post=44055"}],"version-history":[{"count":1,"href":"https:\/\/radiorevelacionfm.cl\/index.php?rest_route=\/wp\/v2\/posts\/44055\/revisions"}],"predecessor-version":[{"id":44057,"href":"https:\/\/radiorevelacionfm.cl\/index.php?rest_route=\/wp\/v2\/posts\/44055\/revisions\/44057"}],"wp:featuredmedia":[{"embeddable":true,"href":"https:\/\/radiorevelacionfm.cl\/index.php?rest_route=\/wp\/v2\/media\/44056"}],"wp:attachment":[{"href":"https:\/\/radiorevelacionfm.cl\/index.php?rest_route=%2Fwp%2Fv2%2Fmedia&parent=44055"}],"wp:term":[{"taxonomy":"category","embeddable":true,"href":"https:\/\/radiorevelacionfm.cl\/index.php?rest_route=%2Fwp%2Fv2%2Fcategories&post=44055"},{"taxonomy":"post_tag","embeddable":true,"href":"https:\/\/radiorevelacionfm.cl\/index.php?rest_route=%2Fwp%2Fv2%2Ftags&post=44055"}],"curies":[{"name":"wp","href":"https:\/\/api.w.org\/{rel}","templated":true}]}}