{"id":44052,"date":"2024-07-10T21:38:18","date_gmt":"2024-07-11T00:38:18","guid":{"rendered":"https:\/\/radiorevelacionfm.cl\/?p=44052"},"modified":"2024-07-10T21:38:18","modified_gmt":"2024-07-11T00:38:18","slug":"ya-es-oficial-comienza-el-proceso-de-actualizacion-del-plan-de-descontaminacion-atmosferica-de-coyhaique","status":"publish","type":"post","link":"https:\/\/radiorevelacionfm.cl\/?p=44052","title":{"rendered":"\u00a1Ya es oficial! Comienza el proceso de actualizaci\u00f3n del Plan de Descontaminaci\u00f3n Atmosf\u00e9rica de Coyhaique"},"content":{"rendered":"<div class=\"flex_column av_one_full  flex_column_div av-zero-column-padding first  avia-builder-el-0  el_before_av_one_full  avia-builder-el-first  \" style='border-radius:0px; '><div  class='avia-image-container  av-styling-    avia-builder-el-1  avia-builder-el-no-sibling  avia-align-center '  itemprop=\"image\" itemscope=\"itemscope\" itemtype=\"https:\/\/schema.org\/ImageObject\"  ><div class='avia-image-container-inner'><div class='avia-image-overlay-wrap'><img decoding=\"async\" class='wp-image-44053 avia-img-lazy-loading-not-44053 avia_image' src=\"https:\/\/radiorevelacionfm.cl\/wp-content\/uploads\/2024\/07\/estacion-coyhaique-2-1-1.jpeg\" alt='' title='estacion coyhaique 2 (1) (1)' height=\"600\" width=\"1067\"  itemprop=\"thumbnailUrl\" srcset=\"https:\/\/radiorevelacionfm.cl\/wp-content\/uploads\/2024\/07\/estacion-coyhaique-2-1-1.jpeg 1067w, https:\/\/radiorevelacionfm.cl\/wp-content\/uploads\/2024\/07\/estacion-coyhaique-2-1-1-300x169.jpeg 300w, https:\/\/radiorevelacionfm.cl\/wp-content\/uploads\/2024\/07\/estacion-coyhaique-2-1-1-1030x579.jpeg 1030w, https:\/\/radiorevelacionfm.cl\/wp-content\/uploads\/2024\/07\/estacion-coyhaique-2-1-1-768x432.jpeg 768w, https:\/\/radiorevelacionfm.cl\/wp-content\/uploads\/2024\/07\/estacion-coyhaique-2-1-1-705x396.jpeg 705w, https:\/\/radiorevelacionfm.cl\/wp-content\/uploads\/2024\/07\/estacion-coyhaique-2-1-1-450x253.jpeg 450w, https:\/\/radiorevelacionfm.cl\/wp-content\/uploads\/2024\/07\/estacion-coyhaique-2-1-1-600x337.jpeg 600w\" sizes=\"(max-width: 1067px) 100vw, 1067px\" \/><\/div><\/div><\/div><\/div><div class=\"flex_column av_one_full  flex_column_div av-zero-column-padding first  avia-builder-el-2  el_after_av_one_full  el_before_av_one_full  column-top-margin\" style='border-radius:0px; '><section class=\"av_textblock_section \"  itemscope=\"itemscope\" itemtype=\"https:\/\/schema.org\/BlogPosting\" itemprop=\"blogPost\" ><div class='avia_textblock  '   itemprop=\"text\" ><p style=\"text-align: center;\"><span style=\"font-size: 18pt;\"><strong>\u00a1Ya es oficial! Comienza el proceso de actualizaci\u00f3n del Plan de Descontaminaci\u00f3n Atmosf\u00e9rica de Coyhaique<\/strong><\/span><\/p>\n<div id=\"gtx-trans\" style=\"position: absolute; left: -50px; top: 4.31534px;\">\n<div class=\"gtx-trans-icon\"><\/div>\n<\/div>\n<\/div><\/section><\/div><div class=\"flex_column av_one_full  flex_column_div av-zero-column-padding first  avia-builder-el-4  el_after_av_one_full  el_before_av_hr  column-top-margin\" style='border-radius:0px; '><section class=\"av_textblock_section \"  itemscope=\"itemscope\" itemtype=\"https:\/\/schema.org\/BlogPosting\" itemprop=\"blogPost\" ><div class='avia_textblock  '   itemprop=\"text\" ><p style=\"text-align: justify;\">Esta semana se public\u00f3 en el Diario Oficial la Resoluci\u00f3n Exenta N\u00b0 2203 del Ministerio del Medio Ambiente que da inicio al proceso de revisi\u00f3n y actualizaci\u00f3n del Plan de Descontaminaci\u00f3n Atmosf\u00e9rica de Coyhaique PDA y su zona circundante.<\/p>\n<p style=\"text-align: justify;\">El PDA de Coyhaique, que ha instruido medidas desde el a\u00f1o 2016 para material particulado grueso MP10 y desde hace cinco a\u00f1os para el material particulado fino MP2.5, se enfrenta al inicio del proceso de revisi\u00f3n y actualizaci\u00f3n de sus medidas, que seg\u00fan el registro hist\u00f3rico han conseguido disminuir los episodios de emergencia en un 70% respecto del a\u00f1o 2016 y 40% menos episodios totales, esto considerando los datos recabados hasta el a\u00f1o 2023.<\/p>\n<p style=\"text-align: justify;\">El Seremi del Medio Ambiente, Yoal D\u00edaz, \u00a0destac\u00f3 que, si bien Coyhaique ha sido la ciudad que ha disminuido sus concentraciones de manera m\u00e1s r\u00e1pida en comparaci\u00f3n con otras ciudades del sur, esto da cuenta de un avance, pero tambi\u00e9n de una problem\u00e1tica vigente y urgente donde se hace necesario observar cu\u00e1les son las medidas que tienen un mayor impacto para poder enfocar all\u00ed los recursos, \u201cComo Gobierno, estamos comprometidos con avanzar en descontaminar todas las ciudades del centro sur de Chile que est\u00e1n afectadas por la emisi\u00f3n de material particulado proveniente de la le\u00f1a y eso requiere de un trabajo de largo aliento. Hemos avanzado gradualmente, pero necesitamos tambi\u00e9n actualizar las medidas que estamos llevando adelante. As\u00ed que desde ya comenzar\u00e1 el trabajo del Comit\u00e9 Operativo para generar un anteproyecto que nos permita avanzar en que Coyhaique y toda la regi\u00f3n de Ays\u00e9n tenga mejor calidad de aire y de vida\u201d, declar\u00f3 el Seremi Yoal D\u00edaz.<\/p>\n<p style=\"text-align: justify;\"><strong>Elaboraci\u00f3n del Anteproyecto<\/strong><\/p>\n<p style=\"text-align: justify;\">Para la elaboraci\u00f3n del anteproyecto que actualiza el PDA, se establece un a\u00f1o como plazo, (sujeto a ampliaci\u00f3n) desde la publicaci\u00f3n en el Diario oficial el pasado 9 de julio y cuyo dise\u00f1o estar\u00e1 a cargo estar\u00e1 a cargo de un Comit\u00e9 Operativo compuesto por servicios p\u00fablicos con pertinencia en la materia, siendo sus integrantes la Delegaci\u00f3n Presidencial Regional de Ays\u00e9n, Gobierno Regional de Ays\u00e9n, I. Municipalidad de Coyhaique, SEREMI de Energ\u00eda, SEREMI de Vivienda y Urbanismo, SEREMI de Salud, SEREMI de Educaci\u00f3n, SEREMI de Transporte y telecomunicaciones, Servicio de Vivienda y Urbanismo y Superintendencia de Medio Ambiente y la SEREMI del Medio Ambiente.<\/p>\n<p style=\"text-align: justify;\">Se conformar\u00e1 tambi\u00e9n un Comit\u00e9 Operativo Ampliado que contar\u00e1 con los miembros del comit\u00e9 operativo e incluir\u00e1 a quienes ellos designen que se encuentren fuera del \u00e1mbito p\u00fablico, es decir academia, centros de investigaci\u00f3n, ONGs y agrupaciones sociales como juntas de vecinos, clubes deportivos, etc.<\/p>\n<p style=\"text-align: justify;\">Para fortalecer la elaboraci\u00f3n del anteproyecto, desde la Seremi del Medio Ambiente se ha adjudicado un estudio a la Direcci\u00f3n de Investigaciones Cient\u00edficas y Tecnol\u00f3gicas de la Pontificia Universidad Cat\u00f3lica de Chile DICTUC, que tiene por objetivo insumar el trabajo con una actualizaci\u00f3n del inventario de emisiones, una evaluaci\u00f3n de las medidas del PDA y una propuesta de nuevas medidas para la actualizaci\u00f3n.<\/p>\n<p style=\"text-align: justify;\"><strong>Participaci\u00f3n ciudadana<\/strong><\/p>\n<p style=\"text-align: justify;\">Seg\u00fan indica la resoluci\u00f3n, desde su publicaci\u00f3n y hasta el d\u00eda 7 de octubre, considerando\u00a0\u00a0 sesenta d\u00edas h\u00e1biles, est\u00e1 disponible la recepci\u00f3n de antecedentes sobre la actualizaci\u00f3n del Plan de Descontaminaci\u00f3n Atmosf\u00e9rica por MP10 y MP2,5 para Coyhaique y su \u00e1rea circundante, donde cualquier persona natural o jur\u00eddica podr\u00e1 aportar antecedentes t\u00e9cnicos, cient\u00edficos, sociales y econ\u00f3micos sobre la materia. Dichos antecedentes deber\u00e1n entregarse por escrito en la Oficina de Partes del Ministerio del Medio Ambiente o de la Secretar\u00eda Regional Ministerial del Medio Ambiente de la Regi\u00f3n de Ays\u00e9n ubicada en calle Portales N\u00b0125 Coyhaique, o bien, en formato digital en la casilla electr\u00f3nica: \u00a0oficinadepartesaysen@mma.gob.cl, habilitada para tales efectos.<\/p>\n<p style=\"text-align: justify;\">As\u00ed tambi\u00e9n el anteproyecto de actualizaci\u00f3n del PDA ser\u00e1 sometido a consulta ciudadana y contar\u00e1 con el apoyo de talleres informativos para su correcta difusi\u00f3n.<\/p>\n<p style=\"text-align: justify;\"><strong>Las medidas<\/strong><\/p>\n<p style=\"text-align: justify;\">El Plan de Descontaminaci\u00f3n vigente en la zona saturada de Coyhaique se sostiene sobre cuatro pilares fundamentales: Mejoramiento t\u00e9rmico de viviendas, donde se establece una meta de 7.000 subsidios de aislaci\u00f3n t\u00e9rmica est\u00e1ndar PDA que al a\u00f1o 2023 alcanzaron 6.490 familias consider\u00e1ndose un 92,7 por ciento de avance en el cumplimiento de la meta; Combustibles limpios, que establece una meta a 10 a\u00f1os para el Ministerio de Energ\u00eda donde se debe asegurar la disponibilidad de al menos 100.000 m3 de le\u00f1a seca, trabajo que ya alcanza los 30.563 metros c\u00fabicos y sobre el que se contin\u00faa avanzando mediante los programas le\u00f1a m\u00e1s seca, sello de calidad y centro integral de biomasa; Calefacci\u00f3n eficiente, que apunta\u00a0 a sustituir los artefactos a le\u00f1a, principal fuente de contaminaci\u00f3n atmosf\u00e9rica en Coyhaique, por sistemas m\u00e1s eficientes y menos contaminantes, donde el programa de recambio de calefactores ya ha chatarrizado m\u00e1s de 9.000 artefactos de la meta establecida de 15.000, y este a\u00f1o est\u00e1 impulsando llamados por 2.200 nuevos equipos; y finalmente Difusi\u00f3n y Educaci\u00f3n, pilar abordado gracias al apoyo del Gobierno Regional y su Consejo mediante el programa F.N.D.R. de Difusi\u00f3n y Educaci\u00f3n Ambiental en Calidad de Aire, para hacer frente a la necesidad de aportar a la reducci\u00f3n de los niveles de contaminaci\u00f3n del aire en la regi\u00f3n de Ays\u00e9n promoviendo acciones que permitan aumentar el conocimiento de la problem\u00e1tica y generar h\u00e1bitos y conductas pro ambientales. Las mencionadas medidas principales y otras forman en su conjunto la hoja de ruta para descontaminar la ciudad de Coyhaique, dichas medidas, PDA y la resoluci\u00f3n publicada en el Diario Oficial se encuentran disponibles para su revisi\u00f3n en airecoyhaique.mma.gob.cl<\/p>\n<\/div><\/section><\/div><div  style='height:50px' class='hr hr-invisible   avia-builder-el-6  el_after_av_one_full  el_before_av_social_share '><span class='hr-inner ' ><span class='hr-inner-style'><\/span><\/span><\/div><\/p>\n<div  class='av-social-sharing-box  avia-builder-el-7  el_after_av_hr  el_before_av_hr  '><div class='av-share-box'><h5 class='av-share-link-description av-no-toc '>Compartir esta noticia<\/h5><ul class='av-share-box-list noLightbox'><li class='av-share-link av-social-link-facebook' ><a target=\"_blank\" aria-label=\"Compartir en Facebook\" href='https:\/\/www.facebook.com\/sharer.php?u=https:\/\/radiorevelacionfm.cl\/?p=44052&#038;t=%C2%A1Ya%20es%20oficial%21%20Comienza%20el%20proceso%20de%20actualizaci%C3%B3n%20del%20Plan%20de%20Descontaminaci%C3%B3n%20Atmosf%C3%A9rica%20de%20Coyhaique' aria-hidden='false' data-av_icon='\ue8f3' data-av_iconfont='entypo-fontello' title='' data-avia-related-tooltip='Compartir en Facebook' rel=\"noopener\"><span class='avia_hidden_link_text'>Compartir en Facebook<\/span><\/a><\/li><li class='av-share-link av-social-link-twitter' ><a target=\"_blank\" aria-label=\"Compartir en Twitter\" href='https:\/\/twitter.com\/share?text=%C2%A1Ya%20es%20oficial%21%20Comienza%20el%20proceso%20de%20actualizaci%C3%B3n%20del%20Plan%20de%20Descontaminaci%C3%B3n%20Atmosf%C3%A9rica%20de%20Coyhaique&#038;url=https:\/\/radiorevelacionfm.cl\/?p=44052' aria-hidden='false' data-av_icon='\ue8f1' data-av_iconfont='entypo-fontello' title='' data-avia-related-tooltip='Compartir en Twitter' rel=\"noopener\"><span class='avia_hidden_link_text'>Compartir en Twitter<\/span><\/a><\/li><li class='av-share-link av-social-link-whatsapp' ><a target=\"_blank\" aria-label=\"Compartir en Whatsapp\" href='https:\/\/api.whatsapp.com\/send?text=https:\/\/radiorevelacionfm.cl\/?p=44052' aria-hidden='false' data-av_icon='\uf232' data-av_iconfont='entypo-fontello' title='' data-avia-related-tooltip='Compartir en Whatsapp' rel=\"noopener\"><span class='avia_hidden_link_text'>Compartir en Whatsapp<\/span><\/a><\/li><li class='av-share-link av-social-link-linkedin' ><a target=\"_blank\" aria-label=\"Compartir en LinkedIn\" href='https:\/\/linkedin.com\/shareArticle?mini=true&#038;title=%C2%A1Ya%20es%20oficial%21%20Comienza%20el%20proceso%20de%20actualizaci%C3%B3n%20del%20Plan%20de%20Descontaminaci%C3%B3n%20Atmosf%C3%A9rica%20de%20Coyhaique&#038;url=https:\/\/radiorevelacionfm.cl\/?p=44052' aria-hidden='false' data-av_icon='\ue8fc' data-av_iconfont='entypo-fontello' title='' data-avia-related-tooltip='Compartir en LinkedIn' rel=\"noopener\"><span class='avia_hidden_link_text'>Compartir en LinkedIn<\/span><\/a><\/li><li class='av-share-link av-social-link-mail' ><a  aria-label=\"Compartir por correo\" href='mailto:?subject=%C2%A1Ya%20es%20oficial%21%20Comienza%20el%20proceso%20de%20actualizaci%C3%B3n%20del%20Plan%20de%20Descontaminaci%C3%B3n%20Atmosf%C3%A9rica%20de%20Coyhaique&#038;body=https:\/\/radiorevelacionfm.cl\/?p=44052' aria-hidden='false' data-av_icon='\ue805' data-av_iconfont='entypo-fontello' title='' data-avia-related-tooltip='Compartir por correo'><span class='avia_hidden_link_text'>Compartir por correo<\/span><\/a><\/li><\/ul><\/div><\/div>\n<div  style='height:50px' class='hr hr-invisible   avia-builder-el-8  el_after_av_social_share  el_before_av_comments_list '><span class='hr-inner ' ><span class='hr-inner-style'><\/span><\/span><\/div>\n<div  class='av-buildercomment  av-blog-meta-html-info-disabled av-blog-meta-tag-disabled  '><\/div>\n","protected":false},"excerpt":{"rendered":"","protected":false},"author":1,"featured_media":44053,"comment_status":"open","ping_status":"open","sticky":false,"template":"","format":"standard","meta":{"footnotes":""},"categories":[39],"tags":[],"class_list":["post-44052","post","type-post","status-publish","format-standard","has-post-thumbnail","hentry","category-medio-ambiente"],"jetpack_featured_media_url":"https:\/\/radiorevelacionfm.cl\/wp-content\/uploads\/2024\/07\/estacion-coyhaique-2-1-1.jpeg","_links":{"self":[{"href":"https:\/\/radiorevelacionfm.cl\/index.php?rest_route=\/wp\/v2\/posts\/44052","targetHints":{"allow":["GET"]}}],"collection":[{"href":"https:\/\/radiorevelacionfm.cl\/index.php?rest_route=\/wp\/v2\/posts"}],"about":[{"href":"https:\/\/radiorevelacionfm.cl\/index.php?rest_route=\/wp\/v2\/types\/post"}],"author":[{"embeddable":true,"href":"https:\/\/radiorevelacionfm.cl\/index.php?rest_route=\/wp\/v2\/users\/1"}],"replies":[{"embeddable":true,"href":"https:\/\/radiorevelacionfm.cl\/index.php?rest_route=%2Fwp%2Fv2%2Fcomments&post=44052"}],"version-history":[{"count":1,"href":"https:\/\/radiorevelacionfm.cl\/index.php?rest_route=\/wp\/v2\/posts\/44052\/revisions"}],"predecessor-version":[{"id":44054,"href":"https:\/\/radiorevelacionfm.cl\/index.php?rest_route=\/wp\/v2\/posts\/44052\/revisions\/44054"}],"wp:featuredmedia":[{"embeddable":true,"href":"https:\/\/radiorevelacionfm.cl\/index.php?rest_route=\/wp\/v2\/media\/44053"}],"wp:attachment":[{"href":"https:\/\/radiorevelacionfm.cl\/index.php?rest_route=%2Fwp%2Fv2%2Fmedia&parent=44052"}],"wp:term":[{"taxonomy":"category","embeddable":true,"href":"https:\/\/radiorevelacionfm.cl\/index.php?rest_route=%2Fwp%2Fv2%2Fcategories&post=44052"},{"taxonomy":"post_tag","embeddable":true,"href":"https:\/\/radiorevelacionfm.cl\/index.php?rest_route=%2Fwp%2Fv2%2Ftags&post=44052"}],"curies":[{"name":"wp","href":"https:\/\/api.w.org\/{rel}","templated":true}]}}