{"id":44048,"date":"2024-07-10T19:10:28","date_gmt":"2024-07-10T22:10:28","guid":{"rendered":"https:\/\/radiorevelacionfm.cl\/?p=44048"},"modified":"2024-07-10T19:10:28","modified_gmt":"2024-07-10T22:10:28","slug":"boletas-de-consumo-de-agua-en-coyhaique-y-aysen-incorporan-informacion-sobre-canales-de-orientacion-denuncia-y-prevencion-en-casos-de-violencia-de-genero","status":"publish","type":"post","link":"https:\/\/radiorevelacionfm.cl\/?p=44048","title":{"rendered":"Boletas de consumo de agua en Coyhaique y Ays\u00e9n incorporan informaci\u00f3n sobre canales de orientaci\u00f3n, denuncia y prevenci\u00f3n en casos de violencia de g\u00e9nero"},"content":{"rendered":"<div class=\"flex_column av_one_full  flex_column_div av-zero-column-padding first  avia-builder-el-0  el_before_av_one_full  avia-builder-el-first  \" style='border-radius:0px; '><div  class='avia-image-container  av-styling-    avia-builder-el-1  avia-builder-el-no-sibling  avia-align-center '  itemprop=\"image\" itemscope=\"itemscope\" itemtype=\"https:\/\/schema.org\/ImageObject\"  ><div class='avia-image-container-inner'><div class='avia-image-overlay-wrap'><img decoding=\"async\" class='wp-image-44049 avia-img-lazy-loading-not-44049 avia_image' src=\"https:\/\/radiorevelacionfm.cl\/wp-content\/uploads\/2024\/07\/whatsapp-image-2024-07-10-at-10_optimized.10.22-1.jpeg\" alt='' title='whatsapp-image-2024-07-10-at-10_optimized.10.22-(1)' height=\"600\" width=\"880\"  itemprop=\"thumbnailUrl\" srcset=\"https:\/\/radiorevelacionfm.cl\/wp-content\/uploads\/2024\/07\/whatsapp-image-2024-07-10-at-10_optimized.10.22-1.jpeg 880w, https:\/\/radiorevelacionfm.cl\/wp-content\/uploads\/2024\/07\/whatsapp-image-2024-07-10-at-10_optimized.10.22-1-300x205.jpeg 300w, https:\/\/radiorevelacionfm.cl\/wp-content\/uploads\/2024\/07\/whatsapp-image-2024-07-10-at-10_optimized.10.22-1-768x524.jpeg 768w, https:\/\/radiorevelacionfm.cl\/wp-content\/uploads\/2024\/07\/whatsapp-image-2024-07-10-at-10_optimized.10.22-1-705x481.jpeg 705w, https:\/\/radiorevelacionfm.cl\/wp-content\/uploads\/2024\/07\/whatsapp-image-2024-07-10-at-10_optimized.10.22-1-450x307.jpeg 450w, https:\/\/radiorevelacionfm.cl\/wp-content\/uploads\/2024\/07\/whatsapp-image-2024-07-10-at-10_optimized.10.22-1-600x409.jpeg 600w\" sizes=\"(max-width: 880px) 100vw, 880px\" \/><\/div><\/div><\/div><\/div><div class=\"flex_column av_one_full  flex_column_div av-zero-column-padding first  avia-builder-el-2  el_after_av_one_full  el_before_av_one_full  column-top-margin\" style='border-radius:0px; '><section class=\"av_textblock_section \"  itemscope=\"itemscope\" itemtype=\"https:\/\/schema.org\/BlogPosting\" itemprop=\"blogPost\" ><div class='avia_textblock  '   itemprop=\"text\" ><p style=\"text-align: center;\"><span style=\"font-size: 18pt;\"><b><span lang=\"ES-CL\">Boletas de consumo de agua en Coyhaique y Ays\u00e9n incorporan informaci\u00f3n sobre canales de orientaci\u00f3n, denuncia y prevenci\u00f3n en casos de violencia de g\u00e9nero<\/span><\/b><\/span><\/p>\n<div id=\"gtx-trans\" style=\"position: absolute; left: -50px; top: 4.31534px;\">\n<div class=\"gtx-trans-icon\"><\/div>\n<\/div>\n<\/div><\/section><\/div><div class=\"flex_column av_one_full  flex_column_div av-zero-column-padding first  avia-builder-el-4  el_after_av_one_full  el_before_av_hr  column-top-margin\" style='border-radius:0px; '><section class=\"av_textblock_section \"  itemscope=\"itemscope\" itemtype=\"https:\/\/schema.org\/BlogPosting\" itemprop=\"blogPost\" ><div class='avia_textblock  '   itemprop=\"text\" ><p style=\"font-weight: 400; text-align: justify;\"><em>En mayo pasado, el Ministerio de la Mujer y la Equidad de G\u00e9nero en Ays\u00e9n y Aguas Patagonia, firmaron convenio de colaboraci\u00f3n que adiciona folleter\u00eda e informaci\u00f3n en los cobros mensuales de sus clientes.<\/em><\/p>\n<p style=\"font-weight: 400; text-align: justify;\">M\u00e1s de 7.000 clientes de Aguas Patagonia han recibido en sus hogares, boletas de cobro de consumo de agua con informaci\u00f3n sobre la campa\u00f1a #LleguemosACero impulsada por el Ministerio de la Mujer y la Equidad de G\u00e9nero. El folleto incorpora los contactos de los Centros de las Mujeres y canales de orientaci\u00f3n y denuncia, en contextos de violencia de g\u00e9nero para las comunas de Coyhaique y Ays\u00e9n.<\/p>\n<p style=\"font-weight: 400; text-align: justify;\">Esta iniciativa p\u00fablico-privada, fue formalizada el pasado 10 de mayo de este a\u00f1o, a trav\u00e9s de un convenio de colaboraci\u00f3n firmado entre el Ministerio de la Mujer y la Equidad de G\u00e9nero y la empresa Aguas Patagonia, siendo una iniciativa pionera, a nivel nacional, que permite llegar con este tipo de informaci\u00f3n a una mayor extensi\u00f3n el territorio.<\/p>\n<p style=\"font-weight: 400; text-align: justify;\">Con esta acci\u00f3n, esperamos llegar territorialmente a la mayor cantidad de hogares en las comunas de Ays\u00e9n y Coyhaique, especialmente a las mujeres que no tienen acceso a este tipo de informaci\u00f3n a trav\u00e9s de medios m\u00e1s convencionales, ya sea por la lejan\u00eda o por el poco conocimiento de la red institucional regional. Es clave reconocer esta interseccionalidad y las diferentes realidades de las mujeres en este territorio, as\u00ed como la importancia de que toda la comunidad y las familias en su conjunto conozcan esta campa\u00f1a para que lleguemos a cero en materia de violencia en contra de las mujeres\u201d, indic\u00f3 la Seremi de la Mujer y la Equidad de G\u00e9nero (S), Isabel Garrido\u00a0Cassasa.<\/p>\n<p style=\"font-weight: 400; text-align: justify;\">As\u00ed tambi\u00e9n, la autoridad agradeci\u00f3 el compromiso de la empresa Aguas Patagonia, la cual puso a disposici\u00f3n sus redes de distribuci\u00f3n y comunicaci\u00f3n con sus clientes para la difusi\u00f3n de esta informaci\u00f3n relevante en materia de prevenci\u00f3n de la violencia de g\u00e9nero.<\/p>\n<p style=\"font-weight: 400; text-align: justify;\">Por su parte, Paulina Toledo Loyola, Gerenta de Clientes de Aguas Patagonia indic\u00f3 que: \u201ccomo empresa comprometida con esta campa\u00f1a, entendemos que la violencia de g\u00e9nero est\u00e1 presente en distintos espacios y nuestro compromiso es aportar a la prevenci\u00f3n de estos hechos, y a la denuncia oportuna, porque es una responsabilidad de todos.\u201d<\/p>\n<p style=\"font-weight: 400; text-align: justify;\">La campa\u00f1a #LleguemosaCero, ha sido desplegada en Coyhaique, Balmaceda, Puerto Ays\u00e9n, Puerto Cisnes, Chile Chico, R\u00edo Ib\u00e1\u00f1ez y Cochrane. La iniciativa vigente se lanz\u00f3 en noviembre del 2023 en el marco de la conmemoraci\u00f3n del Mes por la Eliminaci\u00f3n de la Violencia en Contra de las Mujer y, la cual compromete la responsabilidad de todas y todos, en: acompa\u00f1ar, intervenir, interpelar y denunciar, hechos de violencia de g\u00e9nero.<\/p>\n<p style=\"font-weight: 400; text-align: justify;\">Asimismo, la iniciativa regional pone a disposici\u00f3n los siguientes n\u00fameros de orientaci\u00f3n:\u00a0<strong>Fono Orientaci\u00f3n 1455 de SernamEG<\/strong>\u00a0y\u00a0<strong>Carabineros 149<\/strong>. De la misma manera, se entregan canales de denuncia, tales como:\u00a0<strong>Carabineros,133<\/strong>\u00a0y\u00a0<strong>Polic\u00eda de Investigaciones, 134<\/strong>. A lo anterior se suma la informaci\u00f3n de los\u00a0<strong>Centros de las Mujeres \u201cRay\u00e9n\u201d, en Coyhaique<\/strong>; y\u00a0<strong>\u201cNaa Alver\u00e9\u201d en Puerto Ays\u00e9n,<\/strong>\u00a0espacios de acogida a mujeres y personas v\u00edctimas de violencia de g\u00e9nero en la regi\u00f3n de Ays\u00e9n.<\/p>\n<\/div><\/section><\/div><div  style='height:50px' class='hr hr-invisible   avia-builder-el-6  el_after_av_one_full  el_before_av_social_share '><span class='hr-inner ' ><span class='hr-inner-style'><\/span><\/span><\/div><\/p>\n<div  class='av-social-sharing-box  avia-builder-el-7  el_after_av_hr  el_before_av_hr  '><div class='av-share-box'><h5 class='av-share-link-description av-no-toc '>Compartir esta noticia<\/h5><ul class='av-share-box-list noLightbox'><li class='av-share-link av-social-link-facebook' ><a target=\"_blank\" aria-label=\"Compartir en Facebook\" href='https:\/\/www.facebook.com\/sharer.php?u=https:\/\/radiorevelacionfm.cl\/?p=44048&#038;t=Boletas%20de%20consumo%20de%20agua%20en%20Coyhaique%20y%20Ays%C3%A9n%20incorporan%20informaci%C3%B3n%20sobre%20canales%20de%20orientaci%C3%B3n%2C%20denuncia%20y%20prevenci%C3%B3n%20en%20casos%20de%20violencia%20de%20g%C3%A9nero' aria-hidden='false' data-av_icon='\ue8f3' data-av_iconfont='entypo-fontello' title='' data-avia-related-tooltip='Compartir en Facebook' rel=\"noopener\"><span class='avia_hidden_link_text'>Compartir en Facebook<\/span><\/a><\/li><li class='av-share-link av-social-link-twitter' ><a target=\"_blank\" aria-label=\"Compartir en Twitter\" href='https:\/\/twitter.com\/share?text=Boletas%20de%20consumo%20de%20agua%20en%20Coyhaique%20y%20Ays%C3%A9n%20incorporan%20informaci%C3%B3n%20sobre%20canales%20de%20orientaci%C3%B3n%2C%20denuncia%20y%20prevenci%C3%B3n%20en%20casos%20de%20violencia%20de%20g%C3%A9nero&#038;url=https:\/\/radiorevelacionfm.cl\/?p=44048' aria-hidden='false' data-av_icon='\ue8f1' data-av_iconfont='entypo-fontello' title='' data-avia-related-tooltip='Compartir en Twitter' rel=\"noopener\"><span class='avia_hidden_link_text'>Compartir en Twitter<\/span><\/a><\/li><li class='av-share-link av-social-link-whatsapp' ><a target=\"_blank\" aria-label=\"Compartir en Whatsapp\" href='https:\/\/api.whatsapp.com\/send?text=https:\/\/radiorevelacionfm.cl\/?p=44048' aria-hidden='false' data-av_icon='\uf232' data-av_iconfont='entypo-fontello' title='' data-avia-related-tooltip='Compartir en Whatsapp' rel=\"noopener\"><span class='avia_hidden_link_text'>Compartir en Whatsapp<\/span><\/a><\/li><li class='av-share-link av-social-link-linkedin' ><a target=\"_blank\" aria-label=\"Compartir en LinkedIn\" href='https:\/\/linkedin.com\/shareArticle?mini=true&#038;title=Boletas%20de%20consumo%20de%20agua%20en%20Coyhaique%20y%20Ays%C3%A9n%20incorporan%20informaci%C3%B3n%20sobre%20canales%20de%20orientaci%C3%B3n%2C%20denuncia%20y%20prevenci%C3%B3n%20en%20casos%20de%20violencia%20de%20g%C3%A9nero&#038;url=https:\/\/radiorevelacionfm.cl\/?p=44048' aria-hidden='false' data-av_icon='\ue8fc' data-av_iconfont='entypo-fontello' title='' data-avia-related-tooltip='Compartir en LinkedIn' rel=\"noopener\"><span class='avia_hidden_link_text'>Compartir en LinkedIn<\/span><\/a><\/li><li class='av-share-link av-social-link-mail' ><a  aria-label=\"Compartir por correo\" href='mailto:?subject=Boletas%20de%20consumo%20de%20agua%20en%20Coyhaique%20y%20Ays%C3%A9n%20incorporan%20informaci%C3%B3n%20sobre%20canales%20de%20orientaci%C3%B3n%2C%20denuncia%20y%20prevenci%C3%B3n%20en%20casos%20de%20violencia%20de%20g%C3%A9nero&#038;body=https:\/\/radiorevelacionfm.cl\/?p=44048' aria-hidden='false' data-av_icon='\ue805' data-av_iconfont='entypo-fontello' title='' data-avia-related-tooltip='Compartir por correo'><span class='avia_hidden_link_text'>Compartir por correo<\/span><\/a><\/li><\/ul><\/div><\/div>\n<div  style='height:50px' class='hr hr-invisible   avia-builder-el-8  el_after_av_social_share  el_before_av_comments_list '><span class='hr-inner ' ><span class='hr-inner-style'><\/span><\/span><\/div>\n<div  class='av-buildercomment  av-blog-meta-html-info-disabled av-blog-meta-tag-disabled  '><\/div>\n","protected":false},"excerpt":{"rendered":"","protected":false},"author":1,"featured_media":44049,"comment_status":"open","ping_status":"open","sticky":false,"template":"","format":"standard","meta":{"footnotes":""},"categories":[38],"tags":[],"class_list":["post-44048","post","type-post","status-publish","format-standard","has-post-thumbnail","hentry","category-regional"],"jetpack_featured_media_url":"https:\/\/radiorevelacionfm.cl\/wp-content\/uploads\/2024\/07\/whatsapp-image-2024-07-10-at-10_optimized.10.22-1.jpeg","_links":{"self":[{"href":"https:\/\/radiorevelacionfm.cl\/index.php?rest_route=\/wp\/v2\/posts\/44048","targetHints":{"allow":["GET"]}}],"collection":[{"href":"https:\/\/radiorevelacionfm.cl\/index.php?rest_route=\/wp\/v2\/posts"}],"about":[{"href":"https:\/\/radiorevelacionfm.cl\/index.php?rest_route=\/wp\/v2\/types\/post"}],"author":[{"embeddable":true,"href":"https:\/\/radiorevelacionfm.cl\/index.php?rest_route=\/wp\/v2\/users\/1"}],"replies":[{"embeddable":true,"href":"https:\/\/radiorevelacionfm.cl\/index.php?rest_route=%2Fwp%2Fv2%2Fcomments&post=44048"}],"version-history":[{"count":1,"href":"https:\/\/radiorevelacionfm.cl\/index.php?rest_route=\/wp\/v2\/posts\/44048\/revisions"}],"predecessor-version":[{"id":44050,"href":"https:\/\/radiorevelacionfm.cl\/index.php?rest_route=\/wp\/v2\/posts\/44048\/revisions\/44050"}],"wp:featuredmedia":[{"embeddable":true,"href":"https:\/\/radiorevelacionfm.cl\/index.php?rest_route=\/wp\/v2\/media\/44049"}],"wp:attachment":[{"href":"https:\/\/radiorevelacionfm.cl\/index.php?rest_route=%2Fwp%2Fv2%2Fmedia&parent=44048"}],"wp:term":[{"taxonomy":"category","embeddable":true,"href":"https:\/\/radiorevelacionfm.cl\/index.php?rest_route=%2Fwp%2Fv2%2Fcategories&post=44048"},{"taxonomy":"post_tag","embeddable":true,"href":"https:\/\/radiorevelacionfm.cl\/index.php?rest_route=%2Fwp%2Fv2%2Ftags&post=44048"}],"curies":[{"name":"wp","href":"https:\/\/api.w.org\/{rel}","templated":true}]}}