{"id":44040,"date":"2024-07-10T13:38:24","date_gmt":"2024-07-10T16:38:24","guid":{"rendered":"https:\/\/radiorevelacionfm.cl\/?p=44040"},"modified":"2024-07-10T13:38:24","modified_gmt":"2024-07-10T16:38:24","slug":"cochrane-formalizan-a-imputado-que-provoco-lesiones-graves-gravisimas-a-una-victima-en-el-rostro","status":"publish","type":"post","link":"https:\/\/radiorevelacionfm.cl\/?p=44040","title":{"rendered":"Cochrane: Formalizan a imputado que provoc\u00f3 lesiones graves grav\u00edsimas a una v\u00edctima en el rostro"},"content":{"rendered":"<div class=\"flex_column av_one_full  flex_column_div av-zero-column-padding first  avia-builder-el-0  el_before_av_one_full  avia-builder-el-first  \" style='border-radius:0px; '><div  class='avia-image-container  av-styling-    avia-builder-el-1  avia-builder-el-no-sibling  avia-align-center '  itemprop=\"image\" itemscope=\"itemscope\" itemtype=\"https:\/\/schema.org\/ImageObject\"  ><div class='avia-image-container-inner'><div class='avia-image-overlay-wrap'><img decoding=\"async\" class='wp-image-35151 avia-img-lazy-loading-not-35151 avia_image' src=\"https:\/\/radiorevelacionfm.cl\/wp-content\/uploads\/2023\/09\/Fiscalia-Cochrane-1-1.jpg\" alt='' title='Fiscalia Cochrane (1) (1)' height=\"600\" width=\"899\"  itemprop=\"thumbnailUrl\" srcset=\"https:\/\/radiorevelacionfm.cl\/wp-content\/uploads\/2023\/09\/Fiscalia-Cochrane-1-1.jpg 899w, https:\/\/radiorevelacionfm.cl\/wp-content\/uploads\/2023\/09\/Fiscalia-Cochrane-1-1-300x200.jpg 300w, https:\/\/radiorevelacionfm.cl\/wp-content\/uploads\/2023\/09\/Fiscalia-Cochrane-1-1-768x513.jpg 768w, https:\/\/radiorevelacionfm.cl\/wp-content\/uploads\/2023\/09\/Fiscalia-Cochrane-1-1-705x471.jpg 705w, https:\/\/radiorevelacionfm.cl\/wp-content\/uploads\/2023\/09\/Fiscalia-Cochrane-1-1-450x300.jpg 450w, https:\/\/radiorevelacionfm.cl\/wp-content\/uploads\/2023\/09\/Fiscalia-Cochrane-1-1-600x400.jpg 600w\" sizes=\"(max-width: 899px) 100vw, 899px\" \/><\/div><\/div><\/div><\/div><div class=\"flex_column av_one_full  flex_column_div av-zero-column-padding first  avia-builder-el-2  el_after_av_one_full  el_before_av_one_full  column-top-margin\" style='border-radius:0px; '><section class=\"av_textblock_section \"  itemscope=\"itemscope\" itemtype=\"https:\/\/schema.org\/BlogPosting\" itemprop=\"blogPost\" ><div class='avia_textblock  '   itemprop=\"text\" ><p style=\"text-align: center;\"><span style=\"font-size: 18pt;\"><b>Cochrane: Formalizan a imputado que provoc\u00f3 lesiones graves grav\u00edsimas a una v\u00edctima en el rostro<\/b><\/span><\/p>\n<div id=\"gtx-trans\" style=\"position: absolute; left: -50px; top: 4.31534px;\">\n<div class=\"gtx-trans-icon\"><\/div>\n<\/div>\n<\/div><\/section><\/div><div class=\"flex_column av_one_full  flex_column_div av-zero-column-padding first  avia-builder-el-4  el_after_av_one_full  el_before_av_hr  column-top-margin\" style='border-radius:0px; '><section class=\"av_textblock_section \"  itemscope=\"itemscope\" itemtype=\"https:\/\/schema.org\/BlogPosting\" itemprop=\"blogPost\" ><div class='avia_textblock  '   itemprop=\"text\" ><p style=\"font-weight: 400; text-align: justify;\">La Secci\u00f3n de Investigaci\u00f3n Policial SIP de Carabineros de la Cuarta Comisar\u00eda de Cochrane y el Servicio M\u00e9dico Legal efectuaron diligencias y pericias en este caso.<\/p>\n<p style=\"font-weight: 400; text-align: justify;\">La Oficina de Cochrane del Ministerio P\u00fablico formaliz\u00f3 una investigaci\u00f3n en contra de un imputado de 19 a\u00f1os, quien agredi\u00f3 en la cara a una v\u00edctima con un arma blanca, provoc\u00e1ndole lesiones graves &#8211; grav\u00edsimas. Lo anterior ocurri\u00f3 el 8 de julio del a\u00f1o pasado en el sector urbano de la comuna, en el contexto de una convivencia social con consumo de alcohol.<\/p>\n<p style=\"font-weight: 400; text-align: justify;\">\u201cAnte el Juzgado de Garant\u00eda de Cochrane, se llev\u00f3 a cabo una audiencia de control de la detenci\u00f3n y posterior formalizaci\u00f3n en contra de un sujeto mayor de edad, de actuales 19 a\u00f1os, que en julio del a\u00f1o 2023 atac\u00f3 a una v\u00edctima de entonces 41 a\u00f1os, premunido de un arma blanca provoc\u00e1ndole diversas lesiones, entre ellas una lesi\u00f3n de car\u00e1cter deformante en su rostro\u201d, explic\u00f3 la fiscal Estefan\u00eda Leiva.<\/p>\n<p style=\"font-weight: 400; text-align: justify;\">\u201cEn raz\u00f3n de ello, el Ministerio P\u00fablico solicit\u00f3 una orden de detenci\u00f3n, la que fue debidamente diligenciada, logr\u00e1ndose el d\u00eda de ayer la detenci\u00f3n de este imputado (en Coyhaique). En este contexto, que el Ministerio P\u00fablico formaliz\u00f3 por el delito de lesiones graves grav\u00edsimas del art\u00edculo 397 n\u00famero 1 del C\u00f3digo Penal, solicitando y concedi\u00e9ndose la prisi\u00f3n preventiva del imputado, fij\u00e1ndose adem\u00e1s un plazo de investigaci\u00f3n de 50 d\u00edas\u201d, a\u00f1adi\u00f3 la fiscal Estefan\u00eda Leiva.<\/p>\n<p style=\"font-weight: 400; text-align: justify;\">Las diligencias de este caso fueron solicitadas por el Ministerio P\u00fablico a la Secci\u00f3n de Investigaci\u00f3n Policial SIP de Carabineros de la Cuarta Comisar\u00eda de Cochrane y al Servicio M\u00e9dico Legal.<\/p>\n<\/div><\/section><\/div><div  style='height:50px' class='hr hr-invisible   avia-builder-el-6  el_after_av_one_full  el_before_av_social_share '><span class='hr-inner ' ><span class='hr-inner-style'><\/span><\/span><\/div><\/p>\n<div  class='av-social-sharing-box  avia-builder-el-7  el_after_av_hr  el_before_av_hr  '><div class='av-share-box'><h5 class='av-share-link-description av-no-toc '>Compartir esta noticia<\/h5><ul class='av-share-box-list noLightbox'><li class='av-share-link av-social-link-facebook' ><a target=\"_blank\" aria-label=\"Compartir en Facebook\" href='https:\/\/www.facebook.com\/sharer.php?u=https:\/\/radiorevelacionfm.cl\/?p=44040&#038;t=Cochrane%3A%20Formalizan%20a%20imputado%20que%20provoc%C3%B3%20lesiones%20graves%20grav%C3%ADsimas%20a%20una%20v%C3%ADctima%20en%20el%20rostro' aria-hidden='false' data-av_icon='\ue8f3' data-av_iconfont='entypo-fontello' title='' data-avia-related-tooltip='Compartir en Facebook' rel=\"noopener\"><span class='avia_hidden_link_text'>Compartir en Facebook<\/span><\/a><\/li><li class='av-share-link av-social-link-twitter' ><a target=\"_blank\" aria-label=\"Compartir en Twitter\" href='https:\/\/twitter.com\/share?text=Cochrane%3A%20Formalizan%20a%20imputado%20que%20provoc%C3%B3%20lesiones%20graves%20grav%C3%ADsimas%20a%20una%20v%C3%ADctima%20en%20el%20rostro&#038;url=https:\/\/radiorevelacionfm.cl\/?p=44040' aria-hidden='false' data-av_icon='\ue8f1' data-av_iconfont='entypo-fontello' title='' data-avia-related-tooltip='Compartir en Twitter' rel=\"noopener\"><span class='avia_hidden_link_text'>Compartir en Twitter<\/span><\/a><\/li><li class='av-share-link av-social-link-whatsapp' ><a target=\"_blank\" aria-label=\"Compartir en Whatsapp\" href='https:\/\/api.whatsapp.com\/send?text=https:\/\/radiorevelacionfm.cl\/?p=44040' aria-hidden='false' data-av_icon='\uf232' data-av_iconfont='entypo-fontello' title='' data-avia-related-tooltip='Compartir en Whatsapp' rel=\"noopener\"><span class='avia_hidden_link_text'>Compartir en Whatsapp<\/span><\/a><\/li><li class='av-share-link av-social-link-linkedin' ><a target=\"_blank\" aria-label=\"Compartir en LinkedIn\" href='https:\/\/linkedin.com\/shareArticle?mini=true&#038;title=Cochrane%3A%20Formalizan%20a%20imputado%20que%20provoc%C3%B3%20lesiones%20graves%20grav%C3%ADsimas%20a%20una%20v%C3%ADctima%20en%20el%20rostro&#038;url=https:\/\/radiorevelacionfm.cl\/?p=44040' aria-hidden='false' data-av_icon='\ue8fc' data-av_iconfont='entypo-fontello' title='' data-avia-related-tooltip='Compartir en LinkedIn' rel=\"noopener\"><span class='avia_hidden_link_text'>Compartir en LinkedIn<\/span><\/a><\/li><li class='av-share-link av-social-link-mail' ><a  aria-label=\"Compartir por correo\" href='mailto:?subject=Cochrane%3A%20Formalizan%20a%20imputado%20que%20provoc%C3%B3%20lesiones%20graves%20grav%C3%ADsimas%20a%20una%20v%C3%ADctima%20en%20el%20rostro&#038;body=https:\/\/radiorevelacionfm.cl\/?p=44040' aria-hidden='false' data-av_icon='\ue805' data-av_iconfont='entypo-fontello' title='' data-avia-related-tooltip='Compartir por correo'><span class='avia_hidden_link_text'>Compartir por correo<\/span><\/a><\/li><\/ul><\/div><\/div>\n<div  style='height:50px' class='hr hr-invisible   avia-builder-el-8  el_after_av_social_share  el_before_av_comments_list '><span class='hr-inner ' ><span class='hr-inner-style'><\/span><\/span><\/div>\n<div  class='av-buildercomment  av-blog-meta-html-info-disabled av-blog-meta-tag-disabled  '><\/div>\n","protected":false},"excerpt":{"rendered":"","protected":false},"author":1,"featured_media":35151,"comment_status":"open","ping_status":"open","sticky":false,"template":"","format":"standard","meta":{"footnotes":""},"categories":[36],"tags":[],"class_list":["post-44040","post","type-post","status-publish","format-standard","has-post-thumbnail","hentry","category-policial"],"jetpack_featured_media_url":"https:\/\/radiorevelacionfm.cl\/wp-content\/uploads\/2023\/09\/Fiscalia-Cochrane-1-1.jpg","_links":{"self":[{"href":"https:\/\/radiorevelacionfm.cl\/index.php?rest_route=\/wp\/v2\/posts\/44040","targetHints":{"allow":["GET"]}}],"collection":[{"href":"https:\/\/radiorevelacionfm.cl\/index.php?rest_route=\/wp\/v2\/posts"}],"about":[{"href":"https:\/\/radiorevelacionfm.cl\/index.php?rest_route=\/wp\/v2\/types\/post"}],"author":[{"embeddable":true,"href":"https:\/\/radiorevelacionfm.cl\/index.php?rest_route=\/wp\/v2\/users\/1"}],"replies":[{"embeddable":true,"href":"https:\/\/radiorevelacionfm.cl\/index.php?rest_route=%2Fwp%2Fv2%2Fcomments&post=44040"}],"version-history":[{"count":1,"href":"https:\/\/radiorevelacionfm.cl\/index.php?rest_route=\/wp\/v2\/posts\/44040\/revisions"}],"predecessor-version":[{"id":44041,"href":"https:\/\/radiorevelacionfm.cl\/index.php?rest_route=\/wp\/v2\/posts\/44040\/revisions\/44041"}],"wp:featuredmedia":[{"embeddable":true,"href":"https:\/\/radiorevelacionfm.cl\/index.php?rest_route=\/wp\/v2\/media\/35151"}],"wp:attachment":[{"href":"https:\/\/radiorevelacionfm.cl\/index.php?rest_route=%2Fwp%2Fv2%2Fmedia&parent=44040"}],"wp:term":[{"taxonomy":"category","embeddable":true,"href":"https:\/\/radiorevelacionfm.cl\/index.php?rest_route=%2Fwp%2Fv2%2Fcategories&post=44040"},{"taxonomy":"post_tag","embeddable":true,"href":"https:\/\/radiorevelacionfm.cl\/index.php?rest_route=%2Fwp%2Fv2%2Ftags&post=44040"}],"curies":[{"name":"wp","href":"https:\/\/api.w.org\/{rel}","templated":true}]}}