{"id":44037,"date":"2024-07-10T13:06:05","date_gmt":"2024-07-10T16:06:05","guid":{"rendered":"https:\/\/radiorevelacionfm.cl\/?p=44037"},"modified":"2024-07-10T13:06:05","modified_gmt":"2024-07-10T16:06:05","slug":"aprueban-recursos-para-el-centro-comunitario-achira-y-centro-de-adultos-mayores-baquedano-de-coyhaique","status":"publish","type":"post","link":"https:\/\/radiorevelacionfm.cl\/?p=44037","title":{"rendered":"Aprueban recursos para el Centro Comunitario Achira y Centro de Adultos Mayores Baquedano de Coyhaique"},"content":{"rendered":"<div class=\"flex_column av_one_full  flex_column_div av-zero-column-padding first  avia-builder-el-0  el_before_av_one_full  avia-builder-el-first  \" style='border-radius:0px; '><div  class='avia-image-container  av-styling-    avia-builder-el-1  avia-builder-el-no-sibling  avia-align-center '  itemprop=\"image\" itemscope=\"itemscope\" itemtype=\"https:\/\/schema.org\/ImageObject\"  ><div class='avia-image-container-inner'><div class='avia-image-overlay-wrap'><img decoding=\"async\" class='wp-image-44038 avia-img-lazy-loading-not-44038 avia_image' src=\"https:\/\/radiorevelacionfm.cl\/wp-content\/uploads\/2024\/07\/alcalde_dideco_ministro_optimized.jpeg\" alt='' title='alcalde_dideco_ministro_optimized' height=\"609\" width=\"861\"  itemprop=\"thumbnailUrl\" srcset=\"https:\/\/radiorevelacionfm.cl\/wp-content\/uploads\/2024\/07\/alcalde_dideco_ministro_optimized.jpeg 861w, https:\/\/radiorevelacionfm.cl\/wp-content\/uploads\/2024\/07\/alcalde_dideco_ministro_optimized-300x212.jpeg 300w, https:\/\/radiorevelacionfm.cl\/wp-content\/uploads\/2024\/07\/alcalde_dideco_ministro_optimized-768x543.jpeg 768w, https:\/\/radiorevelacionfm.cl\/wp-content\/uploads\/2024\/07\/alcalde_dideco_ministro_optimized-260x185.jpeg 260w, https:\/\/radiorevelacionfm.cl\/wp-content\/uploads\/2024\/07\/alcalde_dideco_ministro_optimized-705x499.jpeg 705w, https:\/\/radiorevelacionfm.cl\/wp-content\/uploads\/2024\/07\/alcalde_dideco_ministro_optimized-450x318.jpeg 450w, https:\/\/radiorevelacionfm.cl\/wp-content\/uploads\/2024\/07\/alcalde_dideco_ministro_optimized-600x424.jpeg 600w\" sizes=\"(max-width: 861px) 100vw, 861px\" \/><\/div><\/div><\/div><\/div><div class=\"flex_column av_one_full  flex_column_div av-zero-column-padding first  avia-builder-el-2  el_after_av_one_full  el_before_av_one_full  column-top-margin\" style='border-radius:0px; '><section class=\"av_textblock_section \"  itemscope=\"itemscope\" itemtype=\"https:\/\/schema.org\/BlogPosting\" itemprop=\"blogPost\" ><div class='avia_textblock  '   itemprop=\"text\" ><p style=\"text-align: center;\"><strong><span style=\"font-size: 18pt;\">Aprueban recursos para el Centro Comunitario Achira y Centro de Adultos Mayores Baquedano de Coyhaique<\/span><\/strong><\/p>\n<div id=\"gtx-trans\" style=\"position: absolute; left: -50px; top: 4.31534px;\">\n<div class=\"gtx-trans-icon\"><\/div>\n<\/div>\n<\/div><\/section><\/div><div class=\"flex_column av_one_full  flex_column_div av-zero-column-padding first  avia-builder-el-4  el_after_av_one_full  el_before_av_hr  column-top-margin\" style='border-radius:0px; '><section class=\"av_textblock_section \"  itemscope=\"itemscope\" itemtype=\"https:\/\/schema.org\/BlogPosting\" itemprop=\"blogPost\" ><div class='avia_textblock  '   itemprop=\"text\" ><p style=\"text-align: justify;\"><em>Tambi\u00e9n fue revisado por las autoridades y se confirm\u00f3 que cuenta con un importante avance de cara a su aprobaci\u00f3n, el Centro Comunitario de Cuidado.<\/em><\/p>\n<p style=\"text-align: justify;\">Junto al Ministro de Vivienda, Carlos Mont\u00e9s, se reuni\u00f3 el alcalde de Coyhaique, Carlos Gatica Villegas con el objetivo de analizar proyectos que se est\u00e1n desarrollando desde el municipio con esta cartera. Ocasi\u00f3n, en la que se anunci\u00f3 por parte del titular de Vivienda, la aprobaci\u00f3n de dos proyectos para los que se otorgar\u00e1 el financiamiento que permitir\u00e1 la construcci\u00f3n de dos Centros Comunitarios en la capital regional, espacios que estar\u00e1n destinados al desarrollo de la actividad cultural y a las actividades para adultos mayores, respectivamente.<\/p>\n<p style=\"text-align: justify;\">Las iniciativas se encuentran aprobadas para su financiamiento a trav\u00e9s del Programa DS27 de Mejoramiento de Viviendas y Barrios del Ministerio de Vivienda y Urbanismo, cada una de estas obras tendr\u00e1 una inversi\u00f3n de $8.334 UF.<\/p>\n<p style=\"text-align: justify;\">Sobre la aprobaci\u00f3n de estos poryectos, el alcalde de Coyhaique, Carlos Gatica, coment\u00f3 que \u201chace casi tres meses estuvimos en este mismo ministerio, abordando con el Ministro Montes y su equipo, el compromiso de avanzar en tres iniciativas de infraestructura para nuestra comuna. Los proyectos cuentan con un aporte Municipal y el financiamiento del Ministerio de Vivienda, son espacios que vendr\u00e1n a mejorar la infraestructura de nuestra ciudad para el desarrollo de las actividades culturales, trat\u00e1ndose del Centro Comunitario Cultural Achira, y otro espacio, muy anhelado por nuestra uni\u00f3n comunal de adultos mayores, como lo es el Centro Comunitario de Adultos Mayores Baquedano\u201d.<\/p>\n<p style=\"text-align: justify;\">\u201cEsto ha sido fruto del trabajo mancomunado que como Municipio estamos realizando con las organizaciones sociales que tienen un rol activo en el quehacer de Coyhaique y que por ende, han contado tambi\u00e9n con nuestro apoyo y compromiso. Esperamos, en los pr\u00f3ximos meses, tener novedades sobre la tercera iniciativa, que cuenta con un avance t\u00e9cnico favorable\u201d, agreg\u00f3 Gatica.<\/p>\n<p style=\"text-align: justify;\">Por su parte, el Ministro de Vivienda, Carlos Montes, detall\u00f3 que \u201chemos tenido una grata reuni\u00f3n junto a un alcalde que conoce muy bien su regi\u00f3n, las necesidades y sus problemas. Hemos conversado sobre el Centro Comunitario Cultural Grupo Achira, el Centro Comunitario Uni\u00f3n Comunal de Adultos Mayores Baquedano y el Centro Comunitario de Cuidados. De estos, los dos primeros est\u00e1n seleccionados, que es lo que hemos informado, y el tercer proyecto, se encuentra en un proceso bastante avanzando en esta misma l\u00ednea\u201d.<\/p>\n<p style=\"text-align: justify;\">\u201dEsperamos que cuanto antes se puedan entregar los recursos para que se inicien las construcciones de estas obras, ya que la comunidad necesita contar con estos espacios donde puedan reunirse, enfrentar su recreaci\u00f3n y tener sus encuentros, que adem\u00e1s cuenten con buenas condiciones\u201d, enfatiz\u00f3 el ministro.<\/p>\n<\/div><\/section><\/div><div  style='height:50px' class='hr hr-invisible   avia-builder-el-6  el_after_av_one_full  el_before_av_social_share '><span class='hr-inner ' ><span class='hr-inner-style'><\/span><\/span><\/div><\/p>\n<div  class='av-social-sharing-box  avia-builder-el-7  el_after_av_hr  el_before_av_hr  '><div class='av-share-box'><h5 class='av-share-link-description av-no-toc '>Compartir esta noticia<\/h5><ul class='av-share-box-list noLightbox'><li class='av-share-link av-social-link-facebook' ><a target=\"_blank\" aria-label=\"Compartir en Facebook\" href='https:\/\/www.facebook.com\/sharer.php?u=https:\/\/radiorevelacionfm.cl\/?p=44037&#038;t=Aprueban%20recursos%20para%20el%20Centro%20Comunitario%20Achira%20y%20Centro%20de%20Adultos%20Mayores%20Baquedano%20de%20Coyhaique' aria-hidden='false' data-av_icon='\ue8f3' data-av_iconfont='entypo-fontello' title='' data-avia-related-tooltip='Compartir en Facebook' rel=\"noopener\"><span class='avia_hidden_link_text'>Compartir en Facebook<\/span><\/a><\/li><li class='av-share-link av-social-link-twitter' ><a target=\"_blank\" aria-label=\"Compartir en Twitter\" href='https:\/\/twitter.com\/share?text=Aprueban%20recursos%20para%20el%20Centro%20Comunitario%20Achira%20y%20Centro%20de%20Adultos%20Mayores%20Baquedano%20de%20Coyhaique&#038;url=https:\/\/radiorevelacionfm.cl\/?p=44037' aria-hidden='false' data-av_icon='\ue8f1' data-av_iconfont='entypo-fontello' title='' data-avia-related-tooltip='Compartir en Twitter' rel=\"noopener\"><span class='avia_hidden_link_text'>Compartir en Twitter<\/span><\/a><\/li><li class='av-share-link av-social-link-whatsapp' ><a target=\"_blank\" aria-label=\"Compartir en Whatsapp\" href='https:\/\/api.whatsapp.com\/send?text=https:\/\/radiorevelacionfm.cl\/?p=44037' aria-hidden='false' data-av_icon='\uf232' data-av_iconfont='entypo-fontello' title='' data-avia-related-tooltip='Compartir en Whatsapp' rel=\"noopener\"><span class='avia_hidden_link_text'>Compartir en Whatsapp<\/span><\/a><\/li><li class='av-share-link av-social-link-linkedin' ><a target=\"_blank\" aria-label=\"Compartir en LinkedIn\" href='https:\/\/linkedin.com\/shareArticle?mini=true&#038;title=Aprueban%20recursos%20para%20el%20Centro%20Comunitario%20Achira%20y%20Centro%20de%20Adultos%20Mayores%20Baquedano%20de%20Coyhaique&#038;url=https:\/\/radiorevelacionfm.cl\/?p=44037' aria-hidden='false' data-av_icon='\ue8fc' data-av_iconfont='entypo-fontello' title='' data-avia-related-tooltip='Compartir en LinkedIn' rel=\"noopener\"><span class='avia_hidden_link_text'>Compartir en LinkedIn<\/span><\/a><\/li><li class='av-share-link av-social-link-mail' ><a  aria-label=\"Compartir por correo\" href='mailto:?subject=Aprueban%20recursos%20para%20el%20Centro%20Comunitario%20Achira%20y%20Centro%20de%20Adultos%20Mayores%20Baquedano%20de%20Coyhaique&#038;body=https:\/\/radiorevelacionfm.cl\/?p=44037' aria-hidden='false' data-av_icon='\ue805' data-av_iconfont='entypo-fontello' title='' data-avia-related-tooltip='Compartir por correo'><span class='avia_hidden_link_text'>Compartir por correo<\/span><\/a><\/li><\/ul><\/div><\/div>\n<div  style='height:50px' class='hr hr-invisible   avia-builder-el-8  el_after_av_social_share  el_before_av_comments_list '><span class='hr-inner ' ><span class='hr-inner-style'><\/span><\/span><\/div>\n<div  class='av-buildercomment  av-blog-meta-html-info-disabled av-blog-meta-tag-disabled  '><\/div>\n","protected":false},"excerpt":{"rendered":"","protected":false},"author":1,"featured_media":44038,"comment_status":"open","ping_status":"open","sticky":false,"template":"","format":"standard","meta":{"footnotes":""},"categories":[38],"tags":[],"class_list":["post-44037","post","type-post","status-publish","format-standard","has-post-thumbnail","hentry","category-regional"],"jetpack_featured_media_url":"https:\/\/radiorevelacionfm.cl\/wp-content\/uploads\/2024\/07\/alcalde_dideco_ministro_optimized.jpeg","_links":{"self":[{"href":"https:\/\/radiorevelacionfm.cl\/index.php?rest_route=\/wp\/v2\/posts\/44037","targetHints":{"allow":["GET"]}}],"collection":[{"href":"https:\/\/radiorevelacionfm.cl\/index.php?rest_route=\/wp\/v2\/posts"}],"about":[{"href":"https:\/\/radiorevelacionfm.cl\/index.php?rest_route=\/wp\/v2\/types\/post"}],"author":[{"embeddable":true,"href":"https:\/\/radiorevelacionfm.cl\/index.php?rest_route=\/wp\/v2\/users\/1"}],"replies":[{"embeddable":true,"href":"https:\/\/radiorevelacionfm.cl\/index.php?rest_route=%2Fwp%2Fv2%2Fcomments&post=44037"}],"version-history":[{"count":1,"href":"https:\/\/radiorevelacionfm.cl\/index.php?rest_route=\/wp\/v2\/posts\/44037\/revisions"}],"predecessor-version":[{"id":44039,"href":"https:\/\/radiorevelacionfm.cl\/index.php?rest_route=\/wp\/v2\/posts\/44037\/revisions\/44039"}],"wp:featuredmedia":[{"embeddable":true,"href":"https:\/\/radiorevelacionfm.cl\/index.php?rest_route=\/wp\/v2\/media\/44038"}],"wp:attachment":[{"href":"https:\/\/radiorevelacionfm.cl\/index.php?rest_route=%2Fwp%2Fv2%2Fmedia&parent=44037"}],"wp:term":[{"taxonomy":"category","embeddable":true,"href":"https:\/\/radiorevelacionfm.cl\/index.php?rest_route=%2Fwp%2Fv2%2Fcategories&post=44037"},{"taxonomy":"post_tag","embeddable":true,"href":"https:\/\/radiorevelacionfm.cl\/index.php?rest_route=%2Fwp%2Fv2%2Ftags&post=44037"}],"curies":[{"name":"wp","href":"https:\/\/api.w.org\/{rel}","templated":true}]}}