{"id":44034,"date":"2024-07-10T12:00:32","date_gmt":"2024-07-10T15:00:32","guid":{"rendered":"https:\/\/radiorevelacionfm.cl\/?p=44034"},"modified":"2024-07-10T12:00:32","modified_gmt":"2024-07-10T15:00:32","slug":"femicidio-y-vif-en-la-region-sernameg-aysen-levanta-alerta-por-tres-casos-graves-de-violencia-en-la-ultima-semana","status":"publish","type":"post","link":"https:\/\/radiorevelacionfm.cl\/?p=44034","title":{"rendered":"Femicidio y VIF en la regi\u00f3n: SernamEG Ays\u00e9n levanta alerta por tres casos graves de violencia en la \u00faltima semana"},"content":{"rendered":"<div class=\"flex_column av_one_full  flex_column_div av-zero-column-padding first  avia-builder-el-0  el_before_av_one_full  avia-builder-el-first  \" style='border-radius:0px; '><div  class='avia-image-container  av-styling-    avia-builder-el-1  avia-builder-el-no-sibling  avia-align-center '  itemprop=\"image\" itemscope=\"itemscope\" itemtype=\"https:\/\/schema.org\/ImageObject\"  ><div class='avia-image-container-inner'><div class='avia-image-overlay-wrap'><img decoding=\"async\" class='wp-image-44035 avia-img-lazy-loading-not-44035 avia_image' src=\"https:\/\/radiorevelacionfm.cl\/wp-content\/uploads\/2024\/07\/Casos-julio-2-1-1.jpg\" alt='' title='Casos julio 2 (1) (1)' height=\"600\" width=\"941\"  itemprop=\"thumbnailUrl\" srcset=\"https:\/\/radiorevelacionfm.cl\/wp-content\/uploads\/2024\/07\/Casos-julio-2-1-1.jpg 941w, https:\/\/radiorevelacionfm.cl\/wp-content\/uploads\/2024\/07\/Casos-julio-2-1-1-300x191.jpg 300w, https:\/\/radiorevelacionfm.cl\/wp-content\/uploads\/2024\/07\/Casos-julio-2-1-1-768x490.jpg 768w, https:\/\/radiorevelacionfm.cl\/wp-content\/uploads\/2024\/07\/Casos-julio-2-1-1-705x450.jpg 705w, https:\/\/radiorevelacionfm.cl\/wp-content\/uploads\/2024\/07\/Casos-julio-2-1-1-450x287.jpg 450w, https:\/\/radiorevelacionfm.cl\/wp-content\/uploads\/2024\/07\/Casos-julio-2-1-1-600x383.jpg 600w\" sizes=\"(max-width: 941px) 100vw, 941px\" \/><\/div><\/div><\/div><\/div><div class=\"flex_column av_one_full  flex_column_div av-zero-column-padding first  avia-builder-el-2  el_after_av_one_full  el_before_av_one_full  column-top-margin\" style='border-radius:0px; '><section class=\"av_textblock_section \"  itemscope=\"itemscope\" itemtype=\"https:\/\/schema.org\/BlogPosting\" itemprop=\"blogPost\" ><div class='avia_textblock  '   itemprop=\"text\" ><p style=\"text-align: center;\"><strong><span style=\"font-size: 18pt;\">Femicidio y VIF en la regi\u00f3n: SernamEG Ays\u00e9n levanta alerta por tres casos graves de violencia en la \u00faltima semana<\/span><\/strong><\/p>\n<div id=\"gtx-trans\" style=\"position: absolute; left: -50px; top: 4.31534px;\">\n<div class=\"gtx-trans-icon\"><\/div>\n<\/div>\n<\/div><\/section><\/div><div class=\"flex_column av_one_full  flex_column_div av-zero-column-padding first  avia-builder-el-4  el_after_av_one_full  el_before_av_hr  column-top-margin\" style='border-radius:0px; '><section class=\"av_textblock_section \"  itemscope=\"itemscope\" itemtype=\"https:\/\/schema.org\/BlogPosting\" itemprop=\"blogPost\" ><div class='avia_textblock  '   itemprop=\"text\" ><p dir=\"ltr\" style=\"text-align: justify;\">Este martes la Directora Regional del Servicio Nacional de la Mujer y la Equidad de G\u00e9nero (SernamEG), Patricia Baeza Cabezas, acompa\u00f1ada del Comisario de la 1ra Comisar\u00eda de Coyhaique, Mayor Gerardo Gonz\u00e1lez L\u00f3pez, se refiri\u00f3 a tres casos graves de violencia contra la mujer (un femicidio tentado y dos hechos de violencia intrafamiliar) ocurridos en la regi\u00f3n durante la \u00faltima semana, mostrando la preocupaci\u00f3n del Servicio y de Carabineros por la frecuencia con la que est\u00e1n ocurriendo en la regi\u00f3n este tipo de delitos.<\/p>\n<p dir=\"ltr\" style=\"text-align: justify;\">\u00abReiteramos, a las mujeres que se encuentran o viven situaciones de violencia intrafamiliar, puedan hacer las denuncias respectivas, que se acerquen a Carabineros, que est\u00e1 el 133 y el 134 para hacer las denuncias, y el tel\u00e9fono 1455, donde pueden recibir orientaci\u00f3n para abordar este tipo de problemas. Adem\u00e1s, recordar que el Servicio tambi\u00e9n cuenta con los Centros de las Mujeres, donde las mujeres pueden acudir para recibir apoyo psicosocial y jur\u00eddico, con o sin denuncias previas\u00bb, destac\u00f3 la Directora Regional de SernamEG Ays\u00e9n.<\/p>\n<p dir=\"ltr\" style=\"text-align: justify;\">Se trata de 3 casos ocurridos entre el d\u00eda 4 y el 8 de julio en la comuna de Coyhaique, donde dos de los acusados fueron formalizados por lesiones menos graves en contexto de violencia intrafamiliar y uno fue formalizado por femicidio tentado, delito que se tipifica de esta forma cuando la intenci\u00f3n del agresor es asesinar a la v\u00edctima pero esta no fallece, lo que puede ocurrir por diversas razones.<\/p>\n<p dir=\"ltr\" style=\"text-align: justify;\">Sobre el \u00faltimo de los casos, ocurrido el d\u00eda lunes 8 y formalizado el martes 9 de julio, el Mayor Gonz\u00e1lez detall\u00f3 que \u00abCarabineros recibe un llamado al 133, donde una persona manifiesta haber sido v\u00edctima de violencia intrafamiliar. Como estos llamados pasan a la primera prioridad, Carabineros se dirige inmediatamente al lugar (&#8230;) ante el relato que presenta esta v\u00edctima con el personal, se procede a la detenci\u00f3n del sujeto en situaci\u00f3n de flagrancia\u00bb.<\/p>\n<p dir=\"ltr\" style=\"text-align: justify;\">Si bien Carabineros se\u00f1al\u00f3 en el control de detenci\u00f3n de este caso que el delito correspond\u00eda a un femicidio tentado, el acusado fue finalmente formalizado por el delito de lesiones menos graves en contexto de violencia intrafamiliar, situaci\u00f3n que tambi\u00e9n preocupa a SernamEG, y ante la cual la Directora Regional sostuvo que solicitar\u00e1 una reuni\u00f3n con el Ministerio P\u00fablico y Carabineros, para coordinar el trabajo conjunto del Estado en esta materia y garantizar la seguridad y justicia para las mujeres v\u00edctimas de violencia.<\/p>\n<p dir=\"ltr\" style=\"text-align: justify;\">\u00abNos preocupa, dado todos los antecedentes que se levantaron en el acto, que no se tipifique como femicidio frustrado o tentado. Porque, efectivamente, los agresores despu\u00e9s quedan en libertad (&#8230;) y seguimos con un nivel alto de riesgo para la v\u00edctima, y en este caso para las mujeres que sufren violencia\u00bb, recalc\u00f3 Patricia Baeza Cabezas.<\/p>\n<\/div><\/section><\/div><div  style='height:50px' class='hr hr-invisible   avia-builder-el-6  el_after_av_one_full  el_before_av_social_share '><span class='hr-inner ' ><span class='hr-inner-style'><\/span><\/span><\/div><\/p>\n<div  class='av-social-sharing-box  avia-builder-el-7  el_after_av_hr  el_before_av_hr  '><div class='av-share-box'><h5 class='av-share-link-description av-no-toc '>Compartir esta noticia<\/h5><ul class='av-share-box-list noLightbox'><li class='av-share-link av-social-link-facebook' ><a target=\"_blank\" aria-label=\"Compartir en Facebook\" href='https:\/\/www.facebook.com\/sharer.php?u=https:\/\/radiorevelacionfm.cl\/?p=44034&#038;t=Femicidio%20y%20VIF%20en%20la%20regi%C3%B3n%3A%20SernamEG%20Ays%C3%A9n%20levanta%20alerta%20por%20tres%20casos%20graves%20de%20violencia%20en%20la%20%C3%BAltima%20semana' aria-hidden='false' data-av_icon='\ue8f3' data-av_iconfont='entypo-fontello' title='' data-avia-related-tooltip='Compartir en Facebook' rel=\"noopener\"><span class='avia_hidden_link_text'>Compartir en Facebook<\/span><\/a><\/li><li class='av-share-link av-social-link-twitter' ><a target=\"_blank\" aria-label=\"Compartir en Twitter\" href='https:\/\/twitter.com\/share?text=Femicidio%20y%20VIF%20en%20la%20regi%C3%B3n%3A%20SernamEG%20Ays%C3%A9n%20levanta%20alerta%20por%20tres%20casos%20graves%20de%20violencia%20en%20la%20%C3%BAltima%20semana&#038;url=https:\/\/radiorevelacionfm.cl\/?p=44034' aria-hidden='false' data-av_icon='\ue8f1' data-av_iconfont='entypo-fontello' title='' data-avia-related-tooltip='Compartir en Twitter' rel=\"noopener\"><span class='avia_hidden_link_text'>Compartir en Twitter<\/span><\/a><\/li><li class='av-share-link av-social-link-whatsapp' ><a target=\"_blank\" aria-label=\"Compartir en Whatsapp\" href='https:\/\/api.whatsapp.com\/send?text=https:\/\/radiorevelacionfm.cl\/?p=44034' aria-hidden='false' data-av_icon='\uf232' data-av_iconfont='entypo-fontello' title='' data-avia-related-tooltip='Compartir en Whatsapp' rel=\"noopener\"><span class='avia_hidden_link_text'>Compartir en Whatsapp<\/span><\/a><\/li><li class='av-share-link av-social-link-linkedin' ><a target=\"_blank\" aria-label=\"Compartir en LinkedIn\" href='https:\/\/linkedin.com\/shareArticle?mini=true&#038;title=Femicidio%20y%20VIF%20en%20la%20regi%C3%B3n%3A%20SernamEG%20Ays%C3%A9n%20levanta%20alerta%20por%20tres%20casos%20graves%20de%20violencia%20en%20la%20%C3%BAltima%20semana&#038;url=https:\/\/radiorevelacionfm.cl\/?p=44034' aria-hidden='false' data-av_icon='\ue8fc' data-av_iconfont='entypo-fontello' title='' data-avia-related-tooltip='Compartir en LinkedIn' rel=\"noopener\"><span class='avia_hidden_link_text'>Compartir en LinkedIn<\/span><\/a><\/li><li class='av-share-link av-social-link-mail' ><a  aria-label=\"Compartir por correo\" href='mailto:?subject=Femicidio%20y%20VIF%20en%20la%20regi%C3%B3n%3A%20SernamEG%20Ays%C3%A9n%20levanta%20alerta%20por%20tres%20casos%20graves%20de%20violencia%20en%20la%20%C3%BAltima%20semana&#038;body=https:\/\/radiorevelacionfm.cl\/?p=44034' aria-hidden='false' data-av_icon='\ue805' data-av_iconfont='entypo-fontello' title='' data-avia-related-tooltip='Compartir por correo'><span class='avia_hidden_link_text'>Compartir por correo<\/span><\/a><\/li><\/ul><\/div><\/div>\n<div  style='height:50px' class='hr hr-invisible   avia-builder-el-8  el_after_av_social_share  el_before_av_comments_list '><span class='hr-inner ' ><span class='hr-inner-style'><\/span><\/span><\/div>\n<div  class='av-buildercomment  av-blog-meta-html-info-disabled av-blog-meta-tag-disabled  '><\/div>\n","protected":false},"excerpt":{"rendered":"","protected":false},"author":1,"featured_media":44035,"comment_status":"open","ping_status":"open","sticky":false,"template":"","format":"standard","meta":{"footnotes":""},"categories":[38],"tags":[],"class_list":["post-44034","post","type-post","status-publish","format-standard","has-post-thumbnail","hentry","category-regional"],"jetpack_featured_media_url":"https:\/\/radiorevelacionfm.cl\/wp-content\/uploads\/2024\/07\/Casos-julio-2-1-1.jpg","_links":{"self":[{"href":"https:\/\/radiorevelacionfm.cl\/index.php?rest_route=\/wp\/v2\/posts\/44034","targetHints":{"allow":["GET"]}}],"collection":[{"href":"https:\/\/radiorevelacionfm.cl\/index.php?rest_route=\/wp\/v2\/posts"}],"about":[{"href":"https:\/\/radiorevelacionfm.cl\/index.php?rest_route=\/wp\/v2\/types\/post"}],"author":[{"embeddable":true,"href":"https:\/\/radiorevelacionfm.cl\/index.php?rest_route=\/wp\/v2\/users\/1"}],"replies":[{"embeddable":true,"href":"https:\/\/radiorevelacionfm.cl\/index.php?rest_route=%2Fwp%2Fv2%2Fcomments&post=44034"}],"version-history":[{"count":1,"href":"https:\/\/radiorevelacionfm.cl\/index.php?rest_route=\/wp\/v2\/posts\/44034\/revisions"}],"predecessor-version":[{"id":44036,"href":"https:\/\/radiorevelacionfm.cl\/index.php?rest_route=\/wp\/v2\/posts\/44034\/revisions\/44036"}],"wp:featuredmedia":[{"embeddable":true,"href":"https:\/\/radiorevelacionfm.cl\/index.php?rest_route=\/wp\/v2\/media\/44035"}],"wp:attachment":[{"href":"https:\/\/radiorevelacionfm.cl\/index.php?rest_route=%2Fwp%2Fv2%2Fmedia&parent=44034"}],"wp:term":[{"taxonomy":"category","embeddable":true,"href":"https:\/\/radiorevelacionfm.cl\/index.php?rest_route=%2Fwp%2Fv2%2Fcategories&post=44034"},{"taxonomy":"post_tag","embeddable":true,"href":"https:\/\/radiorevelacionfm.cl\/index.php?rest_route=%2Fwp%2Fv2%2Ftags&post=44034"}],"curies":[{"name":"wp","href":"https:\/\/api.w.org\/{rel}","templated":true}]}}