{"id":44031,"date":"2024-07-09T21:16:03","date_gmt":"2024-07-10T00:16:03","guid":{"rendered":"https:\/\/radiorevelacionfm.cl\/?p=44031"},"modified":"2024-07-09T21:16:03","modified_gmt":"2024-07-10T00:16:03","slug":"con-solemne-ceremonia-sexta-compania-de-bomberos-de-chacabuco-celebro-52-anos-al-servicio-de-la-comunidad","status":"publish","type":"post","link":"https:\/\/radiorevelacionfm.cl\/?p=44031","title":{"rendered":"Con solemne ceremonia Sexta Compa\u00f1\u00eda de Bomberos de Chacabuco celebr\u00f3 52 a\u00f1os al servicio de la comunidad"},"content":{"rendered":"<div class=\"flex_column av_one_full  flex_column_div av-zero-column-padding first  avia-builder-el-0  el_before_av_one_full  avia-builder-el-first  \" style='border-radius:0px; '><div  class='avia-image-container  av-styling-    avia-builder-el-1  avia-builder-el-no-sibling  avia-align-center '  itemprop=\"image\" itemscope=\"itemscope\" itemtype=\"https:\/\/schema.org\/ImageObject\"  ><div class='avia-image-container-inner'><div class='avia-image-overlay-wrap'><img decoding=\"async\" class='wp-image-44032 avia-img-lazy-loading-not-44032 avia_image' src=\"https:\/\/radiorevelacionfm.cl\/wp-content\/uploads\/2024\/07\/aniversario-sexta-2-ok-1_optimized.jpg\" alt='' title='aniversario-sexta-2-ok-(1)_optimized' height=\"600\" width=\"800\"  itemprop=\"thumbnailUrl\" srcset=\"https:\/\/radiorevelacionfm.cl\/wp-content\/uploads\/2024\/07\/aniversario-sexta-2-ok-1_optimized.jpg 800w, https:\/\/radiorevelacionfm.cl\/wp-content\/uploads\/2024\/07\/aniversario-sexta-2-ok-1_optimized-300x225.jpg 300w, https:\/\/radiorevelacionfm.cl\/wp-content\/uploads\/2024\/07\/aniversario-sexta-2-ok-1_optimized-768x576.jpg 768w, https:\/\/radiorevelacionfm.cl\/wp-content\/uploads\/2024\/07\/aniversario-sexta-2-ok-1_optimized-705x529.jpg 705w, https:\/\/radiorevelacionfm.cl\/wp-content\/uploads\/2024\/07\/aniversario-sexta-2-ok-1_optimized-450x338.jpg 450w, https:\/\/radiorevelacionfm.cl\/wp-content\/uploads\/2024\/07\/aniversario-sexta-2-ok-1_optimized-600x450.jpg 600w\" sizes=\"(max-width: 800px) 100vw, 800px\" \/><\/div><\/div><\/div><\/div><div class=\"flex_column av_one_full  flex_column_div av-zero-column-padding first  avia-builder-el-2  el_after_av_one_full  el_before_av_one_full  column-top-margin\" style='border-radius:0px; '><section class=\"av_textblock_section \"  itemscope=\"itemscope\" itemtype=\"https:\/\/schema.org\/BlogPosting\" itemprop=\"blogPost\" ><div class='avia_textblock  '   itemprop=\"text\" ><p style=\"text-align: center;\"><strong><span style=\"font-size: 18pt;\">Con solemne ceremonia Sexta Compa\u00f1\u00eda de Bomberos de Chacabuco celebr\u00f3 52 a\u00f1os al servicio de la comunidad<\/span><\/strong><\/p>\n<div id=\"gtx-trans\" style=\"position: absolute; left: -50px; top: 4.31534px;\">\n<div class=\"gtx-trans-icon\"><\/div>\n<\/div>\n<\/div><\/section><\/div><div class=\"flex_column av_one_full  flex_column_div av-zero-column-padding first  avia-builder-el-4  el_after_av_one_full  el_before_av_hr  column-top-margin\" style='border-radius:0px; '><section class=\"av_textblock_section \"  itemscope=\"itemscope\" itemtype=\"https:\/\/schema.org\/BlogPosting\" itemprop=\"blogPost\" ><div class='avia_textblock  '   itemprop=\"text\" ><p style=\"text-align: justify;\">Con la participaci\u00f3n de autoridades provinciales, comunales e institucionales, la Sexta Compa\u00f1\u00eda de Bomberos de Chacabuco celebr\u00f3 sus 52 a\u00f1os de existencia y servicio a la comunidad, en las diversas emergencias, pero sobre todo aquellas que ocurren en el principal puerto de la regi\u00f3n.<\/p>\n<p style=\"text-align: justify;\">Su directora, Patricia Vargas Hern\u00e1ndez, destac\u00f3 que cuentan con un buen n\u00famero de voluntarios y voluntarias.<\/p>\n<p style=\"text-align: justify;\">\u201cS\u00faper emocionada y orgullosa sobre todo ser parte de esta compa\u00f1\u00eda, somos parte de la comunidad, somos vecinos de ac\u00e1, la mayor\u00eda de Puerto Chacabuco y sector El Salto. Hoy estamos s\u00faper orgullosos de cumplir 52 a\u00f1os como compa\u00f1\u00eda, somos aproximadamente 10 cadetes, tenemos dos o tres aspirantes a voluntarios y tenemos alrededor de 20 voluntarios en la compa\u00f1\u00eda. Somos aproximadamente cinco, seis mujeres, yo como directora, mi secretaria, mi teniente segundo y tres mujeres m\u00e1s que son parte de las filas de la Sexta Compa\u00f1\u00eda\u201d.<\/p>\n<p style=\"text-align: justify;\">Patricia Vargas Hern\u00e1ndez, destac\u00f3 el hecho que en la ceremonia hayan estado representantes de empresas del puerto que siempre les han colaborado y quienes recibieron un reconocimiento por aquello.<\/p>\n<p style=\"text-align: justify;\">En tanto y en representaci\u00f3n del Alcalde de la comuna, estuvo en la actividad el administrador municipal, Oscar Azocar, quien destac\u00f3 el importante rol que cumplen en la comunidad los voluntarios y voluntarias de Bomberos, en particular cada una de las personas que forma parte de noble instituci\u00f3n, en estos 52 a\u00f1os de la Sexta Compa\u00f1\u00eda de Puerto Chacabuco.<\/p>\n<\/div><\/section><\/div><div  style='height:50px' class='hr hr-invisible   avia-builder-el-6  el_after_av_one_full  el_before_av_social_share '><span class='hr-inner ' ><span class='hr-inner-style'><\/span><\/span><\/div><\/p>\n<div  class='av-social-sharing-box  avia-builder-el-7  el_after_av_hr  el_before_av_hr  '><div class='av-share-box'><h5 class='av-share-link-description av-no-toc '>Compartir esta noticia<\/h5><ul class='av-share-box-list noLightbox'><li class='av-share-link av-social-link-facebook' ><a target=\"_blank\" aria-label=\"Compartir en Facebook\" href='https:\/\/www.facebook.com\/sharer.php?u=https:\/\/radiorevelacionfm.cl\/?p=44031&#038;t=Con%20solemne%20ceremonia%20Sexta%20Compa%C3%B1%C3%ADa%20de%20Bomberos%20de%20Chacabuco%20celebr%C3%B3%2052%20a%C3%B1os%20al%20servicio%20de%20la%20comunidad' aria-hidden='false' data-av_icon='\ue8f3' data-av_iconfont='entypo-fontello' title='' data-avia-related-tooltip='Compartir en Facebook' rel=\"noopener\"><span class='avia_hidden_link_text'>Compartir en Facebook<\/span><\/a><\/li><li class='av-share-link av-social-link-twitter' ><a target=\"_blank\" aria-label=\"Compartir en Twitter\" href='https:\/\/twitter.com\/share?text=Con%20solemne%20ceremonia%20Sexta%20Compa%C3%B1%C3%ADa%20de%20Bomberos%20de%20Chacabuco%20celebr%C3%B3%2052%20a%C3%B1os%20al%20servicio%20de%20la%20comunidad&#038;url=https:\/\/radiorevelacionfm.cl\/?p=44031' aria-hidden='false' data-av_icon='\ue8f1' data-av_iconfont='entypo-fontello' title='' data-avia-related-tooltip='Compartir en Twitter' rel=\"noopener\"><span class='avia_hidden_link_text'>Compartir en Twitter<\/span><\/a><\/li><li class='av-share-link av-social-link-whatsapp' ><a target=\"_blank\" aria-label=\"Compartir en Whatsapp\" href='https:\/\/api.whatsapp.com\/send?text=https:\/\/radiorevelacionfm.cl\/?p=44031' aria-hidden='false' data-av_icon='\uf232' data-av_iconfont='entypo-fontello' title='' data-avia-related-tooltip='Compartir en Whatsapp' rel=\"noopener\"><span class='avia_hidden_link_text'>Compartir en Whatsapp<\/span><\/a><\/li><li class='av-share-link av-social-link-linkedin' ><a target=\"_blank\" aria-label=\"Compartir en LinkedIn\" href='https:\/\/linkedin.com\/shareArticle?mini=true&#038;title=Con%20solemne%20ceremonia%20Sexta%20Compa%C3%B1%C3%ADa%20de%20Bomberos%20de%20Chacabuco%20celebr%C3%B3%2052%20a%C3%B1os%20al%20servicio%20de%20la%20comunidad&#038;url=https:\/\/radiorevelacionfm.cl\/?p=44031' aria-hidden='false' data-av_icon='\ue8fc' data-av_iconfont='entypo-fontello' title='' data-avia-related-tooltip='Compartir en LinkedIn' rel=\"noopener\"><span class='avia_hidden_link_text'>Compartir en LinkedIn<\/span><\/a><\/li><li class='av-share-link av-social-link-mail' ><a  aria-label=\"Compartir por correo\" href='mailto:?subject=Con%20solemne%20ceremonia%20Sexta%20Compa%C3%B1%C3%ADa%20de%20Bomberos%20de%20Chacabuco%20celebr%C3%B3%2052%20a%C3%B1os%20al%20servicio%20de%20la%20comunidad&#038;body=https:\/\/radiorevelacionfm.cl\/?p=44031' aria-hidden='false' data-av_icon='\ue805' data-av_iconfont='entypo-fontello' title='' data-avia-related-tooltip='Compartir por correo'><span class='avia_hidden_link_text'>Compartir por correo<\/span><\/a><\/li><\/ul><\/div><\/div>\n<div  style='height:50px' class='hr hr-invisible   avia-builder-el-8  el_after_av_social_share  el_before_av_comments_list '><span class='hr-inner ' ><span class='hr-inner-style'><\/span><\/span><\/div>\n<div  class='av-buildercomment  av-blog-meta-html-info-disabled av-blog-meta-tag-disabled  '><\/div>\n","protected":false},"excerpt":{"rendered":"","protected":false},"author":1,"featured_media":44032,"comment_status":"open","ping_status":"open","sticky":false,"template":"","format":"standard","meta":{"footnotes":""},"categories":[38],"tags":[],"class_list":["post-44031","post","type-post","status-publish","format-standard","has-post-thumbnail","hentry","category-regional"],"jetpack_featured_media_url":"https:\/\/radiorevelacionfm.cl\/wp-content\/uploads\/2024\/07\/aniversario-sexta-2-ok-1_optimized.jpg","_links":{"self":[{"href":"https:\/\/radiorevelacionfm.cl\/index.php?rest_route=\/wp\/v2\/posts\/44031","targetHints":{"allow":["GET"]}}],"collection":[{"href":"https:\/\/radiorevelacionfm.cl\/index.php?rest_route=\/wp\/v2\/posts"}],"about":[{"href":"https:\/\/radiorevelacionfm.cl\/index.php?rest_route=\/wp\/v2\/types\/post"}],"author":[{"embeddable":true,"href":"https:\/\/radiorevelacionfm.cl\/index.php?rest_route=\/wp\/v2\/users\/1"}],"replies":[{"embeddable":true,"href":"https:\/\/radiorevelacionfm.cl\/index.php?rest_route=%2Fwp%2Fv2%2Fcomments&post=44031"}],"version-history":[{"count":1,"href":"https:\/\/radiorevelacionfm.cl\/index.php?rest_route=\/wp\/v2\/posts\/44031\/revisions"}],"predecessor-version":[{"id":44033,"href":"https:\/\/radiorevelacionfm.cl\/index.php?rest_route=\/wp\/v2\/posts\/44031\/revisions\/44033"}],"wp:featuredmedia":[{"embeddable":true,"href":"https:\/\/radiorevelacionfm.cl\/index.php?rest_route=\/wp\/v2\/media\/44032"}],"wp:attachment":[{"href":"https:\/\/radiorevelacionfm.cl\/index.php?rest_route=%2Fwp%2Fv2%2Fmedia&parent=44031"}],"wp:term":[{"taxonomy":"category","embeddable":true,"href":"https:\/\/radiorevelacionfm.cl\/index.php?rest_route=%2Fwp%2Fv2%2Fcategories&post=44031"},{"taxonomy":"post_tag","embeddable":true,"href":"https:\/\/radiorevelacionfm.cl\/index.php?rest_route=%2Fwp%2Fv2%2Ftags&post=44031"}],"curies":[{"name":"wp","href":"https:\/\/api.w.org\/{rel}","templated":true}]}}