{"id":44025,"date":"2024-07-10T11:14:19","date_gmt":"2024-07-10T14:14:19","guid":{"rendered":"https:\/\/radiorevelacionfm.cl\/?p=44025"},"modified":"2024-07-10T11:14:19","modified_gmt":"2024-07-10T14:14:19","slug":"vacunacion-en-la-campana-de-invierno-2024-protegiendo-a-nuestra-comunidad","status":"publish","type":"post","link":"https:\/\/radiorevelacionfm.cl\/?p=44025","title":{"rendered":"Vacunaci\u00f3n en la Campa\u00f1a de Invierno 2024: Protegiendo a nuestra Comunidad"},"content":{"rendered":"<div class=\"flex_column av_one_full  flex_column_div av-zero-column-padding first  avia-builder-el-0  el_before_av_one_full  avia-builder-el-first  \" style='border-radius:0px; '><div  class='avia-image-container  av-styling-    avia-builder-el-1  avia-builder-el-no-sibling  avia-align-center '  itemprop=\"image\" itemscope=\"itemscope\" itemtype=\"https:\/\/schema.org\/ImageObject\"  ><div class='avia-image-container-inner'><div class='avia-image-overlay-wrap'><img decoding=\"async\" class='wp-image-44026 avia-img-lazy-loading-not-44026 avia_image' src=\"https:\/\/radiorevelacionfm.cl\/wp-content\/uploads\/2024\/07\/dr-valenzuela-bronco-atencion-1-1_optimized.jpg\" alt='' title='dr-valenzuela-bronco-atenci\u00f3n-(1)-(1)_optimized' height=\"600\" width=\"927\"  itemprop=\"thumbnailUrl\" srcset=\"https:\/\/radiorevelacionfm.cl\/wp-content\/uploads\/2024\/07\/dr-valenzuela-bronco-atencion-1-1_optimized.jpg 927w, https:\/\/radiorevelacionfm.cl\/wp-content\/uploads\/2024\/07\/dr-valenzuela-bronco-atencion-1-1_optimized-300x194.jpg 300w, https:\/\/radiorevelacionfm.cl\/wp-content\/uploads\/2024\/07\/dr-valenzuela-bronco-atencion-1-1_optimized-768x497.jpg 768w, https:\/\/radiorevelacionfm.cl\/wp-content\/uploads\/2024\/07\/dr-valenzuela-bronco-atencion-1-1_optimized-705x456.jpg 705w, https:\/\/radiorevelacionfm.cl\/wp-content\/uploads\/2024\/07\/dr-valenzuela-bronco-atencion-1-1_optimized-450x291.jpg 450w, https:\/\/radiorevelacionfm.cl\/wp-content\/uploads\/2024\/07\/dr-valenzuela-bronco-atencion-1-1_optimized-600x388.jpg 600w\" sizes=\"(max-width: 927px) 100vw, 927px\" \/><\/div><\/div><\/div><\/div><div class=\"flex_column av_one_full  flex_column_div av-zero-column-padding first  avia-builder-el-2  el_after_av_one_full  el_before_av_one_full  column-top-margin\" style='border-radius:0px; '><section class=\"av_textblock_section \"  itemscope=\"itemscope\" itemtype=\"https:\/\/schema.org\/BlogPosting\" itemprop=\"blogPost\" ><div class='avia_textblock  '   itemprop=\"text\" ><p style=\"text-align: center;\"><span style=\"font-size: 18pt;\"><strong>Vacunaci\u00f3n en la Campa\u00f1a de Invierno 2024: Protegiendo a nuestra Comunidad<\/strong><\/span><\/p>\n<div id=\"gtx-trans\" style=\"position: absolute; left: -50px; top: 4.31534px;\">\n<div class=\"gtx-trans-icon\"><\/div>\n<\/div>\n<\/div><\/section><\/div><div class=\"flex_column av_one_full  flex_column_div av-zero-column-padding first  avia-builder-el-4  el_after_av_one_full  el_before_av_hr  column-top-margin\" style='border-radius:0px; '><section class=\"av_textblock_section \"  itemscope=\"itemscope\" itemtype=\"https:\/\/schema.org\/BlogPosting\" itemprop=\"blogPost\" ><div class='avia_textblock  '   itemprop=\"text\" ><p style=\"text-align: justify;\"><em>Sector salud refuerza llamado a vacunarse contra la influenza y otras enfermedades respiratorias.<\/em><\/p>\n<p style=\"text-align: justify;\">Con la llegada de la temporada invernal, y el posible aumento de la demanda de los servicios de urgencia y de hospitalizaci\u00f3n del Hospital Regional Coyhaique y de los otros dispositivos de salud de la red asistencial aysenina por las llamadas enfermedades estacionales, desde el sector salud refuerzan la campa\u00f1a de vacunaci\u00f3n a\u00fan en curso.<\/p>\n<p style=\"text-align: justify;\">Desde el HRC y el Servicio de Salud Ays\u00e9n, hacen un llamado a la poblaci\u00f3n que a\u00fan no se inmuniza contra la influenza generar las condiciones para que la comunidad est\u00e9 protegida frente al avance de cuadros respiratorios en la poblaci\u00f3n, en especial en personas mayores de 60 a\u00f1os que tienen una cobertura de un 63.6 % y de pedi\u00e1tricos de 6 meses a 5 a\u00f1os con un 73.9%.<\/p>\n<p style=\"text-align: justify;\">En ese marco, uno de los objetivos desde la red asistencial ha sido promover las distintas vacunas disponibles y destinadas a proteger a la comunidad contra enfermedades estacionales, es lo que releva el Dr. Ram\u00f3n Vergara, Subdirector de Gesti\u00f3n Asistencial (S) del Servicio de Salud Ays\u00e9n \u201cQuiero hacer un llamado para continuar con el proceso de vacunaci\u00f3n, sobre todo en los grupos objetivos que son las personas cr\u00f3nicas, con enfermedades como diabetes e hipertensi\u00f3n y tambi\u00e9n las personas mayores de 60 a\u00f1os para que acudan a nuestros recintos asistenciales que est\u00e1n habilitados para la vacunaci\u00f3n y para que sigan inform\u00e1ndose en nuestras redes sociales donde tenemos toda la informaci\u00f3n al respecto\u201d.<\/p>\n<p style=\"text-align: justify;\">Desde el Servicio de Pediatr\u00eda del HRC, la Dra. Mar\u00eda L\u00eda Paccot se\u00f1al\u00f3 la importancia de continuar fortaleciendo la inmunidad frente a las enfermedades respiratorias de invierno como una estrategia clave para su prevenci\u00f3n y desarrollar cuadros graves por estas enfermedades en los pacientes pedi\u00e1tricos \u201chemos visto que ha sido comparativamente menos con respecto al a\u00f1o pasado, igual son campa\u00f1as de invierno que no son comparables en ese sentido ya que el a\u00f1o pasado ven\u00edamos saliendo de dos a\u00f1os de encierro por COVID, as\u00ed que este a\u00f1o hemos visto una disminuci\u00f3n al respecto, pero tambi\u00e9n tiene que ver con el impacto que ha significado la inmunizaci\u00f3n con el uso de anticuerpo monoclonal contra el sincicial, que por suerte en nuestra regi\u00f3n ha llegado sobre el 90%, as\u00ed que quiero felicitar a la gente que ha inmunizado a sus hijos menores de un a\u00f1o y a los reci\u00e9n nacidos con este anticuerpo, porque ha significado una disminuci\u00f3n muy importante en las hospitalizaciones por virus respiratorio sincicial. De hecho, a nivel nacional se ha visto una disminuci\u00f3n cercana al 81%\u201d.<\/p>\n<p style=\"text-align: justify;\">En tanto, Marcelo Valenzuela, m\u00e9dico broncopulmonar pedi\u00e1trico del HRC destac\u00f3 la sintomatolog\u00eda y lo contagiosa que es la influenza \u201cpresenta muchos s\u00edntomas que son muy severos, digamos, muchos dolores cabezas, muchos dolores musculares, fiebre alta y que dura por lo menos cinco, siete d\u00edas y el contagio tambi\u00e9n. Es una enfermedad infecto muy contagiosa, o sea, de una familia o uno que se enferme, m\u00e1s de la mitad van a caer o la gran mayor\u00eda, el 70% por lo menos\u201d.<\/p>\n<p style=\"text-align: justify;\">Hechos que Mar\u00eda Gabriela Mendoza, m\u00e9dico broncopulmonar y jefa de la Unidad de Tratamientos Intermedios (UTI) del HRC tambi\u00e9n reforz\u00f3 entendiendo que pueden desarrollarse cuadros graves de la enfermedad \u201ccualquier tipo de infecci\u00f3n viral, cualquier virus puede generar s\u00edntomas similares, tos, congesti\u00f3n nasal, dolor de cabeza y lo m\u00e1s importante es mencionarles que este tipo de infecciones puede terminar en enfermedades complejas, requerir hospitalizaciones prolongadas, incluso ingresos a la Unidad de Cuidados Intensivos. Es por esto que les vengo a recordar las medidas para prevenir las infecciones virales, mantener lavado de manos frecuentes, ventilaci\u00f3n de nuestros hogares varias veces al d\u00eda y finalmente evitar el contacto con personas con s\u00edntomas respiratorios\u201d.<\/p>\n<p style=\"text-align: justify;\">Finalmente, Mar\u00eda Lia Paccot, m\u00e9dica del Servicio de Pediatr\u00eda del HRC, se\u00f1al\u00f3 que \u201clo primero siempre es un llamado a cuidarse, si bien hemos visto una disminuci\u00f3n con respecto al a\u00f1o pasado, eso no significa que ha terminado. De hecho, en este momento estamos en un receso ya que los ni\u00f1os est\u00e1n de vacaciones y se viene un peak despu\u00e9s de la vuelta de estas vacaciones a finales de julio y agosto. Por lo tanto, el llamado es a seguir cuid\u00e1ndose, el lavado de manos, el aseo constante de las casas, tambi\u00e9n hacer cuidado con el uso de las cocinas a le\u00f1a o las combustiones lentas, tratar de usar le\u00f1a seca tambi\u00e9n. Y la vacunaci\u00f3n important\u00edsima, un llamado a que se vacunen contra de la influenza, que si bien ha disminuido todav\u00eda sigue dando vuelta, la vacuna contra el COVID que hay que recordar que es anual tanto para los ni\u00f1os como para los adultos y la inmunizaci\u00f3n contra el sincicial ya que todav\u00eda si bien tenemos un porcentaje elevado de vacunaci\u00f3n, todav\u00eda no llega al \u00a0100% y lo ideal es que haya un 100%\u201d.<\/p>\n<p style=\"text-align: justify;\">Al respecto, destacar que el porcentaje de vacunaci\u00f3n actual contra la influenza a nivel regional es de un 81.24 %.<\/p>\n<\/div><\/section><\/div><div  style='height:50px' class='hr hr-invisible   avia-builder-el-6  el_after_av_one_full  el_before_av_social_share '><span class='hr-inner ' ><span class='hr-inner-style'><\/span><\/span><\/div><\/p>\n<div  class='av-social-sharing-box  avia-builder-el-7  el_after_av_hr  el_before_av_hr  '><div class='av-share-box'><h5 class='av-share-link-description av-no-toc '>Compartir esta noticia<\/h5><ul class='av-share-box-list noLightbox'><li class='av-share-link av-social-link-facebook' ><a target=\"_blank\" aria-label=\"Compartir en Facebook\" href='https:\/\/www.facebook.com\/sharer.php?u=https:\/\/radiorevelacionfm.cl\/?p=44025&#038;t=Vacunaci%C3%B3n%20en%20la%20Campa%C3%B1a%20de%20Invierno%202024%3A%20Protegiendo%20a%20nuestra%20Comunidad' aria-hidden='false' data-av_icon='\ue8f3' data-av_iconfont='entypo-fontello' title='' data-avia-related-tooltip='Compartir en Facebook' rel=\"noopener\"><span class='avia_hidden_link_text'>Compartir en Facebook<\/span><\/a><\/li><li class='av-share-link av-social-link-twitter' ><a target=\"_blank\" aria-label=\"Compartir en Twitter\" href='https:\/\/twitter.com\/share?text=Vacunaci%C3%B3n%20en%20la%20Campa%C3%B1a%20de%20Invierno%202024%3A%20Protegiendo%20a%20nuestra%20Comunidad&#038;url=https:\/\/radiorevelacionfm.cl\/?p=44025' aria-hidden='false' data-av_icon='\ue8f1' data-av_iconfont='entypo-fontello' title='' data-avia-related-tooltip='Compartir en Twitter' rel=\"noopener\"><span class='avia_hidden_link_text'>Compartir en Twitter<\/span><\/a><\/li><li class='av-share-link av-social-link-whatsapp' ><a target=\"_blank\" aria-label=\"Compartir en Whatsapp\" href='https:\/\/api.whatsapp.com\/send?text=https:\/\/radiorevelacionfm.cl\/?p=44025' aria-hidden='false' data-av_icon='\uf232' data-av_iconfont='entypo-fontello' title='' data-avia-related-tooltip='Compartir en Whatsapp' rel=\"noopener\"><span class='avia_hidden_link_text'>Compartir en Whatsapp<\/span><\/a><\/li><li class='av-share-link av-social-link-linkedin' ><a target=\"_blank\" aria-label=\"Compartir en LinkedIn\" href='https:\/\/linkedin.com\/shareArticle?mini=true&#038;title=Vacunaci%C3%B3n%20en%20la%20Campa%C3%B1a%20de%20Invierno%202024%3A%20Protegiendo%20a%20nuestra%20Comunidad&#038;url=https:\/\/radiorevelacionfm.cl\/?p=44025' aria-hidden='false' data-av_icon='\ue8fc' data-av_iconfont='entypo-fontello' title='' data-avia-related-tooltip='Compartir en LinkedIn' rel=\"noopener\"><span class='avia_hidden_link_text'>Compartir en LinkedIn<\/span><\/a><\/li><li class='av-share-link av-social-link-mail' ><a  aria-label=\"Compartir por correo\" href='mailto:?subject=Vacunaci%C3%B3n%20en%20la%20Campa%C3%B1a%20de%20Invierno%202024%3A%20Protegiendo%20a%20nuestra%20Comunidad&#038;body=https:\/\/radiorevelacionfm.cl\/?p=44025' aria-hidden='false' data-av_icon='\ue805' data-av_iconfont='entypo-fontello' title='' data-avia-related-tooltip='Compartir por correo'><span class='avia_hidden_link_text'>Compartir por correo<\/span><\/a><\/li><\/ul><\/div><\/div>\n<div  style='height:50px' class='hr hr-invisible   avia-builder-el-8  el_after_av_social_share  el_before_av_comments_list '><span class='hr-inner ' ><span class='hr-inner-style'><\/span><\/span><\/div>\n<div  class='av-buildercomment  av-blog-meta-html-info-disabled av-blog-meta-tag-disabled  '><\/div>\n","protected":false},"excerpt":{"rendered":"","protected":false},"author":1,"featured_media":44026,"comment_status":"open","ping_status":"open","sticky":false,"template":"","format":"standard","meta":{"footnotes":""},"categories":[46],"tags":[],"class_list":["post-44025","post","type-post","status-publish","format-standard","has-post-thumbnail","hentry","category-salud"],"jetpack_featured_media_url":"https:\/\/radiorevelacionfm.cl\/wp-content\/uploads\/2024\/07\/dr-valenzuela-bronco-atencion-1-1_optimized.jpg","_links":{"self":[{"href":"https:\/\/radiorevelacionfm.cl\/index.php?rest_route=\/wp\/v2\/posts\/44025","targetHints":{"allow":["GET"]}}],"collection":[{"href":"https:\/\/radiorevelacionfm.cl\/index.php?rest_route=\/wp\/v2\/posts"}],"about":[{"href":"https:\/\/radiorevelacionfm.cl\/index.php?rest_route=\/wp\/v2\/types\/post"}],"author":[{"embeddable":true,"href":"https:\/\/radiorevelacionfm.cl\/index.php?rest_route=\/wp\/v2\/users\/1"}],"replies":[{"embeddable":true,"href":"https:\/\/radiorevelacionfm.cl\/index.php?rest_route=%2Fwp%2Fv2%2Fcomments&post=44025"}],"version-history":[{"count":1,"href":"https:\/\/radiorevelacionfm.cl\/index.php?rest_route=\/wp\/v2\/posts\/44025\/revisions"}],"predecessor-version":[{"id":44027,"href":"https:\/\/radiorevelacionfm.cl\/index.php?rest_route=\/wp\/v2\/posts\/44025\/revisions\/44027"}],"wp:featuredmedia":[{"embeddable":true,"href":"https:\/\/radiorevelacionfm.cl\/index.php?rest_route=\/wp\/v2\/media\/44026"}],"wp:attachment":[{"href":"https:\/\/radiorevelacionfm.cl\/index.php?rest_route=%2Fwp%2Fv2%2Fmedia&parent=44025"}],"wp:term":[{"taxonomy":"category","embeddable":true,"href":"https:\/\/radiorevelacionfm.cl\/index.php?rest_route=%2Fwp%2Fv2%2Fcategories&post=44025"},{"taxonomy":"post_tag","embeddable":true,"href":"https:\/\/radiorevelacionfm.cl\/index.php?rest_route=%2Fwp%2Fv2%2Ftags&post=44025"}],"curies":[{"name":"wp","href":"https:\/\/api.w.org\/{rel}","templated":true}]}}