{"id":44018,"date":"2024-07-09T19:20:14","date_gmt":"2024-07-09T22:20:14","guid":{"rendered":"https:\/\/radiorevelacionfm.cl\/?p=44018"},"modified":"2024-07-09T19:20:14","modified_gmt":"2024-07-09T22:20:14","slug":"gracias-a-fondos-municipales-agrupacion-de-mujeres-campesinas-las-maravillas-podra-implementar-su-sede","status":"publish","type":"post","link":"https:\/\/radiorevelacionfm.cl\/?p=44018","title":{"rendered":"Gracias a fondos municipales Agrupaci\u00f3n de Mujeres Campesinas \u201cLas Maravillas\u201d podr\u00e1 implementar su sede"},"content":{"rendered":"<div class=\"flex_column av_one_full  flex_column_div av-zero-column-padding first  avia-builder-el-0  el_before_av_one_full  avia-builder-el-first  \" style='border-radius:0px; '><div  class='avia-image-container  av-styling-    avia-builder-el-1  avia-builder-el-no-sibling  avia-align-center '  itemprop=\"image\" itemscope=\"itemscope\" itemtype=\"https:\/\/schema.org\/ImageObject\"  ><div class='avia-image-container-inner'><div class='avia-image-overlay-wrap'><img decoding=\"async\" class='wp-image-44019 avia-img-lazy-loading-not-44019 avia_image' src=\"https:\/\/radiorevelacionfm.cl\/wp-content\/uploads\/2024\/07\/las-maravillas-sub-3-1_optimized.jpg\" alt='' title='las-maravillas-sub-3-(1)_optimized' height=\"625\" width=\"803\"  itemprop=\"thumbnailUrl\" srcset=\"https:\/\/radiorevelacionfm.cl\/wp-content\/uploads\/2024\/07\/las-maravillas-sub-3-1_optimized.jpg 803w, https:\/\/radiorevelacionfm.cl\/wp-content\/uploads\/2024\/07\/las-maravillas-sub-3-1_optimized-300x233.jpg 300w, https:\/\/radiorevelacionfm.cl\/wp-content\/uploads\/2024\/07\/las-maravillas-sub-3-1_optimized-768x598.jpg 768w, https:\/\/radiorevelacionfm.cl\/wp-content\/uploads\/2024\/07\/las-maravillas-sub-3-1_optimized-705x549.jpg 705w, https:\/\/radiorevelacionfm.cl\/wp-content\/uploads\/2024\/07\/las-maravillas-sub-3-1_optimized-450x350.jpg 450w, https:\/\/radiorevelacionfm.cl\/wp-content\/uploads\/2024\/07\/las-maravillas-sub-3-1_optimized-600x467.jpg 600w\" sizes=\"(max-width: 803px) 100vw, 803px\" \/><\/div><\/div><\/div><\/div><div class=\"flex_column av_one_full  flex_column_div av-zero-column-padding first  avia-builder-el-2  el_after_av_one_full  el_before_av_one_full  column-top-margin\" style='border-radius:0px; '><section class=\"av_textblock_section \"  itemscope=\"itemscope\" itemtype=\"https:\/\/schema.org\/BlogPosting\" itemprop=\"blogPost\" ><div class='avia_textblock  '   itemprop=\"text\" ><p style=\"text-align: center;\"><strong><span style=\"font-size: 18pt;\">Gracias a fondos municipales Agrupaci\u00f3n de Mujeres Campesinas \u201cLas Maravillas\u201d podr\u00e1 implementar su sede<\/span><\/strong><\/p>\n<div id=\"gtx-trans\" style=\"position: absolute; left: -50px; top: 4.31534px;\">\n<div class=\"gtx-trans-icon\"><\/div>\n<\/div>\n<\/div><\/section><\/div><div class=\"flex_column av_one_full  flex_column_div av-zero-column-padding first  avia-builder-el-4  el_after_av_one_full  el_before_av_hr  column-top-margin\" style='border-radius:0px; '><section class=\"av_textblock_section \"  itemscope=\"itemscope\" itemtype=\"https:\/\/schema.org\/BlogPosting\" itemprop=\"blogPost\" ><div class='avia_textblock  '   itemprop=\"text\" ><p style=\"text-align: justify;\"><em>La subvenci\u00f3n municipal bordea el mill\u00f3n pesos.<\/em><\/p>\n<p style=\"text-align: justify;\">La Agrupaci\u00f3n de Mujeres Campesinas Emprendedoras \u201cLas Maravillas\u201d de Ays\u00e9n, contin\u00faa trabajando con las diversas instituciones para llevar a cabo sus iniciativas que les permita ir creciendo como organizaci\u00f3n. Recientemente, gracias a la ayuda de Indap y el Municipio, lograron reacondicionar y transformar en su sede un conteiner.<\/p>\n<p style=\"text-align: justify;\">Ahora, pretenden implementar el espacio, para que resulte acogedor y donde puedan llevar a cabo sus actividades.<\/p>\n<p style=\"text-align: justify;\">\u201cFeliz, porque no hab\u00edamos tenido un apoyo de esta envergadura, nosotros postulamos para poder habilitar nuestro conteiner, hacer una cocina, implementarla. Yo hice las cotizaciones de algunos art\u00edculos, muebles, queremos hacer la instalaci\u00f3n para el agua. La idea es tener un lugar donde hacer nuestras reuniones, pero en buenas condiciones, tambi\u00e9n con una cocina a le\u00f1a, as\u00ed es que, muy felices\u201d, coment\u00f3 la presidenta de la entidad beneficiada, Gladys Mardones.<\/p>\n<p style=\"text-align: justify;\">La dirigenta de la Agrupaci\u00f3n de Mujeres Campesinas Emprendedoras \u201cLas Maravillas\u201d, Gladys Mardones, valor\u00f3 el trabajo y cercan\u00eda de la autoridad comunal con las organizaciones, relevando que su recinto hoy lo pueden usar, gracias a la voluntad de los servicios p\u00fablicos.<\/p>\n<p style=\"text-align: justify;\">\u201cSe logr\u00f3 la habilitaci\u00f3n por parte de la Municipalidad, en conjunto a un Programa de Desarrollo de Inversi\u00f3n de Indap, algo que fue muy importante, porque ac\u00e1 la mano de obra es car\u00edsima y los materiales de construcci\u00f3n que han subido mucho. Entonces, si no hubiese sido por el apoyo del Alcalde desde el primer d\u00eda que asumi\u00f3 nos recibi\u00f3 en sus dependencias y ah\u00ed expusimos nuestras inquietudes, hasta aqu\u00ed todo ha resultado s\u00faper bien, una gran cercan\u00eda con \u00e9l, con la gente y aclarar que esto no es un tema pol\u00edtico, porque siempre tenemos necesidades y tambi\u00e9n hemos trabajado con otras autoridades\u201d.<\/p>\n<p style=\"text-align: justify;\">Los fondos ya est\u00e1n a disposici\u00f3n de la agrupaci\u00f3n de Mujeres Campesinas, recursos que fueron parte de una serie de subvenciones aprobadas de forma un\u00e1nime por todo el Concejo Municipal de Ays\u00e9n.<\/p>\n<\/div><\/section><\/div><div  style='height:50px' class='hr hr-invisible   avia-builder-el-6  el_after_av_one_full  el_before_av_social_share '><span class='hr-inner ' ><span class='hr-inner-style'><\/span><\/span><\/div><\/p>\n<div  class='av-social-sharing-box  avia-builder-el-7  el_after_av_hr  el_before_av_hr  '><div class='av-share-box'><h5 class='av-share-link-description av-no-toc '>Compartir esta noticia<\/h5><ul class='av-share-box-list noLightbox'><li class='av-share-link av-social-link-facebook' ><a target=\"_blank\" aria-label=\"Compartir en Facebook\" href='https:\/\/www.facebook.com\/sharer.php?u=https:\/\/radiorevelacionfm.cl\/?p=44018&#038;t=Gracias%20a%20fondos%20municipales%20Agrupaci%C3%B3n%20de%20Mujeres%20Campesinas%20%E2%80%9CLas%20Maravillas%E2%80%9D%20podr%C3%A1%20implementar%20su%20sede' aria-hidden='false' data-av_icon='\ue8f3' data-av_iconfont='entypo-fontello' title='' data-avia-related-tooltip='Compartir en Facebook' rel=\"noopener\"><span class='avia_hidden_link_text'>Compartir en Facebook<\/span><\/a><\/li><li class='av-share-link av-social-link-twitter' ><a target=\"_blank\" aria-label=\"Compartir en Twitter\" href='https:\/\/twitter.com\/share?text=Gracias%20a%20fondos%20municipales%20Agrupaci%C3%B3n%20de%20Mujeres%20Campesinas%20%E2%80%9CLas%20Maravillas%E2%80%9D%20podr%C3%A1%20implementar%20su%20sede&#038;url=https:\/\/radiorevelacionfm.cl\/?p=44018' aria-hidden='false' data-av_icon='\ue8f1' data-av_iconfont='entypo-fontello' title='' data-avia-related-tooltip='Compartir en Twitter' rel=\"noopener\"><span class='avia_hidden_link_text'>Compartir en Twitter<\/span><\/a><\/li><li class='av-share-link av-social-link-whatsapp' ><a target=\"_blank\" aria-label=\"Compartir en Whatsapp\" href='https:\/\/api.whatsapp.com\/send?text=https:\/\/radiorevelacionfm.cl\/?p=44018' aria-hidden='false' data-av_icon='\uf232' data-av_iconfont='entypo-fontello' title='' data-avia-related-tooltip='Compartir en Whatsapp' rel=\"noopener\"><span class='avia_hidden_link_text'>Compartir en Whatsapp<\/span><\/a><\/li><li class='av-share-link av-social-link-linkedin' ><a target=\"_blank\" aria-label=\"Compartir en LinkedIn\" href='https:\/\/linkedin.com\/shareArticle?mini=true&#038;title=Gracias%20a%20fondos%20municipales%20Agrupaci%C3%B3n%20de%20Mujeres%20Campesinas%20%E2%80%9CLas%20Maravillas%E2%80%9D%20podr%C3%A1%20implementar%20su%20sede&#038;url=https:\/\/radiorevelacionfm.cl\/?p=44018' aria-hidden='false' data-av_icon='\ue8fc' data-av_iconfont='entypo-fontello' title='' data-avia-related-tooltip='Compartir en LinkedIn' rel=\"noopener\"><span class='avia_hidden_link_text'>Compartir en LinkedIn<\/span><\/a><\/li><li class='av-share-link av-social-link-mail' ><a  aria-label=\"Compartir por correo\" href='mailto:?subject=Gracias%20a%20fondos%20municipales%20Agrupaci%C3%B3n%20de%20Mujeres%20Campesinas%20%E2%80%9CLas%20Maravillas%E2%80%9D%20podr%C3%A1%20implementar%20su%20sede&#038;body=https:\/\/radiorevelacionfm.cl\/?p=44018' aria-hidden='false' data-av_icon='\ue805' data-av_iconfont='entypo-fontello' title='' data-avia-related-tooltip='Compartir por correo'><span class='avia_hidden_link_text'>Compartir por correo<\/span><\/a><\/li><\/ul><\/div><\/div>\n<div  style='height:50px' class='hr hr-invisible   avia-builder-el-8  el_after_av_social_share  el_before_av_comments_list '><span class='hr-inner ' ><span class='hr-inner-style'><\/span><\/span><\/div>\n<div  class='av-buildercomment  av-blog-meta-html-info-disabled av-blog-meta-tag-disabled  '><\/div>\n","protected":false},"excerpt":{"rendered":"","protected":false},"author":1,"featured_media":44019,"comment_status":"open","ping_status":"open","sticky":false,"template":"","format":"standard","meta":{"footnotes":""},"categories":[38],"tags":[],"class_list":["post-44018","post","type-post","status-publish","format-standard","has-post-thumbnail","hentry","category-regional"],"jetpack_featured_media_url":"https:\/\/radiorevelacionfm.cl\/wp-content\/uploads\/2024\/07\/las-maravillas-sub-3-1_optimized.jpg","_links":{"self":[{"href":"https:\/\/radiorevelacionfm.cl\/index.php?rest_route=\/wp\/v2\/posts\/44018","targetHints":{"allow":["GET"]}}],"collection":[{"href":"https:\/\/radiorevelacionfm.cl\/index.php?rest_route=\/wp\/v2\/posts"}],"about":[{"href":"https:\/\/radiorevelacionfm.cl\/index.php?rest_route=\/wp\/v2\/types\/post"}],"author":[{"embeddable":true,"href":"https:\/\/radiorevelacionfm.cl\/index.php?rest_route=\/wp\/v2\/users\/1"}],"replies":[{"embeddable":true,"href":"https:\/\/radiorevelacionfm.cl\/index.php?rest_route=%2Fwp%2Fv2%2Fcomments&post=44018"}],"version-history":[{"count":1,"href":"https:\/\/radiorevelacionfm.cl\/index.php?rest_route=\/wp\/v2\/posts\/44018\/revisions"}],"predecessor-version":[{"id":44020,"href":"https:\/\/radiorevelacionfm.cl\/index.php?rest_route=\/wp\/v2\/posts\/44018\/revisions\/44020"}],"wp:featuredmedia":[{"embeddable":true,"href":"https:\/\/radiorevelacionfm.cl\/index.php?rest_route=\/wp\/v2\/media\/44019"}],"wp:attachment":[{"href":"https:\/\/radiorevelacionfm.cl\/index.php?rest_route=%2Fwp%2Fv2%2Fmedia&parent=44018"}],"wp:term":[{"taxonomy":"category","embeddable":true,"href":"https:\/\/radiorevelacionfm.cl\/index.php?rest_route=%2Fwp%2Fv2%2Fcategories&post=44018"},{"taxonomy":"post_tag","embeddable":true,"href":"https:\/\/radiorevelacionfm.cl\/index.php?rest_route=%2Fwp%2Fv2%2Ftags&post=44018"}],"curies":[{"name":"wp","href":"https:\/\/api.w.org\/{rel}","templated":true}]}}