{"id":44015,"date":"2024-07-10T10:52:26","date_gmt":"2024-07-10T13:52:26","guid":{"rendered":"https:\/\/radiorevelacionfm.cl\/?p=44015"},"modified":"2024-07-10T10:52:26","modified_gmt":"2024-07-10T13:52:26","slug":"cincuenta-estudiantes-de-ensenanza-basica-y-media-de-coyhaique-son-protagonistas-del-winter-camp-2024","status":"publish","type":"post","link":"https:\/\/radiorevelacionfm.cl\/?p=44015","title":{"rendered":"Cincuenta estudiantes de ense\u00f1anza b\u00e1sica y media de Coyhaique son protagonistas del Winter Camp 2024"},"content":{"rendered":"<div class=\"flex_column av_one_full  flex_column_div av-zero-column-padding first  avia-builder-el-0  el_before_av_one_full  avia-builder-el-first  \" style='border-radius:0px; '><div  class='avia-image-container  av-styling-    avia-builder-el-1  avia-builder-el-no-sibling  avia-align-center '  itemprop=\"image\" itemscope=\"itemscope\" itemtype=\"https:\/\/schema.org\/ImageObject\"  ><div class='avia-image-container-inner'><div class='avia-image-overlay-wrap'><img decoding=\"async\" class='wp-image-44016 avia-img-lazy-loading-not-44016 avia_image' src=\"https:\/\/radiorevelacionfm.cl\/wp-content\/uploads\/2024\/07\/camper2-1_optimized.jpg\" alt='' title='camper2-(1)_optimized' height=\"600\" width=\"901\"  itemprop=\"thumbnailUrl\" srcset=\"https:\/\/radiorevelacionfm.cl\/wp-content\/uploads\/2024\/07\/camper2-1_optimized.jpg 901w, https:\/\/radiorevelacionfm.cl\/wp-content\/uploads\/2024\/07\/camper2-1_optimized-300x200.jpg 300w, https:\/\/radiorevelacionfm.cl\/wp-content\/uploads\/2024\/07\/camper2-1_optimized-768x511.jpg 768w, https:\/\/radiorevelacionfm.cl\/wp-content\/uploads\/2024\/07\/camper2-1_optimized-705x469.jpg 705w, https:\/\/radiorevelacionfm.cl\/wp-content\/uploads\/2024\/07\/camper2-1_optimized-450x300.jpg 450w, https:\/\/radiorevelacionfm.cl\/wp-content\/uploads\/2024\/07\/camper2-1_optimized-600x400.jpg 600w\" sizes=\"(max-width: 901px) 100vw, 901px\" \/><\/div><\/div><\/div><\/div><div class=\"flex_column av_one_full  flex_column_div av-zero-column-padding first  avia-builder-el-2  el_after_av_one_full  el_before_av_one_full  column-top-margin\" style='border-radius:0px; '><section class=\"av_textblock_section \"  itemscope=\"itemscope\" itemtype=\"https:\/\/schema.org\/BlogPosting\" itemprop=\"blogPost\" ><div class='avia_textblock  '   itemprop=\"text\" ><p style=\"text-align: center;\"><span style=\"font-size: 18pt;\"><b>Cincuenta estudiantes de ense\u00f1anza b\u00e1sica y media de Coyhaique son protagonistas del Winter Camp 2024<\/b><\/span><\/p>\n<div id=\"gtx-trans\" style=\"position: absolute; left: -50px; top: 4.31534px;\">\n<div class=\"gtx-trans-icon\"><\/div>\n<\/div>\n<\/div><\/section><\/div><div class=\"flex_column av_one_full  flex_column_div av-zero-column-padding first  avia-builder-el-4  el_after_av_one_full  el_before_av_hr  column-top-margin\" style='border-radius:0px; '><section class=\"av_textblock_section \"  itemscope=\"itemscope\" itemtype=\"https:\/\/schema.org\/BlogPosting\" itemprop=\"blogPost\" ><div class='avia_textblock  '   itemprop=\"text\" ><p class=\"v1MsoNormal\" style=\"text-align: justify;\">En dependencias del Liceo Josefina Aguirre Montenegro de Coyhaique se desarrolla desde el lunes el Campamento de Invierno en Ingl\u00e9s, \u00abEnglish Winter Camps 2024\u00bb convocado por el Ministerio de Educaci\u00f3n a trav\u00e9s del \u00a0Programa Ingles Abre para estudiantes de educaci\u00f3n media y b\u00e1sica, respectivamente.<\/p>\n<p class=\"v1MsoNormal\" style=\"text-align: justify;\">Bajo el lema \u00abThe future, your choices &#8211; Make em count!\u00bb (El futuro, tus elecciones: \u00a1haz que cuenten!). Durante cinco d\u00edas, 50 j\u00f3venes \u00a0de ense\u00f1anza b\u00e1sica y media participan del \u00a0campamento de invierno que este a\u00f1o se desarrolla entre el lunes 8 y el viernes 12 de julio \u00a0en la capital regional. La experiencia permite a los acampantes vivir una valiosa experiencia de \u00a0inmersi\u00f3n del idioma ingl\u00e9s a trav\u00e9s de actividades l\u00fadicas, con el objetivo de desarrollar sus habilidades de comunicarse hablando ingl\u00e9s con sus pares. Durante estos d\u00edas son acompa\u00f1ados por dos monitoras y facilitadoras.<\/p>\n<p class=\"v1MsoNormal\" style=\"text-align: justify;\">En el inicio de la actividad, la Jefa del Departamento Provincial de Educaci\u00f3n Coyhaique, Michelle Grondona, dio la bienvenida a los estudiantes y agradeci\u00f3 a las monitoras y facilitadoras.<\/p>\n<p class=\"v1MsoNormal\" style=\"text-align: justify;\">\u00abYa est\u00e1 todo dispuesto para que las y los estudiantes aprendan ingl\u00e9s en un espacio l\u00fadico en que el juego y la convivencia facilitan el aprendizaje\u00a0 y pr\u00e1ctica del ingl\u00e9s, que, como sabemos, es una segunda lengua necesaria en un mundo globalizado. Les deseamos \u00e9xito y que disfruten mucho esta experiencia\u00bb, expres\u00f3.<\/p>\n<p class=\"v1MsoNormal\" style=\"text-align: justify;\">Por su parte, la Seremi Isabel Garrido afirm\u00f3 que \u00abFelicitamos a las y los 50 estudiantes de 5to b\u00e1sico a 4to medio de Coyhaique que durante su per\u00edodo de receso invernal dedicaron una semana para disfrutar de la experiencia de los campamentos de invierno del Programa Ingl\u00e9s Abre Puertas, con la completa inmersi\u00f3n al idioma. Adem\u00e1s de desarrollar la comunicaci\u00f3n oral, mediante la puesta en pr\u00e1ctica del ingl\u00e9s en contextos reales, a trav\u00e9s de actividades l\u00fadicas, din\u00e1micas, y motivantes que promuevan el bienestar socioemocional, y refuerzan la autoestima y compa\u00f1erismo\u00bb.<\/p>\n<p class=\"v1MsoNormal\" style=\"text-align: justify;\">La autoridad regional destac\u00f3 tambi\u00e9n el aporte de JUNAEB, instituci\u00f3n del Ministerio de Educaci\u00f3n\u00a0 que entrega gratuitamente la alimentaci\u00f3n; almuerzo y colaciones de los y las acampantes.<\/p>\n<p class=\"v1MsoNormal\" style=\"text-align: justify;\">Los campamentos de invierno y verano en ingl\u00e9s son jornadas de inmersi\u00f3n en ingl\u00e9s dirigidas a estudiantes de 5\u00b0 b\u00e1sico a IV\u00b0 medio pertenecientes a establecimientos municipales, subvencionados y SLEP. Su objetivo es aumentar la exposici\u00f3n al idioma ingl\u00e9s y desarrollar la comunicaci\u00f3n oral, mediante la puesta en pr\u00e1ctica del ingl\u00e9s en contextos reales,\u00a0 por medio\u00a0de actividades l\u00fadicas.<\/p>\n<\/div><\/section><\/div><div  style='height:50px' class='hr hr-invisible   avia-builder-el-6  el_after_av_one_full  el_before_av_social_share '><span class='hr-inner ' ><span class='hr-inner-style'><\/span><\/span><\/div><\/p>\n<div  class='av-social-sharing-box  avia-builder-el-7  el_after_av_hr  el_before_av_hr  '><div class='av-share-box'><h5 class='av-share-link-description av-no-toc '>Compartir esta noticia<\/h5><ul class='av-share-box-list noLightbox'><li class='av-share-link av-social-link-facebook' ><a target=\"_blank\" aria-label=\"Compartir en Facebook\" href='https:\/\/www.facebook.com\/sharer.php?u=https:\/\/radiorevelacionfm.cl\/?p=44015&#038;t=Cincuenta%20estudiantes%20de%20ense%C3%B1anza%20b%C3%A1sica%20y%20media%20de%20Coyhaique%20son%20protagonistas%20del%20Winter%20Camp%202024' aria-hidden='false' data-av_icon='\ue8f3' data-av_iconfont='entypo-fontello' title='' data-avia-related-tooltip='Compartir en Facebook' rel=\"noopener\"><span class='avia_hidden_link_text'>Compartir en Facebook<\/span><\/a><\/li><li class='av-share-link av-social-link-twitter' ><a target=\"_blank\" aria-label=\"Compartir en Twitter\" href='https:\/\/twitter.com\/share?text=Cincuenta%20estudiantes%20de%20ense%C3%B1anza%20b%C3%A1sica%20y%20media%20de%20Coyhaique%20son%20protagonistas%20del%20Winter%20Camp%202024&#038;url=https:\/\/radiorevelacionfm.cl\/?p=44015' aria-hidden='false' data-av_icon='\ue8f1' data-av_iconfont='entypo-fontello' title='' data-avia-related-tooltip='Compartir en Twitter' rel=\"noopener\"><span class='avia_hidden_link_text'>Compartir en Twitter<\/span><\/a><\/li><li class='av-share-link av-social-link-whatsapp' ><a target=\"_blank\" aria-label=\"Compartir en Whatsapp\" href='https:\/\/api.whatsapp.com\/send?text=https:\/\/radiorevelacionfm.cl\/?p=44015' aria-hidden='false' data-av_icon='\uf232' data-av_iconfont='entypo-fontello' title='' data-avia-related-tooltip='Compartir en Whatsapp' rel=\"noopener\"><span class='avia_hidden_link_text'>Compartir en Whatsapp<\/span><\/a><\/li><li class='av-share-link av-social-link-linkedin' ><a target=\"_blank\" aria-label=\"Compartir en LinkedIn\" href='https:\/\/linkedin.com\/shareArticle?mini=true&#038;title=Cincuenta%20estudiantes%20de%20ense%C3%B1anza%20b%C3%A1sica%20y%20media%20de%20Coyhaique%20son%20protagonistas%20del%20Winter%20Camp%202024&#038;url=https:\/\/radiorevelacionfm.cl\/?p=44015' aria-hidden='false' data-av_icon='\ue8fc' data-av_iconfont='entypo-fontello' title='' data-avia-related-tooltip='Compartir en LinkedIn' rel=\"noopener\"><span class='avia_hidden_link_text'>Compartir en LinkedIn<\/span><\/a><\/li><li class='av-share-link av-social-link-mail' ><a  aria-label=\"Compartir por correo\" href='mailto:?subject=Cincuenta%20estudiantes%20de%20ense%C3%B1anza%20b%C3%A1sica%20y%20media%20de%20Coyhaique%20son%20protagonistas%20del%20Winter%20Camp%202024&#038;body=https:\/\/radiorevelacionfm.cl\/?p=44015' aria-hidden='false' data-av_icon='\ue805' data-av_iconfont='entypo-fontello' title='' data-avia-related-tooltip='Compartir por correo'><span class='avia_hidden_link_text'>Compartir por correo<\/span><\/a><\/li><\/ul><\/div><\/div>\n<div  style='height:50px' class='hr hr-invisible   avia-builder-el-8  el_after_av_social_share  el_before_av_comments_list '><span class='hr-inner ' ><span class='hr-inner-style'><\/span><\/span><\/div>\n<div  class='av-buildercomment  av-blog-meta-html-info-disabled av-blog-meta-tag-disabled  '><\/div>\n","protected":false},"excerpt":{"rendered":"","protected":false},"author":1,"featured_media":44016,"comment_status":"open","ping_status":"open","sticky":false,"template":"","format":"standard","meta":{"footnotes":""},"categories":[49],"tags":[],"class_list":["post-44015","post","type-post","status-publish","format-standard","has-post-thumbnail","hentry","category-educacion"],"jetpack_featured_media_url":"https:\/\/radiorevelacionfm.cl\/wp-content\/uploads\/2024\/07\/camper2-1_optimized.jpg","_links":{"self":[{"href":"https:\/\/radiorevelacionfm.cl\/index.php?rest_route=\/wp\/v2\/posts\/44015","targetHints":{"allow":["GET"]}}],"collection":[{"href":"https:\/\/radiorevelacionfm.cl\/index.php?rest_route=\/wp\/v2\/posts"}],"about":[{"href":"https:\/\/radiorevelacionfm.cl\/index.php?rest_route=\/wp\/v2\/types\/post"}],"author":[{"embeddable":true,"href":"https:\/\/radiorevelacionfm.cl\/index.php?rest_route=\/wp\/v2\/users\/1"}],"replies":[{"embeddable":true,"href":"https:\/\/radiorevelacionfm.cl\/index.php?rest_route=%2Fwp%2Fv2%2Fcomments&post=44015"}],"version-history":[{"count":1,"href":"https:\/\/radiorevelacionfm.cl\/index.php?rest_route=\/wp\/v2\/posts\/44015\/revisions"}],"predecessor-version":[{"id":44017,"href":"https:\/\/radiorevelacionfm.cl\/index.php?rest_route=\/wp\/v2\/posts\/44015\/revisions\/44017"}],"wp:featuredmedia":[{"embeddable":true,"href":"https:\/\/radiorevelacionfm.cl\/index.php?rest_route=\/wp\/v2\/media\/44016"}],"wp:attachment":[{"href":"https:\/\/radiorevelacionfm.cl\/index.php?rest_route=%2Fwp%2Fv2%2Fmedia&parent=44015"}],"wp:term":[{"taxonomy":"category","embeddable":true,"href":"https:\/\/radiorevelacionfm.cl\/index.php?rest_route=%2Fwp%2Fv2%2Fcategories&post=44015"},{"taxonomy":"post_tag","embeddable":true,"href":"https:\/\/radiorevelacionfm.cl\/index.php?rest_route=%2Fwp%2Fv2%2Ftags&post=44015"}],"curies":[{"name":"wp","href":"https:\/\/api.w.org\/{rel}","templated":true}]}}