{"id":4401,"date":"2021-05-22T17:42:05","date_gmt":"2021-05-22T20:42:05","guid":{"rendered":"https:\/\/radiorevelacionfm.cl\/?p=4401"},"modified":"2021-05-22T17:51:32","modified_gmt":"2021-05-22T20:51:32","slug":"seremi-de-justicia-y-dd-hh-destaca-aprobacion-del-proyecto-que-moderniza-las-tecnicas-de-investigacion-contra-el-crimen-organizado","status":"publish","type":"post","link":"https:\/\/radiorevelacionfm.cl\/?p=4401","title":{"rendered":"Seremi de Justicia y DD.HH destaca aprobaci\u00f3n del proyecto que moderniza las t\u00e9cnicas de investigaci\u00f3n contra el crimen organizado"},"content":{"rendered":"<div class=\"flex_column av_one_full  flex_column_div av-zero-column-padding first  avia-builder-el-0  el_before_av_one_full  avia-builder-el-first  \" style='border-radius:0px; '><div  class='avia-image-container  av-styling-    avia-builder-el-1  avia-builder-el-no-sibling  avia-align-center '  itemprop=\"image\" itemscope=\"itemscope\" itemtype=\"https:\/\/schema.org\/ImageObject\"  ><div class='avia-image-container-inner'><div class='avia-image-overlay-wrap'><img decoding=\"async\" class='wp-image-0 avia-img-lazy-loading-not-0 avia_image' src=\"https:\/\/radiorevelacionfm.cl\/wp-content\/uploads\/2021\/05\/seremi-prieto-2-1-1.jpg\" alt='' title=''   itemprop=\"thumbnailUrl\"  \/><\/div><\/div><\/div><\/div><div class=\"flex_column av_one_full  flex_column_div av-zero-column-padding first  avia-builder-el-2  el_after_av_one_full  el_before_av_one_full  column-top-margin\" style='border-radius:0px; '><section class=\"av_textblock_section \"  itemscope=\"itemscope\" itemtype=\"https:\/\/schema.org\/BlogPosting\" itemprop=\"blogPost\" ><div class='avia_textblock  '   itemprop=\"text\" ><p style=\"text-align: center;\"><strong><span style=\"font-size: 18pt;\">Seremi de Justicia y DD.HH destaca aprobaci\u00f3n del proyecto que moderniza las t\u00e9cnicas de investigaci\u00f3n contra el crimen organizado<\/span><\/strong><\/p>\n<\/div><\/section><\/div><div class=\"flex_column av_one_full  flex_column_div av-zero-column-padding first  avia-builder-el-4  el_after_av_one_full  el_before_av_hr  column-top-margin\" style='border-radius:0px; '><section class=\"av_textblock_section \"  itemscope=\"itemscope\" itemtype=\"https:\/\/schema.org\/BlogPosting\" itemprop=\"blogPost\" ><div class='avia_textblock  '   itemprop=\"text\" ><p style=\"text-align: justify;\">Por 103 votos a favor, la C\u00e1mara de Diputados aprob\u00f3 el pasado mi\u00e9rcoles el proyecto de ley del Ministerio de Justicia y DD.HH que permite modernizar las t\u00e9cnicas investigativas contra el Crimen Organizado, instancia que cont\u00f3 con la presencia del Ministro de Justicia y DD.HH Hern\u00e1n Larra\u00edn, junto al Subsecretario de Justicia, Sebasti\u00e1n Valenzuela,\u00a0 instancia que fue relevada a nivel regional por el Seremi de la cartera Luis Prieto, y que se espera sea prontamente ley, puesto que entrega m\u00e1s y mejores herramientas en la lucha contra el crimen organizado, y permite hacer frente a un diagn\u00f3stico que es global.<\/p>\n<p style=\"text-align: justify;\">Dicha iniciativa legal modifica la tipicaci\u00f3n del delito de asociaci\u00f3n il\u00edcita en el C\u00f3digo Penal, reemplaz\u00e1ndola por dos nuevas figuras: la asociaci\u00f3n delictiva y la asociaci\u00f3n criminal, dependiendo de los delitos que cometa una organizaci\u00f3n criminal, y contempla la figura de la delaci\u00f3n compensada. Adem\u00e1s, incorpora t\u00e9cnicas especiales de investigaci\u00f3n, como son los agentes reveladores, los agentes encubiertos, informantes, las entregas vigiladas, siempre con la autorizaci\u00f3n previa de un juez de garant\u00eda.<\/p>\n<p style=\"text-align: justify;\">Asimismo, a fin de atacar las fuentes de financiamiento de dichas organizaciones, ampl\u00eda las posibilidades de decomiso de los bienes de sus integrantes, sin necesidad de esperar la condena de cada uno de ellos.<\/p>\n<p style=\"text-align: justify;\">En este sentido, Luis Prieto se\u00f1al\u00f3 que \u201cesta reforma legislativa resulta necesaria para dotar a las polic\u00edas y el Ministerio P\u00fablico con los medios apropiados para investigar adecuadamente al crimen organizado, toda vez las bandas criminales est\u00e1n buscando permanentemente nuevas maneras de cometer delitos a gran escala, tanto en el contexto nacional y tambi\u00e9n internacional\u201d.<\/p>\n<p style=\"text-align: justify;\">Finalmente, cabe mencionar que desde la instalaci\u00f3n de la Reforma Procesal Penal, no se hab\u00eda actualizado la regulaci\u00f3n de las t\u00e9cnicas de investigaci\u00f3n contra el crimen organizado, pese al avance de las tecnolog\u00edas y la experiencia de pa\u00edses m\u00e1s desarrollados en el combate contra la delincuencia organizada. Si bien se avanz\u00f3 el a\u00f1o 2005 con la Ley de drogas, hoy la delincuencia organizada es mucho m\u00e1s que el narcotr\u00e1fico, pues se habla de grupos organizados vinculados a corrupci\u00f3n, trata de personas, pornograf\u00eda y explotaci\u00f3n sexual infantil, robos, mercado il\u00edcito de productos regulados, entre otros.<\/p>\n<\/div><\/section><\/div><div  style='height:50px' class='hr hr-invisible   avia-builder-el-6  el_after_av_one_full  el_before_av_social_share '><span class='hr-inner ' ><span class='hr-inner-style'><\/span><\/span><\/div><\/p>\n<div  class='av-social-sharing-box  avia-builder-el-7  el_after_av_hr  el_before_av_hr  '><div class='av-share-box'><h5 class='av-share-link-description av-no-toc '>Compartir esta noticia<\/h5><ul class='av-share-box-list noLightbox'><li class='av-share-link av-social-link-facebook' ><a target=\"_blank\" aria-label=\"Compartir en Facebook\" href='https:\/\/www.facebook.com\/sharer.php?u=https:\/\/radiorevelacionfm.cl\/?p=4401&#038;t=Seremi%20de%20Justicia%20y%20DD.HH%20destaca%20aprobaci%C3%B3n%20del%20proyecto%20que%20moderniza%20las%20t%C3%A9cnicas%20de%20investigaci%C3%B3n%20contra%20el%20crimen%20organizado' aria-hidden='false' data-av_icon='\ue8f3' data-av_iconfont='entypo-fontello' title='' data-avia-related-tooltip='Compartir en Facebook' rel=\"noopener\"><span class='avia_hidden_link_text'>Compartir en Facebook<\/span><\/a><\/li><li class='av-share-link av-social-link-twitter' ><a target=\"_blank\" aria-label=\"Compartir en Twitter\" href='https:\/\/twitter.com\/share?text=Seremi%20de%20Justicia%20y%20DD.HH%20destaca%20aprobaci%C3%B3n%20del%20proyecto%20que%20moderniza%20las%20t%C3%A9cnicas%20de%20investigaci%C3%B3n%20contra%20el%20crimen%20organizado&#038;url=https:\/\/radiorevelacionfm.cl\/?p=4401' aria-hidden='false' data-av_icon='\ue8f1' data-av_iconfont='entypo-fontello' title='' data-avia-related-tooltip='Compartir en Twitter' rel=\"noopener\"><span class='avia_hidden_link_text'>Compartir en Twitter<\/span><\/a><\/li><li class='av-share-link av-social-link-whatsapp' ><a target=\"_blank\" aria-label=\"Compartir en Whatsapp\" href='https:\/\/api.whatsapp.com\/send?text=https:\/\/radiorevelacionfm.cl\/?p=4401' aria-hidden='false' data-av_icon='\uf232' data-av_iconfont='entypo-fontello' title='' data-avia-related-tooltip='Compartir en Whatsapp' rel=\"noopener\"><span class='avia_hidden_link_text'>Compartir en Whatsapp<\/span><\/a><\/li><li class='av-share-link av-social-link-linkedin' ><a target=\"_blank\" aria-label=\"Compartir en LinkedIn\" href='https:\/\/linkedin.com\/shareArticle?mini=true&#038;title=Seremi%20de%20Justicia%20y%20DD.HH%20destaca%20aprobaci%C3%B3n%20del%20proyecto%20que%20moderniza%20las%20t%C3%A9cnicas%20de%20investigaci%C3%B3n%20contra%20el%20crimen%20organizado&#038;url=https:\/\/radiorevelacionfm.cl\/?p=4401' aria-hidden='false' data-av_icon='\ue8fc' data-av_iconfont='entypo-fontello' title='' data-avia-related-tooltip='Compartir en LinkedIn' rel=\"noopener\"><span class='avia_hidden_link_text'>Compartir en LinkedIn<\/span><\/a><\/li><li class='av-share-link av-social-link-mail' ><a  aria-label=\"Compartir por correo\" href='mailto:?subject=Seremi%20de%20Justicia%20y%20DD.HH%20destaca%20aprobaci%C3%B3n%20del%20proyecto%20que%20moderniza%20las%20t%C3%A9cnicas%20de%20investigaci%C3%B3n%20contra%20el%20crimen%20organizado&#038;body=https:\/\/radiorevelacionfm.cl\/?p=4401' aria-hidden='false' data-av_icon='\ue805' data-av_iconfont='entypo-fontello' title='' data-avia-related-tooltip='Compartir por correo'><span class='avia_hidden_link_text'>Compartir por correo<\/span><\/a><\/li><\/ul><\/div><\/div>\n<div  style='height:50px' class='hr hr-invisible   avia-builder-el-8  el_after_av_social_share  el_before_av_comments_list '><span class='hr-inner ' ><span class='hr-inner-style'><\/span><\/span><\/div>\n<div  class='av-buildercomment  av-blog-meta-html-info-disabled av-blog-meta-tag-disabled  '><\/div>\n","protected":false},"excerpt":{"rendered":"","protected":false},"author":1,"featured_media":0,"comment_status":"open","ping_status":"open","sticky":false,"template":"","format":"standard","meta":{"footnotes":""},"categories":[55],"tags":[],"class_list":["post-4401","post","type-post","status-publish","format-standard","hentry","category-justicia"],"jetpack_featured_media_url":"","_links":{"self":[{"href":"https:\/\/radiorevelacionfm.cl\/index.php?rest_route=\/wp\/v2\/posts\/4401","targetHints":{"allow":["GET"]}}],"collection":[{"href":"https:\/\/radiorevelacionfm.cl\/index.php?rest_route=\/wp\/v2\/posts"}],"about":[{"href":"https:\/\/radiorevelacionfm.cl\/index.php?rest_route=\/wp\/v2\/types\/post"}],"author":[{"embeddable":true,"href":"https:\/\/radiorevelacionfm.cl\/index.php?rest_route=\/wp\/v2\/users\/1"}],"replies":[{"embeddable":true,"href":"https:\/\/radiorevelacionfm.cl\/index.php?rest_route=%2Fwp%2Fv2%2Fcomments&post=4401"}],"version-history":[{"count":1,"href":"https:\/\/radiorevelacionfm.cl\/index.php?rest_route=\/wp\/v2\/posts\/4401\/revisions"}],"predecessor-version":[{"id":4403,"href":"https:\/\/radiorevelacionfm.cl\/index.php?rest_route=\/wp\/v2\/posts\/4401\/revisions\/4403"}],"wp:attachment":[{"href":"https:\/\/radiorevelacionfm.cl\/index.php?rest_route=%2Fwp%2Fv2%2Fmedia&parent=4401"}],"wp:term":[{"taxonomy":"category","embeddable":true,"href":"https:\/\/radiorevelacionfm.cl\/index.php?rest_route=%2Fwp%2Fv2%2Fcategories&post=4401"},{"taxonomy":"post_tag","embeddable":true,"href":"https:\/\/radiorevelacionfm.cl\/index.php?rest_route=%2Fwp%2Fv2%2Ftags&post=4401"}],"curies":[{"name":"wp","href":"https:\/\/api.w.org\/{rel}","templated":true}]}}