{"id":44006,"date":"2024-07-09T21:25:38","date_gmt":"2024-07-10T00:25:38","guid":{"rendered":"https:\/\/radiorevelacionfm.cl\/?p=44006"},"modified":"2024-07-09T21:25:38","modified_gmt":"2024-07-10T00:25:38","slug":"entregan-recursos-a-6-municipios-para-la-contratacion-de-profesionales-dedicados-a-la-promocion-de-conductas-saludables","status":"publish","type":"post","link":"https:\/\/radiorevelacionfm.cl\/?p=44006","title":{"rendered":"Entregan recursos a 6 municipios para la contrataci\u00f3n de profesionales dedicados a la promoci\u00f3n de conductas saludables"},"content":{"rendered":"<div class=\"flex_column av_one_full  flex_column_div av-zero-column-padding first  avia-builder-el-0  el_before_av_one_full  avia-builder-el-first  \" style='border-radius:0px; '><div  class='avia-image-container  av-styling-    avia-builder-el-1  avia-builder-el-no-sibling  avia-align-center '  itemprop=\"image\" itemscope=\"itemscope\" itemtype=\"https:\/\/schema.org\/ImageObject\"  ><div class='avia-image-container-inner'><div class='avia-image-overlay-wrap'><img decoding=\"async\" class='wp-image-44007 avia-img-lazy-loading-not-44007 avia_image' src=\"https:\/\/radiorevelacionfm.cl\/wp-content\/uploads\/2024\/07\/MUNICIPIOS-PTPS-2-1-1.jpeg\" alt='' title='MUNICIPIOS PTPS (2) (1) (1)' height=\"600\" width=\"836\"  itemprop=\"thumbnailUrl\" srcset=\"https:\/\/radiorevelacionfm.cl\/wp-content\/uploads\/2024\/07\/MUNICIPIOS-PTPS-2-1-1.jpeg 836w, https:\/\/radiorevelacionfm.cl\/wp-content\/uploads\/2024\/07\/MUNICIPIOS-PTPS-2-1-1-300x215.jpeg 300w, https:\/\/radiorevelacionfm.cl\/wp-content\/uploads\/2024\/07\/MUNICIPIOS-PTPS-2-1-1-768x551.jpeg 768w, https:\/\/radiorevelacionfm.cl\/wp-content\/uploads\/2024\/07\/MUNICIPIOS-PTPS-2-1-1-705x506.jpeg 705w, https:\/\/radiorevelacionfm.cl\/wp-content\/uploads\/2024\/07\/MUNICIPIOS-PTPS-2-1-1-450x323.jpeg 450w, https:\/\/radiorevelacionfm.cl\/wp-content\/uploads\/2024\/07\/MUNICIPIOS-PTPS-2-1-1-600x431.jpeg 600w\" sizes=\"(max-width: 836px) 100vw, 836px\" \/><\/div><\/div><\/div><\/div><div class=\"flex_column av_one_full  flex_column_div av-zero-column-padding first  avia-builder-el-2  el_after_av_one_full  el_before_av_one_full  column-top-margin\" style='border-radius:0px; '><section class=\"av_textblock_section \"  itemscope=\"itemscope\" itemtype=\"https:\/\/schema.org\/BlogPosting\" itemprop=\"blogPost\" ><div class='avia_textblock  '   itemprop=\"text\" ><p style=\"text-align: center;\"><strong><span style=\"font-size: 18pt;\">Entregan recursos a 6 municipios para la contrataci\u00f3n de profesionales dedicados a la promoci\u00f3n de conductas saludables<\/span><\/strong><\/p>\n<div id=\"gtx-trans\" style=\"position: absolute; left: -50px; top: 4.31534px;\">\n<div class=\"gtx-trans-icon\"><\/div>\n<\/div>\n<\/div><\/section><\/div><div class=\"flex_column av_one_full  flex_column_div av-zero-column-padding first  avia-builder-el-4  el_after_av_one_full  el_before_av_hr  column-top-margin\" style='border-radius:0px; '><section class=\"av_textblock_section \"  itemscope=\"itemscope\" itemtype=\"https:\/\/schema.org\/BlogPosting\" itemprop=\"blogPost\" ><div class='avia_textblock  '   itemprop=\"text\" ><p style=\"text-align: justify;\"><em>Esta iniciativa busca descentralizar las acciones enmarcadas en el Plan Trienal de Promoci\u00f3n de la Salud 2022-2024, beneficiando a las comunas m\u00e1s aisladas de la regi\u00f3n de Ays\u00e9n.<\/em><\/p>\n<p style=\"text-align: justify;\">En el contexto de los Planes Comunales de Promoci\u00f3n de la Salud 2022 \u2013 2024 y la estrategia Municipios, Comunas y Comunidades Saludables, seis municipios de la regi\u00f3n de Ays\u00e9n recibir\u00e1n recursos para la contrataci\u00f3n de un profesional jornada completa -por cinco meses- para apoyar el cumplimiento de estos planes, elaborando y\/o actualizando el diagn\u00f3stico comunal de promoci\u00f3n de la salud, incluyendo un catastro de infraestructura y entornos para la actividad f\u00edsica y recreativa de la comuna, entre otras labores atingentes al cargo.<\/p>\n<p style=\"text-align: justify;\">Estos recursos ser\u00e1n entregados a las comunas de Guaitecas, Cisnes, Chile Chico, Cochrane y O\u2019Higgins, con el fin de descentralizar las acciones de promoci\u00f3n y prevenci\u00f3n, buscando mejorar las calidad de vida y bienestar de quienes habitan los sectores m\u00e1s aislados de nuestra regi\u00f3n, entendiendo que el rol de los municipios es fundamental en esta cruzada.<\/p>\n<p style=\"text-align: justify;\">Abel Becerra, alcalde de Tortel, fue uno de los ediles que manifest\u00f3 su alegr\u00eda tras recibir esta noticia. \u201cEstamos muy contentos porque esta era una necesidad que ten\u00edamos como comuna, de contar con un profesional exclusivo para ir trabajando las tem\u00e1ticas de salud, no solamente del autocuidado, sino tambi\u00e9n desde la mirada que tenemos desde las comunas para trabajar en el \u00e1mbito de la salud, proyectando y planificando c\u00f3mo vamos a mejorar tanto nuestra infraestructura como la calidad de vida de nuestros habitantes\u201d, sostuvo.<\/p>\n<p style=\"text-align: justify;\">Por su parte, la seremi de Salud Ays\u00e9n, Carmen Monsalve G\u00f3mez, destac\u00f3 que el trabajo con los municipios de la regi\u00f3n es clave para avanzar en la gesti\u00f3n y desarrollo de la salud p\u00fablica en los territorios, siendo esta inyecci\u00f3n de recursos un aliciente para seguir en la ruta del trabajo colaborativo con los municipios y alcaldes de la regi\u00f3n, sobre todo en las zonas m\u00e1s aisladas.<\/p>\n<p style=\"text-align: justify;\">\u201cHemos tenido un trabajo muy estrecho y colaborativo en materia de salud p\u00fablica con el alcalde de Tortel, pudiendo avanzar con el acceso a f\u00e1rmacos a precio digno mediante la implementaci\u00f3n del Almac\u00e9n Farmac\u00e9utico Municipal, que fue el primero del pa\u00eds. En esta misma l\u00ednea, hoy entregamos una gran noticia, que es el fortalecimiento de recursos a trav\u00e9s de los Planes Trienales que tenemos con los municipios\u201d, sostuvo la autoridad sanitaria.<\/p>\n<\/div><\/section><\/div><div  style='height:50px' class='hr hr-invisible   avia-builder-el-6  el_after_av_one_full  el_before_av_social_share '><span class='hr-inner ' ><span class='hr-inner-style'><\/span><\/span><\/div><\/p>\n<div  class='av-social-sharing-box  avia-builder-el-7  el_after_av_hr  el_before_av_hr  '><div class='av-share-box'><h5 class='av-share-link-description av-no-toc '>Compartir esta noticia<\/h5><ul class='av-share-box-list noLightbox'><li class='av-share-link av-social-link-facebook' ><a target=\"_blank\" aria-label=\"Compartir en Facebook\" href='https:\/\/www.facebook.com\/sharer.php?u=https:\/\/radiorevelacionfm.cl\/?p=44006&#038;t=Entregan%20recursos%20a%206%20municipios%20para%20la%20contrataci%C3%B3n%20de%20profesionales%20dedicados%20a%20la%20promoci%C3%B3n%20de%20conductas%20saludables' aria-hidden='false' data-av_icon='\ue8f3' data-av_iconfont='entypo-fontello' title='' data-avia-related-tooltip='Compartir en Facebook' rel=\"noopener\"><span class='avia_hidden_link_text'>Compartir en Facebook<\/span><\/a><\/li><li class='av-share-link av-social-link-twitter' ><a target=\"_blank\" aria-label=\"Compartir en Twitter\" href='https:\/\/twitter.com\/share?text=Entregan%20recursos%20a%206%20municipios%20para%20la%20contrataci%C3%B3n%20de%20profesionales%20dedicados%20a%20la%20promoci%C3%B3n%20de%20conductas%20saludables&#038;url=https:\/\/radiorevelacionfm.cl\/?p=44006' aria-hidden='false' data-av_icon='\ue8f1' data-av_iconfont='entypo-fontello' title='' data-avia-related-tooltip='Compartir en Twitter' rel=\"noopener\"><span class='avia_hidden_link_text'>Compartir en Twitter<\/span><\/a><\/li><li class='av-share-link av-social-link-whatsapp' ><a target=\"_blank\" aria-label=\"Compartir en Whatsapp\" href='https:\/\/api.whatsapp.com\/send?text=https:\/\/radiorevelacionfm.cl\/?p=44006' aria-hidden='false' data-av_icon='\uf232' data-av_iconfont='entypo-fontello' title='' data-avia-related-tooltip='Compartir en Whatsapp' rel=\"noopener\"><span class='avia_hidden_link_text'>Compartir en Whatsapp<\/span><\/a><\/li><li class='av-share-link av-social-link-linkedin' ><a target=\"_blank\" aria-label=\"Compartir en LinkedIn\" href='https:\/\/linkedin.com\/shareArticle?mini=true&#038;title=Entregan%20recursos%20a%206%20municipios%20para%20la%20contrataci%C3%B3n%20de%20profesionales%20dedicados%20a%20la%20promoci%C3%B3n%20de%20conductas%20saludables&#038;url=https:\/\/radiorevelacionfm.cl\/?p=44006' aria-hidden='false' data-av_icon='\ue8fc' data-av_iconfont='entypo-fontello' title='' data-avia-related-tooltip='Compartir en LinkedIn' rel=\"noopener\"><span class='avia_hidden_link_text'>Compartir en LinkedIn<\/span><\/a><\/li><li class='av-share-link av-social-link-mail' ><a  aria-label=\"Compartir por correo\" href='mailto:?subject=Entregan%20recursos%20a%206%20municipios%20para%20la%20contrataci%C3%B3n%20de%20profesionales%20dedicados%20a%20la%20promoci%C3%B3n%20de%20conductas%20saludables&#038;body=https:\/\/radiorevelacionfm.cl\/?p=44006' aria-hidden='false' data-av_icon='\ue805' data-av_iconfont='entypo-fontello' title='' data-avia-related-tooltip='Compartir por correo'><span class='avia_hidden_link_text'>Compartir por correo<\/span><\/a><\/li><\/ul><\/div><\/div>\n<div  style='height:50px' class='hr hr-invisible   avia-builder-el-8  el_after_av_social_share  el_before_av_comments_list '><span class='hr-inner ' ><span class='hr-inner-style'><\/span><\/span><\/div>\n<div  class='av-buildercomment  av-blog-meta-html-info-disabled av-blog-meta-tag-disabled  '><\/div>\n","protected":false},"excerpt":{"rendered":"","protected":false},"author":1,"featured_media":44007,"comment_status":"open","ping_status":"open","sticky":false,"template":"","format":"standard","meta":{"footnotes":""},"categories":[46],"tags":[],"class_list":["post-44006","post","type-post","status-publish","format-standard","has-post-thumbnail","hentry","category-salud"],"jetpack_featured_media_url":"https:\/\/radiorevelacionfm.cl\/wp-content\/uploads\/2024\/07\/MUNICIPIOS-PTPS-2-1-1.jpeg","_links":{"self":[{"href":"https:\/\/radiorevelacionfm.cl\/index.php?rest_route=\/wp\/v2\/posts\/44006","targetHints":{"allow":["GET"]}}],"collection":[{"href":"https:\/\/radiorevelacionfm.cl\/index.php?rest_route=\/wp\/v2\/posts"}],"about":[{"href":"https:\/\/radiorevelacionfm.cl\/index.php?rest_route=\/wp\/v2\/types\/post"}],"author":[{"embeddable":true,"href":"https:\/\/radiorevelacionfm.cl\/index.php?rest_route=\/wp\/v2\/users\/1"}],"replies":[{"embeddable":true,"href":"https:\/\/radiorevelacionfm.cl\/index.php?rest_route=%2Fwp%2Fv2%2Fcomments&post=44006"}],"version-history":[{"count":1,"href":"https:\/\/radiorevelacionfm.cl\/index.php?rest_route=\/wp\/v2\/posts\/44006\/revisions"}],"predecessor-version":[{"id":44008,"href":"https:\/\/radiorevelacionfm.cl\/index.php?rest_route=\/wp\/v2\/posts\/44006\/revisions\/44008"}],"wp:featuredmedia":[{"embeddable":true,"href":"https:\/\/radiorevelacionfm.cl\/index.php?rest_route=\/wp\/v2\/media\/44007"}],"wp:attachment":[{"href":"https:\/\/radiorevelacionfm.cl\/index.php?rest_route=%2Fwp%2Fv2%2Fmedia&parent=44006"}],"wp:term":[{"taxonomy":"category","embeddable":true,"href":"https:\/\/radiorevelacionfm.cl\/index.php?rest_route=%2Fwp%2Fv2%2Fcategories&post=44006"},{"taxonomy":"post_tag","embeddable":true,"href":"https:\/\/radiorevelacionfm.cl\/index.php?rest_route=%2Fwp%2Fv2%2Ftags&post=44006"}],"curies":[{"name":"wp","href":"https:\/\/api.w.org\/{rel}","templated":true}]}}