{"id":44003,"date":"2024-07-12T11:06:03","date_gmt":"2024-07-12T14:06:03","guid":{"rendered":"https:\/\/radiorevelacionfm.cl\/?p=44003"},"modified":"2024-07-12T11:06:03","modified_gmt":"2024-07-12T14:06:03","slug":"inversion-publica-del-minvu-impacta-positivamente-en-economia-regional","status":"publish","type":"post","link":"https:\/\/radiorevelacionfm.cl\/?p=44003","title":{"rendered":"Inversi\u00f3n P\u00fablica del Minvu, impacta positivamente en econom\u00eda regional"},"content":{"rendered":"<div class=\"flex_column av_one_full  flex_column_div av-zero-column-padding first  avia-builder-el-0  el_before_av_one_full  avia-builder-el-first  \" style='border-radius:0px; '><div  class='avia-image-container  av-styling-    avia-builder-el-1  avia-builder-el-no-sibling  avia-align-center '  itemprop=\"image\" itemscope=\"itemscope\" itemtype=\"https:\/\/schema.org\/ImageObject\"  ><div class='avia-image-container-inner'><div class='avia-image-overlay-wrap'><img decoding=\"async\" class='wp-image-44004 avia-img-lazy-loading-not-44004 avia_image' src=\"https:\/\/radiorevelacionfm.cl\/wp-content\/uploads\/2024\/07\/minvu-1-1_optimized.jpg\" alt='' title='minvu-(1)-(1)_optimized' height=\"600\" width=\"900\"  itemprop=\"thumbnailUrl\" srcset=\"https:\/\/radiorevelacionfm.cl\/wp-content\/uploads\/2024\/07\/minvu-1-1_optimized.jpg 900w, https:\/\/radiorevelacionfm.cl\/wp-content\/uploads\/2024\/07\/minvu-1-1_optimized-300x200.jpg 300w, https:\/\/radiorevelacionfm.cl\/wp-content\/uploads\/2024\/07\/minvu-1-1_optimized-768x512.jpg 768w, https:\/\/radiorevelacionfm.cl\/wp-content\/uploads\/2024\/07\/minvu-1-1_optimized-705x470.jpg 705w, https:\/\/radiorevelacionfm.cl\/wp-content\/uploads\/2024\/07\/minvu-1-1_optimized-450x300.jpg 450w, https:\/\/radiorevelacionfm.cl\/wp-content\/uploads\/2024\/07\/minvu-1-1_optimized-600x400.jpg 600w\" sizes=\"(max-width: 900px) 100vw, 900px\" \/><\/div><\/div><\/div><\/div><div class=\"flex_column av_one_full  flex_column_div av-zero-column-padding first  avia-builder-el-2  el_after_av_one_full  el_before_av_one_full  column-top-margin\" style='border-radius:0px; '><section class=\"av_textblock_section \"  itemscope=\"itemscope\" itemtype=\"https:\/\/schema.org\/BlogPosting\" itemprop=\"blogPost\" ><div class='avia_textblock  '   itemprop=\"text\" ><p style=\"text-align: center;\"><strong><span style=\"font-size: 18pt;\">Inversi\u00f3n P\u00fablica del Minvu, impacta positivamente en econom\u00eda regional<\/span><\/strong><\/p>\n<div id=\"gtx-trans\" style=\"position: absolute; left: -50px; top: 4.31534px;\">\n<div class=\"gtx-trans-icon\"><\/div>\n<\/div>\n<\/div><\/section><\/div><div class=\"flex_column av_one_full  flex_column_div av-zero-column-padding first  avia-builder-el-4  el_after_av_one_full  el_before_av_hr  column-top-margin\" style='border-radius:0px; '><section class=\"av_textblock_section \"  itemscope=\"itemscope\" itemtype=\"https:\/\/schema.org\/BlogPosting\" itemprop=\"blogPost\" ><div class='avia_textblock  '   itemprop=\"text\" ><p style=\"text-align: justify;\">El rol de la inversi\u00f3n p\u00fablica en el desempe\u00f1o de la actividad regional es clave, ya que existe una relaci\u00f3n profunda, positiva y significativa entre la inversi\u00f3n p\u00fablica y las econom\u00edas locales. En el caso de nuestra regi\u00f3n, la inversi\u00f3n sectorial desde Minvu, asoma como un factor gravitante ya que actualmente el Minvu Ays\u00e9n se encuentra construyendo viviendas en Puerto Chacabuco, Balmaceda, Coyhaique, Puerto Ays\u00e9n, Puerto Ib\u00e1\u00f1ez, entre otros. Lo anterior, sin considerar proyectos individuales o soluciones por compra o construcci\u00f3n de viviendas de sectores medios. Pr\u00f3ximamente se iniciar\u00e1n obras en Villa Ma\u00f1ihuales, La Junta y Puerto Puyuhuapi.<\/p>\n<p style=\"text-align: justify;\">Durante el 2023 se entregaron en la regi\u00f3n m\u00e1s de 490 viviendas, la mayor\u00eda de ellas en Puerto Ays\u00e9n, obras que se traducen no solo en calidad de vida para estas familias sino tambi\u00e9n en dinamismo para las econom\u00edas locales, obras para las empresas locales y puestos de trabajo que cubren diferentes especialidades en la medida que avanza la ejecuci\u00f3n de los proyectos. Todos estos avances y este gran impacto en la econom\u00eda regional no solo se da gracias a las obras de vivienda (construcci\u00f3n, acondicionamiento t\u00e9rmico) sino tambi\u00e9n a las de pavimentos y espacios p\u00fablicos en toda la regi\u00f3n. Como antecedente se debe considerar que en 2023 el gasto del Minvu en la Regi\u00f3n de Ays\u00e9n super\u00f3 los 70 mil millones de pesos, de los cuales m\u00e1s de 5 mil 600 millones de pesos se destinaron a obras urbanas y los otros 66 mil millones para desarrollar los programas y proyectos habitacionales.<\/p>\n<p style=\"text-align: justify;\">El Minvu genera anualmente, al menos 700 puestos de trabajo en todas sus obras diseminadas por nuestra regi\u00f3n y esta cifra se ver\u00e1 multiplicada por obras emblem\u00e1ticas como el mayor proyecto habitacional en la historia de la regi\u00f3n, el de la \u201cChacra G\u201d de Coyhaique, donde se pretende entregar m\u00e1s de 1.200 soluciones entre casas y departamentos en los pr\u00f3ximos a\u00f1os. Al respecto, la Seremi de Vivienda y Urbanismo; Paulina Ruz coment\u00f3 que: <em>\u201cEl mega proyecto Chacra G 1, el cual posee un componente urbano y habitacional, es un proyecto emblem\u00e1tico para el Ministerio de Vivienda en la Regi\u00f3n de Ays\u00e9n, porque es el m\u00e1s grande que tendr\u00e1 nuestro territorio en toda su historia, considerando que son 1200 beneficiarios en total. Sumado a ello hemos realizado una inversi\u00f3n importante la cu\u00e1l llega a los 19 mil millones de pesos, de los cu\u00e1les 17 mil millones son recursos sectoriales, mientras que los 2 mil restantes pertenecen a un aporte del Gobierno Regional para la macrourbnizaci\u00f3n. El Minvu no solo garantiza el derecho de vivienda a las familias, sino que tambi\u00e9n es un reactivador econ\u00f3mico importante. Si nosotros pensamos en toda la cadena productiva que materializa estas obras, se traduce en un gran numero de personas que forman parte de esta cadena productiva, la que posee efectos directos e indirectos, que impactan positivamente en la econom\u00eda regional.\u201d<\/em><\/p>\n<p style=\"text-align: justify;\">Regina Pe\u00f1a, que forma parte del Comit\u00e9 Adonai, beneficiarios de este proyecto, manifest\u00f3 que: <em>\u201cEstamos muy agradecidos por lo que est\u00e1 pasando ahora, porque han sido muchos a\u00f1os de espera y de este modo, damos pie para que se acerquen otros comit\u00e9s. Este ser\u00e1 un nuevo Coyhaique, ya que cercano a esta obra habr\u00e1 un consultorio, supermercado y servicios, lo que posibilitar\u00e1 un gran cambio de vida.\u201d<\/em><\/p>\n<p style=\"text-align: justify;\">Por su parte, el Seremi de Econom\u00eda de la Regi\u00f3n de Ays\u00e9n; Felipe Rojas Pizarro, relev\u00f3 la importancia de estas obras y de la inversi\u00f3n p\u00fablica: <em>\u201cDurante el 2024, el sector donde aument\u00f3 mayormente el presupuesto a nivel nacional, fue en vivienda anotando un 8.5% de crecimiento, lo que se traduce en que la inversi\u00f3n p\u00fablica adopta un rol reactivador, que adem\u00e1s tiene un efecto multiplicador hacia otros sectores que se ven beneficiados de manera indirecta por esta gran inversi\u00f3n. En este caso, el Minvu con proyectos como Chacra G, pone la inversi\u00f3n p\u00fablica al servicio de la comunidad y si a esto se suma la alianza p\u00fablico-privada, vemos que es una sinergia clave para el desarrollo local. Lo que adem\u00e1s se traduce en que a mediano plazo, las familias dispongan de una vivienda, lo que les permite proyectar sus decisiones familiares y econ\u00f3micas con mayor seguridad y estabilidad, promoviendo un mayor bienestar familiar y mejores condiciones materiales a futuro.\u201d<\/em><\/p>\n<p style=\"text-align: justify;\">Sumado a la anterior y a nivel nacional, El Plan de Emergencia Habitacional contempla la entrega de al menos 260 mil viviendas durante el actual periodo de Gobierno. Esto incluye proyectos habitacionales que iniciaron en el gobierno pasado y que ahora se est\u00e1n ejecutando, m\u00e1s lo que se iniciaron en esta gesti\u00f3n y los proyectos que est\u00e1n por comenzar este a\u00f1o y el pr\u00f3ximo. La meta regional presenta hoy un 57,1 % de avance, lo que representa 739 viviendas construidas, 665 en plena ejecuci\u00f3n y 578 que son proyectos que est\u00e1n por iniciar obras. Todo esto y lo anteriormente descrito, entrega un escenario donde la inversi\u00f3n p\u00fablica, se pone al servicio de la comunidad, no solo materializando el sue\u00f1o de una vivienda, sino que adem\u00e1s tomando un rol reactivador para la econom\u00eda territorial. As\u00ed, Chile avanza contigo.<\/p>\n<\/div><\/section><\/div><div  style='height:50px' class='hr hr-invisible   avia-builder-el-6  el_after_av_one_full  el_before_av_social_share '><span class='hr-inner ' ><span class='hr-inner-style'><\/span><\/span><\/div><\/p>\n<div  class='av-social-sharing-box  avia-builder-el-7  el_after_av_hr  el_before_av_hr  '><div class='av-share-box'><h5 class='av-share-link-description av-no-toc '>Compartir esta noticia<\/h5><ul class='av-share-box-list noLightbox'><li class='av-share-link av-social-link-facebook' ><a target=\"_blank\" aria-label=\"Compartir en Facebook\" href='https:\/\/www.facebook.com\/sharer.php?u=https:\/\/radiorevelacionfm.cl\/?p=44003&#038;t=Inversi%C3%B3n%20P%C3%BAblica%20del%20Minvu%2C%20impacta%20positivamente%20en%20econom%C3%ADa%20regional' aria-hidden='false' data-av_icon='\ue8f3' data-av_iconfont='entypo-fontello' title='' data-avia-related-tooltip='Compartir en Facebook' rel=\"noopener\"><span class='avia_hidden_link_text'>Compartir en Facebook<\/span><\/a><\/li><li class='av-share-link av-social-link-twitter' ><a target=\"_blank\" aria-label=\"Compartir en Twitter\" href='https:\/\/twitter.com\/share?text=Inversi%C3%B3n%20P%C3%BAblica%20del%20Minvu%2C%20impacta%20positivamente%20en%20econom%C3%ADa%20regional&#038;url=https:\/\/radiorevelacionfm.cl\/?p=44003' aria-hidden='false' data-av_icon='\ue8f1' data-av_iconfont='entypo-fontello' title='' data-avia-related-tooltip='Compartir en Twitter' rel=\"noopener\"><span class='avia_hidden_link_text'>Compartir en Twitter<\/span><\/a><\/li><li class='av-share-link av-social-link-whatsapp' ><a target=\"_blank\" aria-label=\"Compartir en Whatsapp\" href='https:\/\/api.whatsapp.com\/send?text=https:\/\/radiorevelacionfm.cl\/?p=44003' aria-hidden='false' data-av_icon='\uf232' data-av_iconfont='entypo-fontello' title='' data-avia-related-tooltip='Compartir en Whatsapp' rel=\"noopener\"><span class='avia_hidden_link_text'>Compartir en Whatsapp<\/span><\/a><\/li><li class='av-share-link av-social-link-linkedin' ><a target=\"_blank\" aria-label=\"Compartir en LinkedIn\" href='https:\/\/linkedin.com\/shareArticle?mini=true&#038;title=Inversi%C3%B3n%20P%C3%BAblica%20del%20Minvu%2C%20impacta%20positivamente%20en%20econom%C3%ADa%20regional&#038;url=https:\/\/radiorevelacionfm.cl\/?p=44003' aria-hidden='false' data-av_icon='\ue8fc' data-av_iconfont='entypo-fontello' title='' data-avia-related-tooltip='Compartir en LinkedIn' rel=\"noopener\"><span class='avia_hidden_link_text'>Compartir en LinkedIn<\/span><\/a><\/li><li class='av-share-link av-social-link-mail' ><a  aria-label=\"Compartir por correo\" href='mailto:?subject=Inversi%C3%B3n%20P%C3%BAblica%20del%20Minvu%2C%20impacta%20positivamente%20en%20econom%C3%ADa%20regional&#038;body=https:\/\/radiorevelacionfm.cl\/?p=44003' aria-hidden='false' data-av_icon='\ue805' data-av_iconfont='entypo-fontello' title='' data-avia-related-tooltip='Compartir por correo'><span class='avia_hidden_link_text'>Compartir por correo<\/span><\/a><\/li><\/ul><\/div><\/div>\n<div  style='height:50px' class='hr hr-invisible   avia-builder-el-8  el_after_av_social_share  el_before_av_comments_list '><span class='hr-inner ' ><span class='hr-inner-style'><\/span><\/span><\/div>\n<div  class='av-buildercomment  av-blog-meta-html-info-disabled av-blog-meta-tag-disabled  '><\/div>\n","protected":false},"excerpt":{"rendered":"","protected":false},"author":1,"featured_media":44004,"comment_status":"open","ping_status":"open","sticky":false,"template":"","format":"standard","meta":{"footnotes":""},"categories":[37],"tags":[],"class_list":["post-44003","post","type-post","status-publish","format-standard","has-post-thumbnail","hentry","category-economia"],"jetpack_featured_media_url":"https:\/\/radiorevelacionfm.cl\/wp-content\/uploads\/2024\/07\/minvu-1-1_optimized.jpg","_links":{"self":[{"href":"https:\/\/radiorevelacionfm.cl\/index.php?rest_route=\/wp\/v2\/posts\/44003","targetHints":{"allow":["GET"]}}],"collection":[{"href":"https:\/\/radiorevelacionfm.cl\/index.php?rest_route=\/wp\/v2\/posts"}],"about":[{"href":"https:\/\/radiorevelacionfm.cl\/index.php?rest_route=\/wp\/v2\/types\/post"}],"author":[{"embeddable":true,"href":"https:\/\/radiorevelacionfm.cl\/index.php?rest_route=\/wp\/v2\/users\/1"}],"replies":[{"embeddable":true,"href":"https:\/\/radiorevelacionfm.cl\/index.php?rest_route=%2Fwp%2Fv2%2Fcomments&post=44003"}],"version-history":[{"count":1,"href":"https:\/\/radiorevelacionfm.cl\/index.php?rest_route=\/wp\/v2\/posts\/44003\/revisions"}],"predecessor-version":[{"id":44005,"href":"https:\/\/radiorevelacionfm.cl\/index.php?rest_route=\/wp\/v2\/posts\/44003\/revisions\/44005"}],"wp:featuredmedia":[{"embeddable":true,"href":"https:\/\/radiorevelacionfm.cl\/index.php?rest_route=\/wp\/v2\/media\/44004"}],"wp:attachment":[{"href":"https:\/\/radiorevelacionfm.cl\/index.php?rest_route=%2Fwp%2Fv2%2Fmedia&parent=44003"}],"wp:term":[{"taxonomy":"category","embeddable":true,"href":"https:\/\/radiorevelacionfm.cl\/index.php?rest_route=%2Fwp%2Fv2%2Fcategories&post=44003"},{"taxonomy":"post_tag","embeddable":true,"href":"https:\/\/radiorevelacionfm.cl\/index.php?rest_route=%2Fwp%2Fv2%2Ftags&post=44003"}],"curies":[{"name":"wp","href":"https:\/\/api.w.org\/{rel}","templated":true}]}}