{"id":44000,"date":"2024-07-09T17:07:00","date_gmt":"2024-07-09T20:07:00","guid":{"rendered":"https:\/\/radiorevelacionfm.cl\/?p=44000"},"modified":"2024-07-09T17:07:00","modified_gmt":"2024-07-09T20:07:00","slug":"edelaysen-invita-a-clientes-a-regularizar-sus-cuentas-para-poder-postular-al-subsidio-electrico","status":"publish","type":"post","link":"https:\/\/radiorevelacionfm.cl\/?p=44000","title":{"rendered":"Edelaysen invita a clientes a regularizar sus cuentas para poder postular al subsidio el\u00e9ctrico"},"content":{"rendered":"<div class=\"flex_column av_one_full  flex_column_div av-zero-column-padding first  avia-builder-el-0  el_before_av_one_full  avia-builder-el-first  \" style='border-radius:0px; '><div  class='avia-image-container  av-styling-    avia-builder-el-1  avia-builder-el-no-sibling  avia-align-center '  itemprop=\"image\" itemscope=\"itemscope\" itemtype=\"https:\/\/schema.org\/ImageObject\"  ><div class='avia-image-container-inner'><div class='avia-image-overlay-wrap'><img decoding=\"async\" class='wp-image-44001 avia-img-lazy-loading-not-44001 avia_image' src=\"https:\/\/radiorevelacionfm.cl\/wp-content\/uploads\/2024\/07\/Subsidio-Electrico-2024-1-1.jpg\" alt='' title='Subsidio-Electrico-2024 (1) (1)' height=\"600\" width=\"800\"  itemprop=\"thumbnailUrl\" srcset=\"https:\/\/radiorevelacionfm.cl\/wp-content\/uploads\/2024\/07\/Subsidio-Electrico-2024-1-1.jpg 800w, https:\/\/radiorevelacionfm.cl\/wp-content\/uploads\/2024\/07\/Subsidio-Electrico-2024-1-1-300x225.jpg 300w, https:\/\/radiorevelacionfm.cl\/wp-content\/uploads\/2024\/07\/Subsidio-Electrico-2024-1-1-768x576.jpg 768w, https:\/\/radiorevelacionfm.cl\/wp-content\/uploads\/2024\/07\/Subsidio-Electrico-2024-1-1-705x529.jpg 705w, https:\/\/radiorevelacionfm.cl\/wp-content\/uploads\/2024\/07\/Subsidio-Electrico-2024-1-1-450x338.jpg 450w, https:\/\/radiorevelacionfm.cl\/wp-content\/uploads\/2024\/07\/Subsidio-Electrico-2024-1-1-600x450.jpg 600w\" sizes=\"(max-width: 800px) 100vw, 800px\" \/><\/div><\/div><\/div><\/div><div class=\"flex_column av_one_full  flex_column_div av-zero-column-padding first  avia-builder-el-2  el_after_av_one_full  el_before_av_one_full  column-top-margin\" style='border-radius:0px; '><section class=\"av_textblock_section \"  itemscope=\"itemscope\" itemtype=\"https:\/\/schema.org\/BlogPosting\" itemprop=\"blogPost\" ><div class='avia_textblock  '   itemprop=\"text\" ><p style=\"text-align: center;\"><strong><span style=\"font-size: 18pt;\">Edelaysen invita a clientes a regularizar sus cuentas para poder postular al subsidio el\u00e9ctrico<\/span><\/strong><\/p>\n<div id=\"gtx-trans\" style=\"position: absolute; left: -50px; top: 4.31534px;\">\n<div class=\"gtx-trans-icon\"><\/div>\n<\/div>\n<\/div><\/section><\/div><div class=\"flex_column av_one_full  flex_column_div av-zero-column-padding first  avia-builder-el-4  el_after_av_one_full  el_before_av_hr  column-top-margin\" style='border-radius:0px; '><section class=\"av_textblock_section \"  itemscope=\"itemscope\" itemtype=\"https:\/\/schema.org\/BlogPosting\" itemprop=\"blogPost\" ><div class='avia_textblock  '   itemprop=\"text\" ><p style=\"text-align: justify;\">El pr\u00f3ximo domingo 14 de julio finaliza el plazo para postular al subsidio el\u00e9ctrico estatal. Este beneficio est\u00e1 dirigido a quienes pertenecen al 40% de mayor vulnerabilidad seg\u00fan el Registro Social de Hogares, traduci\u00e9ndose en descuentos en las boletas de luz.<\/p>\n<p style=\"text-align: justify;\">Para ser elegibles, es imprescindible que los interesados mantengan al d\u00eda su cuenta el\u00e9ctrica. Con este fin, Edelaysen ha implementado diversos convenios de pago que facilitan la regularizaci\u00f3n de deudas pendientes.<\/p>\n<p style=\"text-align: justify;\">Patricio Raimilla, jefe servicio al cliente Edelaysen, record\u00f3 que el plazo m\u00e1ximo para regularizar la situaci\u00f3n vence el pr\u00f3ximo 29 de julio y agreg\u00f3 que: \u201cInvitamos a nuestros clientes a acercarse a nuestras oficinas para verificar su estado y revisar los distintos convenios de pago que hemos habilitado. Como distribuidora, queremos ser un aporte en el proceso de postulaci\u00f3n al subsidio que otorgar\u00e1 un descuento en el pago de su boleta mensual\u201d.<\/p>\n<p style=\"text-align: justify;\">Raimilla agreg\u00f3 que aquellos clientes que ya est\u00e9n al d\u00eda y deseen realizar el tr\u00e1mite pueden hacerlo de manera r\u00e1pida y sencilla visitando\u00a0<a href=\"https:\/\/nam10.safelinks.protection.outlook.com\/?url=https%3A%2F%2Fwww.subsidioelectrico.cl%2F&amp;data=05%7C02%7Cmaria.marchant%40saesa.cl%7C34864d0c184f4e0360eb08dca035bcd4%7C136d6ab55b55496f97cb2424247715ed%7C0%7C0%7C638561399867581910%7CUnknown%7CTWFpbGZsb3d8eyJWIjoiMC4wLjAwMDAiLCJQIjoiV2luMzIiLCJBTiI6Ik1haWwiLCJXVCI6Mn0%3D%7C0%7C%7C%7C&amp;sdata=uWjHoR34bzOuY%2FvY97oxS0iCiHyoTmvywcRk0QLfzzg%3D&amp;reserved=0\">https:\/\/www.subsidioelectrico.cl\/<\/a><\/p>\n<p style=\"text-align: justify;\">Adem\u00e1s, subray\u00f3 que desde Edelaysen invitan a la comunidad a revisar consejos pr\u00e1cticos para optimizar el uso de la energ\u00eda, mitigar el impacto de las tarifas en sus boletas y conocer su campa\u00f1a de educaci\u00f3n energ\u00e9tica \u00abTu consumo s\u00ed importa\u00bb, visitando el sitio web\u00a0<a href=\"https:\/\/nam10.safelinks.protection.outlook.com\/?url=https%3A%2F%2Fweb.gruposaesa.cl%2Fweb%2Fsaesa%2Feducacion-energetica&amp;data=05%7C02%7Cmaria.marchant%40saesa.cl%7C34864d0c184f4e0360eb08dca035bcd4%7C136d6ab55b55496f97cb2424247715ed%7C0%7C0%7C638561399867591940%7CUnknown%7CTWFpbGZsb3d8eyJWIjoiMC4wLjAwMDAiLCJQIjoiV2luMzIiLCJBTiI6Ik1haWwiLCJXVCI6Mn0%3D%7C0%7C%7C%7C&amp;sdata=58y4nW%2FdpiVGxW4Fc0YZuvwn9WA49dPobFZk4cfc0gM%3D&amp;reserved=0\">https:\/\/web.gruposaesa.cl\/web\/saesa\/educacion-energetica<\/a><\/p>\n<p style=\"text-align: justify;\"><strong>\u00a0<\/strong><\/p>\n<p style=\"text-align: justify;\"><strong>\u00a0<\/strong><\/p>\n<\/div><\/section><\/div><div  style='height:50px' class='hr hr-invisible   avia-builder-el-6  el_after_av_one_full  el_before_av_social_share '><span class='hr-inner ' ><span class='hr-inner-style'><\/span><\/span><\/div><\/p>\n<div  class='av-social-sharing-box  avia-builder-el-7  el_after_av_hr  el_before_av_hr  '><div class='av-share-box'><h5 class='av-share-link-description av-no-toc '>Compartir esta noticia<\/h5><ul class='av-share-box-list noLightbox'><li class='av-share-link av-social-link-facebook' ><a target=\"_blank\" aria-label=\"Compartir en Facebook\" href='https:\/\/www.facebook.com\/sharer.php?u=https:\/\/radiorevelacionfm.cl\/?p=44000&#038;t=Edelaysen%20invita%20a%20clientes%20a%20regularizar%20sus%20cuentas%20para%20poder%20postular%20al%20subsidio%20el%C3%A9ctrico' aria-hidden='false' data-av_icon='\ue8f3' data-av_iconfont='entypo-fontello' title='' data-avia-related-tooltip='Compartir en Facebook' rel=\"noopener\"><span class='avia_hidden_link_text'>Compartir en Facebook<\/span><\/a><\/li><li class='av-share-link av-social-link-twitter' ><a target=\"_blank\" aria-label=\"Compartir en Twitter\" href='https:\/\/twitter.com\/share?text=Edelaysen%20invita%20a%20clientes%20a%20regularizar%20sus%20cuentas%20para%20poder%20postular%20al%20subsidio%20el%C3%A9ctrico&#038;url=https:\/\/radiorevelacionfm.cl\/?p=44000' aria-hidden='false' data-av_icon='\ue8f1' data-av_iconfont='entypo-fontello' title='' data-avia-related-tooltip='Compartir en Twitter' rel=\"noopener\"><span class='avia_hidden_link_text'>Compartir en Twitter<\/span><\/a><\/li><li class='av-share-link av-social-link-whatsapp' ><a target=\"_blank\" aria-label=\"Compartir en Whatsapp\" href='https:\/\/api.whatsapp.com\/send?text=https:\/\/radiorevelacionfm.cl\/?p=44000' aria-hidden='false' data-av_icon='\uf232' data-av_iconfont='entypo-fontello' title='' data-avia-related-tooltip='Compartir en Whatsapp' rel=\"noopener\"><span class='avia_hidden_link_text'>Compartir en Whatsapp<\/span><\/a><\/li><li class='av-share-link av-social-link-linkedin' ><a target=\"_blank\" aria-label=\"Compartir en LinkedIn\" href='https:\/\/linkedin.com\/shareArticle?mini=true&#038;title=Edelaysen%20invita%20a%20clientes%20a%20regularizar%20sus%20cuentas%20para%20poder%20postular%20al%20subsidio%20el%C3%A9ctrico&#038;url=https:\/\/radiorevelacionfm.cl\/?p=44000' aria-hidden='false' data-av_icon='\ue8fc' data-av_iconfont='entypo-fontello' title='' data-avia-related-tooltip='Compartir en LinkedIn' rel=\"noopener\"><span class='avia_hidden_link_text'>Compartir en LinkedIn<\/span><\/a><\/li><li class='av-share-link av-social-link-mail' ><a  aria-label=\"Compartir por correo\" href='mailto:?subject=Edelaysen%20invita%20a%20clientes%20a%20regularizar%20sus%20cuentas%20para%20poder%20postular%20al%20subsidio%20el%C3%A9ctrico&#038;body=https:\/\/radiorevelacionfm.cl\/?p=44000' aria-hidden='false' data-av_icon='\ue805' data-av_iconfont='entypo-fontello' title='' data-avia-related-tooltip='Compartir por correo'><span class='avia_hidden_link_text'>Compartir por correo<\/span><\/a><\/li><\/ul><\/div><\/div>\n<div  style='height:50px' class='hr hr-invisible   avia-builder-el-8  el_after_av_social_share  el_before_av_comments_list '><span class='hr-inner ' ><span class='hr-inner-style'><\/span><\/span><\/div>\n<div  class='av-buildercomment  av-blog-meta-html-info-disabled av-blog-meta-tag-disabled  '><\/div>\n","protected":false},"excerpt":{"rendered":"","protected":false},"author":1,"featured_media":44001,"comment_status":"open","ping_status":"open","sticky":false,"template":"","format":"standard","meta":{"footnotes":""},"categories":[38],"tags":[],"class_list":["post-44000","post","type-post","status-publish","format-standard","has-post-thumbnail","hentry","category-regional"],"jetpack_featured_media_url":"https:\/\/radiorevelacionfm.cl\/wp-content\/uploads\/2024\/07\/Subsidio-Electrico-2024-1-1.jpg","_links":{"self":[{"href":"https:\/\/radiorevelacionfm.cl\/index.php?rest_route=\/wp\/v2\/posts\/44000","targetHints":{"allow":["GET"]}}],"collection":[{"href":"https:\/\/radiorevelacionfm.cl\/index.php?rest_route=\/wp\/v2\/posts"}],"about":[{"href":"https:\/\/radiorevelacionfm.cl\/index.php?rest_route=\/wp\/v2\/types\/post"}],"author":[{"embeddable":true,"href":"https:\/\/radiorevelacionfm.cl\/index.php?rest_route=\/wp\/v2\/users\/1"}],"replies":[{"embeddable":true,"href":"https:\/\/radiorevelacionfm.cl\/index.php?rest_route=%2Fwp%2Fv2%2Fcomments&post=44000"}],"version-history":[{"count":1,"href":"https:\/\/radiorevelacionfm.cl\/index.php?rest_route=\/wp\/v2\/posts\/44000\/revisions"}],"predecessor-version":[{"id":44002,"href":"https:\/\/radiorevelacionfm.cl\/index.php?rest_route=\/wp\/v2\/posts\/44000\/revisions\/44002"}],"wp:featuredmedia":[{"embeddable":true,"href":"https:\/\/radiorevelacionfm.cl\/index.php?rest_route=\/wp\/v2\/media\/44001"}],"wp:attachment":[{"href":"https:\/\/radiorevelacionfm.cl\/index.php?rest_route=%2Fwp%2Fv2%2Fmedia&parent=44000"}],"wp:term":[{"taxonomy":"category","embeddable":true,"href":"https:\/\/radiorevelacionfm.cl\/index.php?rest_route=%2Fwp%2Fv2%2Fcategories&post=44000"},{"taxonomy":"post_tag","embeddable":true,"href":"https:\/\/radiorevelacionfm.cl\/index.php?rest_route=%2Fwp%2Fv2%2Ftags&post=44000"}],"curies":[{"name":"wp","href":"https:\/\/api.w.org\/{rel}","templated":true}]}}