{"id":43997,"date":"2024-07-13T16:00:51","date_gmt":"2024-07-13T19:00:51","guid":{"rendered":"https:\/\/radiorevelacionfm.cl\/?p=43997"},"modified":"2024-07-13T16:00:51","modified_gmt":"2024-07-13T19:00:51","slug":"anuncian-subsidio-de-arriendo-para-personas-mayores-y-personas-con-discapacidad","status":"publish","type":"post","link":"https:\/\/radiorevelacionfm.cl\/?p=43997","title":{"rendered":"Anuncian Subsidio de Arriendo para Personas Mayores y Personas con Discapacidad"},"content":{"rendered":"<div class=\"flex_column av_one_full  flex_column_div av-zero-column-padding first  avia-builder-el-0  el_before_av_one_full  avia-builder-el-first  \" style='border-radius:0px; '><div  class='avia-image-container  av-styling-    avia-builder-el-1  avia-builder-el-no-sibling  avia-align-center '  itemprop=\"image\" itemscope=\"itemscope\" itemtype=\"https:\/\/schema.org\/ImageObject\"  ><div class='avia-image-container-inner'><div class='avia-image-overlay-wrap'><img decoding=\"async\" class='wp-image-43998 avia-img-lazy-loading-not-43998 avia_image' src=\"https:\/\/radiorevelacionfm.cl\/wp-content\/uploads\/2024\/07\/image003-6-1-1.jpg\" alt='' title='image003 (6) (1) (1)' height=\"600\" width=\"800\"  itemprop=\"thumbnailUrl\" srcset=\"https:\/\/radiorevelacionfm.cl\/wp-content\/uploads\/2024\/07\/image003-6-1-1.jpg 800w, https:\/\/radiorevelacionfm.cl\/wp-content\/uploads\/2024\/07\/image003-6-1-1-300x225.jpg 300w, https:\/\/radiorevelacionfm.cl\/wp-content\/uploads\/2024\/07\/image003-6-1-1-768x576.jpg 768w, https:\/\/radiorevelacionfm.cl\/wp-content\/uploads\/2024\/07\/image003-6-1-1-705x529.jpg 705w, https:\/\/radiorevelacionfm.cl\/wp-content\/uploads\/2024\/07\/image003-6-1-1-450x338.jpg 450w, https:\/\/radiorevelacionfm.cl\/wp-content\/uploads\/2024\/07\/image003-6-1-1-600x450.jpg 600w\" sizes=\"(max-width: 800px) 100vw, 800px\" \/><\/div><\/div><\/div><\/div><div class=\"flex_column av_one_full  flex_column_div av-zero-column-padding first  avia-builder-el-2  el_after_av_one_full  el_before_av_one_full  column-top-margin\" style='border-radius:0px; '><section class=\"av_textblock_section \"  itemscope=\"itemscope\" itemtype=\"https:\/\/schema.org\/BlogPosting\" itemprop=\"blogPost\" ><div class='avia_textblock  '   itemprop=\"text\" ><p style=\"text-align: center;\"><strong><span style=\"font-size: 18pt;\">Anuncian Subsidio de Arriendo para Personas Mayores y Personas con Discapacidad<\/span><\/strong><\/p>\n<div id=\"gtx-trans\" style=\"position: absolute; left: -50px; top: 4.31534px;\">\n<div class=\"gtx-trans-icon\"><\/div>\n<\/div>\n<\/div><\/section><\/div><div class=\"flex_column av_one_full  flex_column_div av-zero-column-padding first  avia-builder-el-4  el_after_av_one_full  el_before_av_hr  column-top-margin\" style='border-radius:0px; '><section class=\"av_textblock_section \"  itemscope=\"itemscope\" itemtype=\"https:\/\/schema.org\/BlogPosting\" itemprop=\"blogPost\" ><div class='avia_textblock  '   itemprop=\"text\" ><p style=\"font-weight: 400; text-align: justify;\">Ya se abrieron las postulaciones para el llamado especial 2024 del Subsidio de Arriendo para Personas Mayores y Personas con Discapacidad. Fue el ministro de Vivienda y Urbanismo, Carlos Montes, quien, junto con la alcaldesa de \u00d1u\u00f1oa, Emilia R\u00edos, y en el marco de un desayuno informativo con adultos mayores, dio a conocer la noticia.<\/p>\n<p style=\"font-weight: 400; text-align: justify;\">El titular del Minvu se\u00f1al\u00f3 que para postular al beneficio\u00a0\u201chay distintos caminos: uno presencial, en las oficinas del Serviu a lo largo del pa\u00eds y tambi\u00e9n a trav\u00e9s de la p\u00e1gina web, (<a href=\"http:\/\/www.minvu.gob.cl\/\" data-saferedirecturl=\"https:\/\/www.google.com\/url?q=http:\/\/www.minvu.gob.cl&amp;source=gmail&amp;ust=1720630221544000&amp;usg=AOvVaw1J9Xhmj7_h4BO2ppw9eMBY\">www.minvu.gob.cl<\/a>). Ah\u00ed se suben los antecedentes y se inscriben\u201d. La autoridad agreg\u00f3 que las municipalidades tambi\u00e9n son muy importantes en este tema como lugar de informaci\u00f3n\u00a0\u201cy aqu\u00ed en \u00d1u\u00f1oa lo hemos constatado\u201d.<\/p>\n<p style=\"font-weight: 400; text-align: justify;\">El ministro Montes recalc\u00f3 que este beneficio permite cubrir entre un 90% y un 95% del valor del arriendo a las personas mayores de 60 a\u00f1os que est\u00e1n dentro del 70% del Registro Social de Hogares (RSH) y\u00a0\u201cen el caso de las personas con discapacidad, estas deben ser mayores de 18 a\u00f1os y tambi\u00e9n estar incluidos en el 70% de vulnerabilidad\u201d\u00a0del RSH.<\/p>\n<p style=\"font-weight: 400; text-align: justify;\">Seg\u00fan el secretario de Estado hay una pregunta que se reitera en las distintas redes sociales y en el Sistema Integral de Atenci\u00f3n Ciudadana (SIAC) del ministerio y es si se puede volver a postular al este beneficio si ya lo obtuve.\u00a0\u201cY s\u00ed, se puede postular de nuevo, este subsidio va a seguir y va a ir ampli\u00e1ndose\u201d, recalc\u00f3 la autoridad.<\/p>\n<p style=\"font-weight: 400; text-align: justify;\">\u201cLa calidad de una sociedad tiene mucho que ver con c\u00f3mo tratan al adulto mayor, por eso que es importante que tengan d\u00f3nde estar, d\u00f3nde vivir, porque si no, qu\u00e9 es lo que hacen. Tambi\u00e9n es muy importante que tengan una pensi\u00f3n razonable, por eso es importante el debate previsional\u201d, asegur\u00f3 el ministro Montes.<\/p>\n<p style=\"font-weight: 400; text-align: justify;\">Para la alcaldesa de \u00d1u\u00f1oa, Emilia R\u00edos,\u00a0\u201cesta es una pol\u00edtica que para la comuna es muy importante. En particular, porque tenemos un n\u00famero importante de personas mayores, adem\u00e1s, tambi\u00e9n, tenemos un n\u00famero importante de personas mayores que reciben muy bajas pensiones y que, por lo tanto, poder acceder a estos subsidios para sustentar un gasto b\u00e1sico como es el techo es fundamental. As\u00ed que desde el municipio vamos a estar ayudando a nuestras vecinas y vecinos que requieran de alg\u00fan apoyo para postular\u201d.<\/p>\n<p style=\"font-weight: 400; text-align: justify;\">En tanto, Mar\u00eda Ang\u00e9lica Oliva, una de las beneficiarias del llamado 2023 del subsidio, asegur\u00f3 que\u00a0\u201cpara m\u00ed fue una satisfacci\u00f3n muy grande lo que hicieron con el subsidio. Estoy agradecida por todo. Lo \u00fanico que les digo a todas las personas que en realidad esto ha sido una maravilla para nosotros\u201d.<\/p>\n<p style=\"font-weight: 400; text-align: justify;\"><strong><u>Detalles del Subsidio<\/u><\/strong><\/p>\n<p style=\"font-weight: 400; text-align: justify;\"><strong>\u00bf<\/strong><strong>Qu\u00e9 cubre este subsidio?<\/strong><\/p>\n<p style=\"font-weight: 400; text-align: justify;\">Permite cubrir entre un 90% y un 95% del valor del arriendo, dependiendo del RSH de la persona que lo obtiene, pagando de esta forma mensualmente entre el 5% y el 10% del arriendo mensual.<\/p>\n<p style=\"font-weight: 400; text-align: justify;\">Por ejemplo: para un arriendo de $200 mil pesos, el subsidio cubre entre $180 mil y $190 mil pesos, debiendo el beneficiario pagar entre $10 mil y $20 mil pesos mensualmente.<\/p>\n<p style=\"font-weight: 400; text-align: justify;\"><strong>\u00bf<\/strong><strong>Cu\u00e1les son los requisitos para postular?<\/strong><\/p>\n<p style=\"font-weight: 400; text-align: justify;\">Tener m\u00e1s de 60 a\u00f1os al momento de postular o cumplirlos durante este a\u00f1o calendario.<\/p>\n<p style=\"font-weight: 400; text-align: justify;\">O presentar una discapacidad acreditada a trav\u00e9s de la inscripci\u00f3n en el Registro Nacional de la Discapacidad.<\/p>\n<p style=\"font-weight: 400; text-align: justify;\">Pertenecer hasta el 70% del RSH.<\/p>\n<p style=\"font-weight: 400; text-align: justify;\">Acreditar un ingreso m\u00ednimo de 5 UF ($187.000 pesos aproximadamente). Equivale a la pensi\u00f3n asistencial vigente, que sirve como base para acreditar ingresos y c\u00e1lculo del copago.<\/p>\n<p style=\"font-weight: 400; text-align: justify;\"><strong>\u00bf<\/strong><strong>Qu\u00e9 consideraciones especiales tiene este llamado?<\/strong><\/p>\n<p style=\"font-weight: 400; text-align: justify;\">\u00fc\u00a0\u00a0No requiere contar con ahorro m\u00ednimo.<\/p>\n<p style=\"font-weight: 400; text-align: justify;\">\u00fc\u00a0\u00a0Se otorga puntaje adicional por edad y discapacidad.<\/p>\n<p style=\"font-weight: 400; text-align: justify;\">\u00fc\u00a0\u00a0Desde el a\u00f1o pasado, se otorga puntaje adicional para quienes sean o tengan en su n\u00facleo familiar la calidad inscrita en el Registro Social de Hogares de\u00a0\u201cpersona cuidadora\u201d<\/p>\n<p style=\"font-weight: 400; text-align: justify;\">\u00fc\u00a0\u00a0Se puede postular sin n\u00facleo familiar.<\/p>\n<p style=\"font-weight: 400; text-align: justify;\">\u00fc\u00a0\u00a0No requiere estar actualmente arrendando una vivienda: pueden postular personas actualmente arrendatarias o que necesitan buscar una vivienda para arrendar.<\/p>\n<p style=\"font-weight: 400; text-align: justify;\"><strong>\u00bf<\/strong><strong>Qu\u00e9 otra facilidad da este subsidio?<\/strong><\/p>\n<p style=\"font-weight: 400; text-align: justify;\">Para facilitar el acceso de las personas mayores y con discapacidad a este beneficio, se permite:<\/p>\n<p style=\"font-weight: 400; text-align: justify;\">\u00fc\u00a0\u00a0Estar postulando, simult\u00e1neamente, al Fondo Solidario de Elecci\u00f3n de Vivienda (DS49).<\/p>\n<p style=\"font-weight: 400; text-align: justify;\">\u00fc\u00a0\u00a0Que el postulante, c\u00f3nyuge o alguien de su n\u00facleo familiar tenga derecho en comunidad sobre una vivienda.<\/p>\n<p style=\"font-weight: 400; text-align: justify;\">\u00fc\u00a0\u00a0Haber obtenido una vivienda o subsidio habitacional, siempre y cuando ya no sean propietarias de la vivienda.<\/p>\n<p style=\"font-weight: 400; text-align: justify;\">\u00fc\u00a0\u00a0Haber sido beneficiario de un subsidio de arriendo en llamados anteriores, si el beneficio se encuentra caducado y sin deuda vigente.<\/p>\n<p style=\"font-weight: 400; text-align: justify;\"><strong>\u00bf<\/strong><strong>Cu\u00e1l es el valor m\u00e1ximo de arriendo de la vivienda que permite este subsidio?<\/strong><\/p>\n<p style=\"font-weight: 400; text-align: justify;\">Se puede arrendar una vivienda cuyo valor de arriendo mensual no exceda las 11 UF ($413.000 pesos aproximadamente).<\/p>\n<p style=\"font-weight: 400; text-align: justify;\">Para las comunas de las regiones de Arica y Parinacota, Tarapac\u00e1, Antofagasta, Atacama, Metropolitana, Ays\u00e9n y Magallanes se permite un valor m\u00e1ximo de arriendo de 13 UF ($488.000 pesos aproximadamente)<\/p>\n<p style=\"font-weight: 400; text-align: justify;\"><strong>\u00bf<\/strong><strong>C\u00f3mo se postula?<\/strong><\/p>\n<p style=\"font-weight: 400; text-align: justify;\">\u00fc\u00a0\u00a0Hay dos alternativas: en l\u00ednea (Internet) y presencial.<\/p>\n<p style=\"font-weight: 400; text-align: justify;\">\u00fc\u00a0\u00a0Para postulaci\u00f3n en l\u00ednea: a trav\u00e9s de la p\u00e1gina web\u00a0<a href=\"http:\/\/arriendoenlinea.minvu.cl\/\" data-saferedirecturl=\"https:\/\/www.google.com\/url?q=http:\/\/arriendoenlinea.minvu.cl&amp;source=gmail&amp;ust=1720630221544000&amp;usg=AOvVaw2XSgg6XjbOFao5gbv7FETp\">arriendoenlinea.minvu.cl<\/a>\u00a0(requiere Clave \u00danica).<\/p>\n<p style=\"font-weight: 400; text-align: justify;\">\u00fc\u00a0\u00a0Para postulaci\u00f3n presencial: en oficinas Serviu regionales y sus Delegaciones Provinciales.<\/p>\n<p style=\"font-weight: 400; text-align: justify;\">\u00fc\u00a0\u00a0En caso de dudas, puede consultar en Minvu Al\u00f3: Desde tel\u00e9fono fijo: 600 901 11 11 y desde celular al 02 2 901 11 11<\/p>\n<p style=\"font-weight: 400; text-align: justify;\"><strong>\u00bf<\/strong><strong>Entre qu\u00e9 fechas estar\u00e1 abierto el llamado 2024?<\/strong><\/p>\n<p style=\"font-weight: 400; text-align: justify;\">Las postulaciones estar\u00e1n abiertas entre el 08 de julio y el 30 de agosto pr\u00f3ximo.<\/p>\n<p style=\"font-weight: 400; text-align: justify;\"><strong>\u00bf<\/strong><strong>Cu\u00e1ntas personas ser\u00e1n beneficiadas con este llamado?<\/strong><\/p>\n<p style=\"font-weight: 400; text-align: justify;\">Se seleccionar\u00e1n a 4 mil personas beneficiarias a nivel nacional. (3.340 para personas mayores y 660 para personas con discapacidad)<\/p>\n<p style=\"font-weight: 400; text-align: justify;\">Valor m\u00e1ximo del subsidio<\/p>\n<p style=\"font-weight: 400; text-align: justify;\">Los montos totales de subsidio que se otorgar\u00e1n se definen conforme al porcentaje del RSH acreditado al momento de postular.<\/p>\n<table style=\"font-weight: 400;\" width=\"100%\">\n<tbody>\n<tr>\n<td width=\"34%\"><strong>PORCENTAJE DE VULNERABILIDAD (RSH)<\/strong><\/td>\n<td width=\"34%\"><strong>COBERTURA M\u00c1XIMA DEL SUBSIDIO<\/strong><\/td>\n<td width=\"31%\"><strong>MONTO SUBSIDIO TOTAL (U.F.)<\/strong><\/td>\n<\/tr>\n<tr>\n<td width=\"34%\">40 %<\/td>\n<td width=\"34%\">95%<\/td>\n<td width=\"31%\">213<\/td>\n<\/tr>\n<tr>\n<td width=\"34%\">50%<\/td>\n<td width=\"34%\">93%<\/td>\n<td width=\"31%\">209<\/td>\n<\/tr>\n<tr>\n<td width=\"34%\">60%<\/td>\n<td width=\"34%\">92%<\/td>\n<td width=\"31%\">207<\/td>\n<\/tr>\n<tr>\n<td width=\"34%\">70%<\/td>\n<td width=\"34%\">90%<\/td>\n<td width=\"31%\">202<\/td>\n<\/tr>\n<\/tbody>\n<\/table>\n<\/div><\/section><\/div><div  style='height:50px' class='hr hr-invisible   avia-builder-el-6  el_after_av_one_full  el_before_av_social_share '><span class='hr-inner ' ><span class='hr-inner-style'><\/span><\/span><\/div><\/p>\n<div  class='av-social-sharing-box  avia-builder-el-7  el_after_av_hr  el_before_av_hr  '><div class='av-share-box'><h5 class='av-share-link-description av-no-toc '>Compartir esta noticia<\/h5><ul class='av-share-box-list noLightbox'><li class='av-share-link av-social-link-facebook' ><a target=\"_blank\" aria-label=\"Compartir en Facebook\" href='https:\/\/www.facebook.com\/sharer.php?u=https:\/\/radiorevelacionfm.cl\/?p=43997&#038;t=Anuncian%20Subsidio%20de%20Arriendo%20para%20Personas%20Mayores%20y%20Personas%20con%20Discapacidad' aria-hidden='false' data-av_icon='\ue8f3' data-av_iconfont='entypo-fontello' title='' data-avia-related-tooltip='Compartir en Facebook' rel=\"noopener\"><span class='avia_hidden_link_text'>Compartir en Facebook<\/span><\/a><\/li><li class='av-share-link av-social-link-twitter' ><a target=\"_blank\" aria-label=\"Compartir en Twitter\" href='https:\/\/twitter.com\/share?text=Anuncian%20Subsidio%20de%20Arriendo%20para%20Personas%20Mayores%20y%20Personas%20con%20Discapacidad&#038;url=https:\/\/radiorevelacionfm.cl\/?p=43997' aria-hidden='false' data-av_icon='\ue8f1' data-av_iconfont='entypo-fontello' title='' data-avia-related-tooltip='Compartir en Twitter' rel=\"noopener\"><span class='avia_hidden_link_text'>Compartir en Twitter<\/span><\/a><\/li><li class='av-share-link av-social-link-whatsapp' ><a target=\"_blank\" aria-label=\"Compartir en Whatsapp\" href='https:\/\/api.whatsapp.com\/send?text=https:\/\/radiorevelacionfm.cl\/?p=43997' aria-hidden='false' data-av_icon='\uf232' data-av_iconfont='entypo-fontello' title='' data-avia-related-tooltip='Compartir en Whatsapp' rel=\"noopener\"><span class='avia_hidden_link_text'>Compartir en Whatsapp<\/span><\/a><\/li><li class='av-share-link av-social-link-linkedin' ><a target=\"_blank\" aria-label=\"Compartir en LinkedIn\" href='https:\/\/linkedin.com\/shareArticle?mini=true&#038;title=Anuncian%20Subsidio%20de%20Arriendo%20para%20Personas%20Mayores%20y%20Personas%20con%20Discapacidad&#038;url=https:\/\/radiorevelacionfm.cl\/?p=43997' aria-hidden='false' data-av_icon='\ue8fc' data-av_iconfont='entypo-fontello' title='' data-avia-related-tooltip='Compartir en LinkedIn' rel=\"noopener\"><span class='avia_hidden_link_text'>Compartir en LinkedIn<\/span><\/a><\/li><li class='av-share-link av-social-link-mail' ><a  aria-label=\"Compartir por correo\" href='mailto:?subject=Anuncian%20Subsidio%20de%20Arriendo%20para%20Personas%20Mayores%20y%20Personas%20con%20Discapacidad&#038;body=https:\/\/radiorevelacionfm.cl\/?p=43997' aria-hidden='false' data-av_icon='\ue805' data-av_iconfont='entypo-fontello' title='' data-avia-related-tooltip='Compartir por correo'><span class='avia_hidden_link_text'>Compartir por correo<\/span><\/a><\/li><\/ul><\/div><\/div>\n<div  style='height:50px' class='hr hr-invisible   avia-builder-el-8  el_after_av_social_share  el_before_av_comments_list '><span class='hr-inner ' ><span class='hr-inner-style'><\/span><\/span><\/div>\n<div  class='av-buildercomment  av-blog-meta-html-info-disabled av-blog-meta-tag-disabled  '><\/div>\n","protected":false},"excerpt":{"rendered":"","protected":false},"author":1,"featured_media":43998,"comment_status":"open","ping_status":"open","sticky":false,"template":"","format":"standard","meta":{"footnotes":""},"categories":[61],"tags":[],"class_list":["post-43997","post","type-post","status-publish","format-standard","has-post-thumbnail","hentry","category-nacional"],"jetpack_featured_media_url":"https:\/\/radiorevelacionfm.cl\/wp-content\/uploads\/2024\/07\/image003-6-1-1.jpg","_links":{"self":[{"href":"https:\/\/radiorevelacionfm.cl\/index.php?rest_route=\/wp\/v2\/posts\/43997","targetHints":{"allow":["GET"]}}],"collection":[{"href":"https:\/\/radiorevelacionfm.cl\/index.php?rest_route=\/wp\/v2\/posts"}],"about":[{"href":"https:\/\/radiorevelacionfm.cl\/index.php?rest_route=\/wp\/v2\/types\/post"}],"author":[{"embeddable":true,"href":"https:\/\/radiorevelacionfm.cl\/index.php?rest_route=\/wp\/v2\/users\/1"}],"replies":[{"embeddable":true,"href":"https:\/\/radiorevelacionfm.cl\/index.php?rest_route=%2Fwp%2Fv2%2Fcomments&post=43997"}],"version-history":[{"count":1,"href":"https:\/\/radiorevelacionfm.cl\/index.php?rest_route=\/wp\/v2\/posts\/43997\/revisions"}],"predecessor-version":[{"id":43999,"href":"https:\/\/radiorevelacionfm.cl\/index.php?rest_route=\/wp\/v2\/posts\/43997\/revisions\/43999"}],"wp:featuredmedia":[{"embeddable":true,"href":"https:\/\/radiorevelacionfm.cl\/index.php?rest_route=\/wp\/v2\/media\/43998"}],"wp:attachment":[{"href":"https:\/\/radiorevelacionfm.cl\/index.php?rest_route=%2Fwp%2Fv2%2Fmedia&parent=43997"}],"wp:term":[{"taxonomy":"category","embeddable":true,"href":"https:\/\/radiorevelacionfm.cl\/index.php?rest_route=%2Fwp%2Fv2%2Fcategories&post=43997"},{"taxonomy":"post_tag","embeddable":true,"href":"https:\/\/radiorevelacionfm.cl\/index.php?rest_route=%2Fwp%2Fv2%2Ftags&post=43997"}],"curies":[{"name":"wp","href":"https:\/\/api.w.org\/{rel}","templated":true}]}}