{"id":43995,"date":"2024-07-09T13:39:26","date_gmt":"2024-07-09T16:39:26","guid":{"rendered":"https:\/\/radiorevelacionfm.cl\/?p=43995"},"modified":"2024-07-09T13:39:26","modified_gmt":"2024-07-09T16:39:26","slug":"femicidio-tentado-en-sector-rural-de-coyhaique-fiscalia-solicito-prision-preventiva-para-imputado","status":"publish","type":"post","link":"https:\/\/radiorevelacionfm.cl\/?p=43995","title":{"rendered":"Femicidio tentado en sector rural de Coyhaique: Fiscal\u00eda solicit\u00f3 prisi\u00f3n preventiva para imputado"},"content":{"rendered":"<div class=\"flex_column av_one_full  flex_column_div av-zero-column-padding first  avia-builder-el-0  el_before_av_one_full  avia-builder-el-first  \" style='border-radius:0px; '><div  class='avia-image-container  av-styling-    avia-builder-el-1  avia-builder-el-no-sibling  avia-align-center '  itemprop=\"image\" itemscope=\"itemscope\" itemtype=\"https:\/\/schema.org\/ImageObject\"  ><div class='avia-image-container-inner'><div class='avia-image-overlay-wrap'><img decoding=\"async\" class='wp-image-38114 avia-img-lazy-loading-not-38114 avia_image' src=\"https:\/\/radiorevelacionfm.cl\/wp-content\/uploads\/2023\/12\/Fiscalia3-1-1.jpeg\" alt='' title='Fiscalia3 (1) (1)' height=\"600\" width=\"942\"  itemprop=\"thumbnailUrl\" srcset=\"https:\/\/radiorevelacionfm.cl\/wp-content\/uploads\/2023\/12\/Fiscalia3-1-1.jpeg 942w, https:\/\/radiorevelacionfm.cl\/wp-content\/uploads\/2023\/12\/Fiscalia3-1-1-300x191.jpeg 300w, https:\/\/radiorevelacionfm.cl\/wp-content\/uploads\/2023\/12\/Fiscalia3-1-1-768x489.jpeg 768w, https:\/\/radiorevelacionfm.cl\/wp-content\/uploads\/2023\/12\/Fiscalia3-1-1-705x449.jpeg 705w, https:\/\/radiorevelacionfm.cl\/wp-content\/uploads\/2023\/12\/Fiscalia3-1-1-450x287.jpeg 450w, https:\/\/radiorevelacionfm.cl\/wp-content\/uploads\/2023\/12\/Fiscalia3-1-1-600x382.jpeg 600w\" sizes=\"(max-width: 942px) 100vw, 942px\" \/><\/div><\/div><\/div><\/div><div class=\"flex_column av_one_full  flex_column_div av-zero-column-padding first  avia-builder-el-2  el_after_av_one_full  el_before_av_one_full  column-top-margin\" style='border-radius:0px; '><section class=\"av_textblock_section \"  itemscope=\"itemscope\" itemtype=\"https:\/\/schema.org\/BlogPosting\" itemprop=\"blogPost\" ><div class='avia_textblock  '   itemprop=\"text\" ><p style=\"text-align: center;\"><span style=\"font-size: 18pt;\"><b>Femicidio tentado en sector rural de Coyhaique: Fiscal\u00eda solicit\u00f3 prisi\u00f3n preventiva para imputado<\/b><\/span><\/p>\n<div id=\"gtx-trans\" style=\"position: absolute; left: -50px; top: 4.31534px;\">\n<div class=\"gtx-trans-icon\"><\/div>\n<\/div>\n<\/div><\/section><\/div><div class=\"flex_column av_one_full  flex_column_div av-zero-column-padding first  avia-builder-el-4  el_after_av_one_full  el_before_av_hr  column-top-margin\" style='border-radius:0px; '><section class=\"av_textblock_section \"  itemscope=\"itemscope\" itemtype=\"https:\/\/schema.org\/BlogPosting\" itemprop=\"blogPost\" ><div class='avia_textblock  '   itemprop=\"text\" ><p class=\"v1MsoNormal\" style=\"text-align: justify;\"><em>Detenido mantiene otra investigaci\u00f3n vigente por hechos de violencia intrafamiliar ocurridos en marzo de este a\u00f1o.<\/em><\/p>\n<p class=\"v1MsoNormal\" style=\"text-align: justify;\">La Fiscal\u00eda Local de Coyhaique formaliz\u00f3 una investigaci\u00f3n por femicidio tentado y desacato en contra de un imputado de 27 a\u00f1os y solicit\u00f3 su prisi\u00f3n preventiva, medida cautelar que fue acogida por el Juzgado de Garant\u00eda de Coyhaique el pasado viernes.<\/p>\n<p class=\"v1MsoNormal\" style=\"text-align: justify;\">El sujeto, quien registra una investigaci\u00f3n anterior vigente tambi\u00e9n por hechos de violencia intrafamiliar formalizados en marzo y en la cual hab\u00eda medida cautelares en favor de la v\u00edctima decretadas por otro Juzgado de Garant\u00eda, fue detenido cerca de las 19.30 horas del mi\u00e9rcoles 3 de julio por parte de Carabineros del ret\u00e9n El Blanco.<\/p>\n<p class=\"v1MsoNormal\" style=\"text-align: justify;\">Seg\u00fan explic\u00f3 el fiscal Jaime Rojas, \u201cla Fiscal\u00eda en el Tribunal de Garant\u00eda formaliz\u00f3 investigaci\u00f3n en contra de un sujeto que es investigado como autor de un delito de femicidio tentado, un hecho que ocurri\u00f3 la semana pasada en un sector rural cercano a la Villa Frei\u201d.<\/p>\n<p class=\"v1MsoNormal\" style=\"text-align: justify;\">El persecutor penal manifest\u00f3 que \u201cde acuerdo a los antecedentes preliminarmente recopilados, el imputado intent\u00f3 matar a su conviviente, estrangulando con sus manos y producto de lo anterior la v\u00edctima result\u00f3 con diversas lesiones que fueron constatadas en el servicio de atenci\u00f3n de urgencia\u201d.<\/p>\n<p class=\"v1MsoNormal\" style=\"text-align: justify;\">El fiscal Rojas agreg\u00f3 que \u201ca ra\u00edz de la gravedad de los hechos, la Fiscal\u00eda solicit\u00f3 la prisi\u00f3n preventiva del imputado, petici\u00f3n que fue acogida por el tribunal y se fij\u00f3 un plazo de investigaci\u00f3n de 45 d\u00edas\u201d.<\/p>\n<p class=\"v1MsoNormal\" style=\"text-align: justify;\">DILIGENCIAS<\/p>\n<p class=\"v1MsoNormal\" style=\"text-align: justify;\">El abogado, detall\u00f3 que \u201cen este caso, la investigaci\u00f3n se est\u00e1 desarrollando con la secci\u00f3n de Investigaciones Policiales de Carabineros de Coyhaique y adem\u00e1s han apoyado, en diligencias particulares, las Unidades (de Carabineros) de distintas localidades de la regi\u00f3n\u201d.<\/p>\n<p class=\"v1MsoNormal\" style=\"text-align: justify;\">La aprehensi\u00f3n del imputado se gener\u00f3 luego de la concurrencia del personal policial al sitio del suceso, donde se entrevistaron con el imputado, quien se\u00f1al\u00f3 que su pareja no se encontraba en la casa. Sin embargo, posteriormente sali\u00f3 la v\u00edctima desde el inmueble con evidentes lesiones en su rostro, procediendo Carabineros a la detenci\u00f3n del sujeto, quien ahora permanece en prisi\u00f3n preventiva.<\/p>\n<p class=\"v1MsoNormal\" style=\"text-align: justify;\">Como medida de protecci\u00f3n, la Fiscal\u00eda solicit\u00f3 adem\u00e1s a Carabineros efectuar rondas al domicilio de la v\u00edctima por 30 d\u00edas y mantener contacto prioritario, mientras se desarrolla la investigaci\u00f3n.<\/p>\n<\/div><\/section><\/div><div  style='height:50px' class='hr hr-invisible   avia-builder-el-6  el_after_av_one_full  el_before_av_social_share '><span class='hr-inner ' ><span class='hr-inner-style'><\/span><\/span><\/div><\/p>\n<div  class='av-social-sharing-box  avia-builder-el-7  el_after_av_hr  el_before_av_hr  '><div class='av-share-box'><h5 class='av-share-link-description av-no-toc '>Compartir esta noticia<\/h5><ul class='av-share-box-list noLightbox'><li class='av-share-link av-social-link-facebook' ><a target=\"_blank\" aria-label=\"Compartir en Facebook\" href='https:\/\/www.facebook.com\/sharer.php?u=https:\/\/radiorevelacionfm.cl\/?p=43995&#038;t=Femicidio%20tentado%20en%20sector%20rural%20de%20Coyhaique%3A%20Fiscal%C3%ADa%20solicit%C3%B3%20prisi%C3%B3n%20preventiva%20para%20imputado' aria-hidden='false' data-av_icon='\ue8f3' data-av_iconfont='entypo-fontello' title='' data-avia-related-tooltip='Compartir en Facebook' rel=\"noopener\"><span class='avia_hidden_link_text'>Compartir en Facebook<\/span><\/a><\/li><li class='av-share-link av-social-link-twitter' ><a target=\"_blank\" aria-label=\"Compartir en Twitter\" href='https:\/\/twitter.com\/share?text=Femicidio%20tentado%20en%20sector%20rural%20de%20Coyhaique%3A%20Fiscal%C3%ADa%20solicit%C3%B3%20prisi%C3%B3n%20preventiva%20para%20imputado&#038;url=https:\/\/radiorevelacionfm.cl\/?p=43995' aria-hidden='false' data-av_icon='\ue8f1' data-av_iconfont='entypo-fontello' title='' data-avia-related-tooltip='Compartir en Twitter' rel=\"noopener\"><span class='avia_hidden_link_text'>Compartir en Twitter<\/span><\/a><\/li><li class='av-share-link av-social-link-whatsapp' ><a target=\"_blank\" aria-label=\"Compartir en Whatsapp\" href='https:\/\/api.whatsapp.com\/send?text=https:\/\/radiorevelacionfm.cl\/?p=43995' aria-hidden='false' data-av_icon='\uf232' data-av_iconfont='entypo-fontello' title='' data-avia-related-tooltip='Compartir en Whatsapp' rel=\"noopener\"><span class='avia_hidden_link_text'>Compartir en Whatsapp<\/span><\/a><\/li><li class='av-share-link av-social-link-linkedin' ><a target=\"_blank\" aria-label=\"Compartir en LinkedIn\" href='https:\/\/linkedin.com\/shareArticle?mini=true&#038;title=Femicidio%20tentado%20en%20sector%20rural%20de%20Coyhaique%3A%20Fiscal%C3%ADa%20solicit%C3%B3%20prisi%C3%B3n%20preventiva%20para%20imputado&#038;url=https:\/\/radiorevelacionfm.cl\/?p=43995' aria-hidden='false' data-av_icon='\ue8fc' data-av_iconfont='entypo-fontello' title='' data-avia-related-tooltip='Compartir en LinkedIn' rel=\"noopener\"><span class='avia_hidden_link_text'>Compartir en LinkedIn<\/span><\/a><\/li><li class='av-share-link av-social-link-mail' ><a  aria-label=\"Compartir por correo\" href='mailto:?subject=Femicidio%20tentado%20en%20sector%20rural%20de%20Coyhaique%3A%20Fiscal%C3%ADa%20solicit%C3%B3%20prisi%C3%B3n%20preventiva%20para%20imputado&#038;body=https:\/\/radiorevelacionfm.cl\/?p=43995' aria-hidden='false' data-av_icon='\ue805' data-av_iconfont='entypo-fontello' title='' data-avia-related-tooltip='Compartir por correo'><span class='avia_hidden_link_text'>Compartir por correo<\/span><\/a><\/li><\/ul><\/div><\/div>\n<div  style='height:50px' class='hr hr-invisible   avia-builder-el-8  el_after_av_social_share  el_before_av_comments_list '><span class='hr-inner ' ><span class='hr-inner-style'><\/span><\/span><\/div>\n<div  class='av-buildercomment  av-blog-meta-html-info-disabled av-blog-meta-tag-disabled  '><\/div>\n","protected":false},"excerpt":{"rendered":"","protected":false},"author":1,"featured_media":38114,"comment_status":"open","ping_status":"open","sticky":false,"template":"","format":"standard","meta":{"footnotes":""},"categories":[36],"tags":[],"class_list":["post-43995","post","type-post","status-publish","format-standard","has-post-thumbnail","hentry","category-policial"],"jetpack_featured_media_url":"https:\/\/radiorevelacionfm.cl\/wp-content\/uploads\/2023\/12\/Fiscalia3-1-1.jpeg","_links":{"self":[{"href":"https:\/\/radiorevelacionfm.cl\/index.php?rest_route=\/wp\/v2\/posts\/43995","targetHints":{"allow":["GET"]}}],"collection":[{"href":"https:\/\/radiorevelacionfm.cl\/index.php?rest_route=\/wp\/v2\/posts"}],"about":[{"href":"https:\/\/radiorevelacionfm.cl\/index.php?rest_route=\/wp\/v2\/types\/post"}],"author":[{"embeddable":true,"href":"https:\/\/radiorevelacionfm.cl\/index.php?rest_route=\/wp\/v2\/users\/1"}],"replies":[{"embeddable":true,"href":"https:\/\/radiorevelacionfm.cl\/index.php?rest_route=%2Fwp%2Fv2%2Fcomments&post=43995"}],"version-history":[{"count":1,"href":"https:\/\/radiorevelacionfm.cl\/index.php?rest_route=\/wp\/v2\/posts\/43995\/revisions"}],"predecessor-version":[{"id":43996,"href":"https:\/\/radiorevelacionfm.cl\/index.php?rest_route=\/wp\/v2\/posts\/43995\/revisions\/43996"}],"wp:featuredmedia":[{"embeddable":true,"href":"https:\/\/radiorevelacionfm.cl\/index.php?rest_route=\/wp\/v2\/media\/38114"}],"wp:attachment":[{"href":"https:\/\/radiorevelacionfm.cl\/index.php?rest_route=%2Fwp%2Fv2%2Fmedia&parent=43995"}],"wp:term":[{"taxonomy":"category","embeddable":true,"href":"https:\/\/radiorevelacionfm.cl\/index.php?rest_route=%2Fwp%2Fv2%2Fcategories&post=43995"},{"taxonomy":"post_tag","embeddable":true,"href":"https:\/\/radiorevelacionfm.cl\/index.php?rest_route=%2Fwp%2Fv2%2Ftags&post=43995"}],"curies":[{"name":"wp","href":"https:\/\/api.w.org\/{rel}","templated":true}]}}