{"id":43980,"date":"2024-07-09T11:43:38","date_gmt":"2024-07-09T14:43:38","guid":{"rendered":"https:\/\/radiorevelacionfm.cl\/?p=43980"},"modified":"2024-07-09T11:43:38","modified_gmt":"2024-07-09T14:43:38","slug":"publican-ley-de-internet-como-servicio-publico","status":"publish","type":"post","link":"https:\/\/radiorevelacionfm.cl\/?p=43980","title":{"rendered":"Publican Ley de Internet como Servicio P\u00fablico"},"content":{"rendered":"<div class=\"flex_column av_one_full  flex_column_div av-zero-column-padding first  avia-builder-el-0  el_before_av_one_full  avia-builder-el-first  \" style='border-radius:0px; '><div  class='avia-image-container  av-styling-    avia-builder-el-1  avia-builder-el-no-sibling  avia-align-center '  itemprop=\"image\" itemscope=\"itemscope\" itemtype=\"https:\/\/schema.org\/ImageObject\"  ><div class='avia-image-container-inner'><div class='avia-image-overlay-wrap'><img decoding=\"async\" class='wp-image-43981 avia-img-lazy-loading-not-43981 avia_image' src=\"https:\/\/radiorevelacionfm.cl\/wp-content\/uploads\/2024\/07\/DSC_0106-1-1-1.jpg\" alt='' title='DSC_0106 (1) (1) (1)' height=\"600\" width=\"902\"  itemprop=\"thumbnailUrl\" srcset=\"https:\/\/radiorevelacionfm.cl\/wp-content\/uploads\/2024\/07\/DSC_0106-1-1-1.jpg 902w, https:\/\/radiorevelacionfm.cl\/wp-content\/uploads\/2024\/07\/DSC_0106-1-1-1-300x200.jpg 300w, https:\/\/radiorevelacionfm.cl\/wp-content\/uploads\/2024\/07\/DSC_0106-1-1-1-768x511.jpg 768w, https:\/\/radiorevelacionfm.cl\/wp-content\/uploads\/2024\/07\/DSC_0106-1-1-1-705x469.jpg 705w, https:\/\/radiorevelacionfm.cl\/wp-content\/uploads\/2024\/07\/DSC_0106-1-1-1-450x299.jpg 450w, https:\/\/radiorevelacionfm.cl\/wp-content\/uploads\/2024\/07\/DSC_0106-1-1-1-600x399.jpg 600w\" sizes=\"(max-width: 902px) 100vw, 902px\" \/><\/div><\/div><\/div><\/div><div class=\"flex_column av_one_full  flex_column_div av-zero-column-padding first  avia-builder-el-2  el_after_av_one_full  el_before_av_one_full  column-top-margin\" style='border-radius:0px; '><section class=\"av_textblock_section \"  itemscope=\"itemscope\" itemtype=\"https:\/\/schema.org\/BlogPosting\" itemprop=\"blogPost\" ><div class='avia_textblock  '   itemprop=\"text\" ><p style=\"text-align: center;\"><span style=\"font-size: 18pt;\"><b>Publican Ley de Internet como Servicio P\u00fablico<\/b><\/span><\/p>\n<div id=\"gtx-trans\" style=\"position: absolute; left: -50px; top: 4.31534px;\">\n<div class=\"gtx-trans-icon\"><\/div>\n<\/div>\n<\/div><\/section><\/div><div class=\"flex_column av_one_full  flex_column_div av-zero-column-padding first  avia-builder-el-4  el_after_av_one_full  el_before_av_hr  column-top-margin\" style='border-radius:0px; '><section class=\"av_textblock_section \"  itemscope=\"itemscope\" itemtype=\"https:\/\/schema.org\/BlogPosting\" itemprop=\"blogPost\" ><div class='avia_textblock  '   itemprop=\"text\" ><p style=\"text-align: justify;\"><em>La Ley ha sido destacada como un hito relevante en torno a los derechos digitales de las personas, el paso que sigue es establecer algunos de los reglamentos que permitir\u00e1n concretar determinadas herramientas, como por ejemplo el subsidio a la demanda y de esa manera, avanzar hacia una mayor inclusi\u00f3n de las personas al mundo digital.<\/em><b><\/b><\/p>\n<p style=\"text-align: justify;\">Dentro de las acciones que el Ministerio de Transportes y Telecomunicaciones ha impulsado para mejorar el alcance y calidad de la conectividad digital, la Ley de Internet como Servicio P\u00fablico es una de las medidas m\u00e1s destacadas, ya que consagra la conectividad digital como una herramienta esencial en los hogares de Chile, tal como la electricidad o el agua potable. De esta forma, y a ra\u00edz de la promulgaci\u00f3n de la Ley se podr\u00e1n elaborar mecanismos con el que, por ejemplo, se pueda facilitar el acceso a las familias m\u00e1s vulnerables, mediante el subsidio de la cuenta de Internet y tambi\u00e9n definir medidas que permitan una fiscalizaci\u00f3n m\u00e1s efectiva y eficiente en el cumplimiento de los servicios por parte de las compa\u00f1\u00edas.<\/p>\n<p style=\"text-align: justify;\">El seremiTT Hans Zimmermann, explic\u00f3 el impacto de esta nueva normativa, sobre todo para los usuarios de Ays\u00e9n: \u201cEsta es sin duda la reforma m\u00e1s importante en materia de telecomunicaciones del \u00faltimo tiempo. En nuestra regi\u00f3n reviste una importancia superlativa. Dada su condici\u00f3n geogr\u00e1fica y de aislamiento, con esta normativa vamos a poder avanzar en entregar una mejor cobertura de servicios de Internet a aquellas localidades m\u00e1s postergadas. Por otra parte, se robustece la institucionalidad de la Subtel, al fortalecer la labor fiscalizadoras de la instituci\u00f3n. Adem\u00e1s, gracias a esta importante reforma se van a poder crear mecanismos de subsidio a la demanda, en pos de la reducci\u00f3n de las brechas econ\u00f3micas que hoy limitan el acceso de muchas familias de nuestro pa\u00eds\u201d.<\/p>\n<p style=\"text-align: justify;\">Esta Ley forma parte del Plan Brecha Digital Cero, cuyo objetivo central es que todos los habitantes del pa\u00eds tengan acceso a Internet, independiente de su zona geogr\u00e1fica de origen o condici\u00f3n econ\u00f3mica de los usuarios.<\/p>\n<p style=\"text-align: justify;\">Luego de la promulgaci\u00f3n de esta Ley, la Subsecretar\u00eda de Telecomunicaciones est\u00e1 trabajando en determinados reglamentos para su implementaci\u00f3n. Dentro de las diferentes disposiciones de la Ley, adem\u00e1s de reconocer el Internet como un servicio esencial, tambi\u00e9n se incluyen puntos como la creaci\u00f3n de mecanismos para el subsidio a la demanda; la protecci\u00f3n de la infraestructura de telecomunicaciones; el aumento en sanciones por incumplimiento; y la promoci\u00f3n de la innovaci\u00f3n tecnol\u00f3gica, entre otras.<\/p>\n<div style=\"text-align: justify;\"><\/div>\n<\/div><\/section><\/div><div  style='height:50px' class='hr hr-invisible   avia-builder-el-6  el_after_av_one_full  el_before_av_social_share '><span class='hr-inner ' ><span class='hr-inner-style'><\/span><\/span><\/div><\/p>\n<div  class='av-social-sharing-box  avia-builder-el-7  el_after_av_hr  el_before_av_hr  '><div class='av-share-box'><h5 class='av-share-link-description av-no-toc '>Compartir esta noticia<\/h5><ul class='av-share-box-list noLightbox'><li class='av-share-link av-social-link-facebook' ><a target=\"_blank\" aria-label=\"Compartir en Facebook\" href='https:\/\/www.facebook.com\/sharer.php?u=https:\/\/radiorevelacionfm.cl\/?p=43980&#038;t=Publican%20Ley%20de%20Internet%20como%20Servicio%20P%C3%BAblico' aria-hidden='false' data-av_icon='\ue8f3' data-av_iconfont='entypo-fontello' title='' data-avia-related-tooltip='Compartir en Facebook' rel=\"noopener\"><span class='avia_hidden_link_text'>Compartir en Facebook<\/span><\/a><\/li><li class='av-share-link av-social-link-twitter' ><a target=\"_blank\" aria-label=\"Compartir en Twitter\" href='https:\/\/twitter.com\/share?text=Publican%20Ley%20de%20Internet%20como%20Servicio%20P%C3%BAblico&#038;url=https:\/\/radiorevelacionfm.cl\/?p=43980' aria-hidden='false' data-av_icon='\ue8f1' data-av_iconfont='entypo-fontello' title='' data-avia-related-tooltip='Compartir en Twitter' rel=\"noopener\"><span class='avia_hidden_link_text'>Compartir en Twitter<\/span><\/a><\/li><li class='av-share-link av-social-link-whatsapp' ><a target=\"_blank\" aria-label=\"Compartir en Whatsapp\" href='https:\/\/api.whatsapp.com\/send?text=https:\/\/radiorevelacionfm.cl\/?p=43980' aria-hidden='false' data-av_icon='\uf232' data-av_iconfont='entypo-fontello' title='' data-avia-related-tooltip='Compartir en Whatsapp' rel=\"noopener\"><span class='avia_hidden_link_text'>Compartir en Whatsapp<\/span><\/a><\/li><li class='av-share-link av-social-link-linkedin' ><a target=\"_blank\" aria-label=\"Compartir en LinkedIn\" href='https:\/\/linkedin.com\/shareArticle?mini=true&#038;title=Publican%20Ley%20de%20Internet%20como%20Servicio%20P%C3%BAblico&#038;url=https:\/\/radiorevelacionfm.cl\/?p=43980' aria-hidden='false' data-av_icon='\ue8fc' data-av_iconfont='entypo-fontello' title='' data-avia-related-tooltip='Compartir en LinkedIn' rel=\"noopener\"><span class='avia_hidden_link_text'>Compartir en LinkedIn<\/span><\/a><\/li><li class='av-share-link av-social-link-mail' ><a  aria-label=\"Compartir por correo\" href='mailto:?subject=Publican%20Ley%20de%20Internet%20como%20Servicio%20P%C3%BAblico&#038;body=https:\/\/radiorevelacionfm.cl\/?p=43980' aria-hidden='false' data-av_icon='\ue805' data-av_iconfont='entypo-fontello' title='' data-avia-related-tooltip='Compartir por correo'><span class='avia_hidden_link_text'>Compartir por correo<\/span><\/a><\/li><\/ul><\/div><\/div>\n<div  style='height:50px' class='hr hr-invisible   avia-builder-el-8  el_after_av_social_share  el_before_av_comments_list '><span class='hr-inner ' ><span class='hr-inner-style'><\/span><\/span><\/div>\n<div  class='av-buildercomment  av-blog-meta-html-info-disabled av-blog-meta-tag-disabled  '><\/div>\n","protected":false},"excerpt":{"rendered":"","protected":false},"author":1,"featured_media":43981,"comment_status":"open","ping_status":"open","sticky":false,"template":"","format":"standard","meta":{"footnotes":""},"categories":[59],"tags":[],"class_list":["post-43980","post","type-post","status-publish","format-standard","has-post-thumbnail","hentry","category-transporte"],"jetpack_featured_media_url":"https:\/\/radiorevelacionfm.cl\/wp-content\/uploads\/2024\/07\/DSC_0106-1-1-1.jpg","_links":{"self":[{"href":"https:\/\/radiorevelacionfm.cl\/index.php?rest_route=\/wp\/v2\/posts\/43980","targetHints":{"allow":["GET"]}}],"collection":[{"href":"https:\/\/radiorevelacionfm.cl\/index.php?rest_route=\/wp\/v2\/posts"}],"about":[{"href":"https:\/\/radiorevelacionfm.cl\/index.php?rest_route=\/wp\/v2\/types\/post"}],"author":[{"embeddable":true,"href":"https:\/\/radiorevelacionfm.cl\/index.php?rest_route=\/wp\/v2\/users\/1"}],"replies":[{"embeddable":true,"href":"https:\/\/radiorevelacionfm.cl\/index.php?rest_route=%2Fwp%2Fv2%2Fcomments&post=43980"}],"version-history":[{"count":1,"href":"https:\/\/radiorevelacionfm.cl\/index.php?rest_route=\/wp\/v2\/posts\/43980\/revisions"}],"predecessor-version":[{"id":43982,"href":"https:\/\/radiorevelacionfm.cl\/index.php?rest_route=\/wp\/v2\/posts\/43980\/revisions\/43982"}],"wp:featuredmedia":[{"embeddable":true,"href":"https:\/\/radiorevelacionfm.cl\/index.php?rest_route=\/wp\/v2\/media\/43981"}],"wp:attachment":[{"href":"https:\/\/radiorevelacionfm.cl\/index.php?rest_route=%2Fwp%2Fv2%2Fmedia&parent=43980"}],"wp:term":[{"taxonomy":"category","embeddable":true,"href":"https:\/\/radiorevelacionfm.cl\/index.php?rest_route=%2Fwp%2Fv2%2Fcategories&post=43980"},{"taxonomy":"post_tag","embeddable":true,"href":"https:\/\/radiorevelacionfm.cl\/index.php?rest_route=%2Fwp%2Fv2%2Ftags&post=43980"}],"curies":[{"name":"wp","href":"https:\/\/api.w.org\/{rel}","templated":true}]}}