{"id":4398,"date":"2021-05-22T12:59:17","date_gmt":"2021-05-22T15:59:17","guid":{"rendered":"https:\/\/radiorevelacionfm.cl\/?p=4398"},"modified":"2021-05-22T12:59:17","modified_gmt":"2021-05-22T15:59:17","slug":"calisto-pide-a-ministro-de-salud-establecer-vacunacion-universal-y-aumentar-camas-uci-ante-grave-situacion-covid-en-la-region-de-aysen","status":"publish","type":"post","link":"https:\/\/radiorevelacionfm.cl\/?p=4398","title":{"rendered":"Calisto pide a Ministro de Salud establecer vacunaci\u00f3n universal y aumentar camas UCI ante grave situaci\u00f3n Covid en la regi\u00f3n de Ays\u00e9n"},"content":{"rendered":"<div class=\"flex_column av_one_full  flex_column_div av-zero-column-padding first  avia-builder-el-0  el_before_av_one_full  avia-builder-el-first  \" style='border-radius:0px; '><div  class='avia-image-container  av-styling-    avia-builder-el-1  avia-builder-el-no-sibling  avia-align-center '  itemprop=\"image\" itemscope=\"itemscope\" itemtype=\"https:\/\/schema.org\/ImageObject\"  ><div class='avia-image-container-inner'><div class='avia-image-overlay-wrap'><img decoding=\"async\" class='wp-image-4399 avia-img-lazy-loading-not-4399 avia_image' src=\"https:\/\/radiorevelacionfm.cl\/wp-content\/uploads\/2021\/05\/UCI-Hospital-Coyhaique-1.jpg\" alt='' title='UCI Hospital Coyhaique-1' height=\"600\" width=\"900\"  itemprop=\"thumbnailUrl\" srcset=\"https:\/\/radiorevelacionfm.cl\/wp-content\/uploads\/2021\/05\/UCI-Hospital-Coyhaique-1.jpg 900w, https:\/\/radiorevelacionfm.cl\/wp-content\/uploads\/2021\/05\/UCI-Hospital-Coyhaique-1-300x200.jpg 300w, https:\/\/radiorevelacionfm.cl\/wp-content\/uploads\/2021\/05\/UCI-Hospital-Coyhaique-1-768x512.jpg 768w, https:\/\/radiorevelacionfm.cl\/wp-content\/uploads\/2021\/05\/UCI-Hospital-Coyhaique-1-705x470.jpg 705w, https:\/\/radiorevelacionfm.cl\/wp-content\/uploads\/2021\/05\/UCI-Hospital-Coyhaique-1-600x400.jpg 600w\" sizes=\"(max-width: 900px) 100vw, 900px\" \/><\/div><\/div><\/div><\/div><div class=\"flex_column av_one_full  flex_column_div av-zero-column-padding first  avia-builder-el-2  el_after_av_one_full  el_before_av_one_full  column-top-margin\" style='border-radius:0px; '><section class=\"av_textblock_section \"  itemscope=\"itemscope\" itemtype=\"https:\/\/schema.org\/BlogPosting\" itemprop=\"blogPost\" ><div class='avia_textblock  '   itemprop=\"text\" ><p style=\"text-align: center;\"><strong><span style=\"font-size: 18pt;\">Calisto pide a Ministro de Salud establecer vacunaci\u00f3n universal y aumentar camas UCI ante grave situaci\u00f3n Covid en la regi\u00f3n de Ays\u00e9n<\/span><\/strong><\/p>\n<div id=\"gtx-trans\" style=\"position: absolute; left: -50px; top: 4.31534px;\">\n<div class=\"gtx-trans-icon\"><\/div>\n<\/div>\n<\/div><\/section><\/div><div class=\"flex_column av_one_full  flex_column_div av-zero-column-padding first  avia-builder-el-4  el_after_av_one_full  el_before_av_hr  column-top-margin\" style='border-radius:0px; '><section class=\"av_textblock_section \"  itemscope=\"itemscope\" itemtype=\"https:\/\/schema.org\/BlogPosting\" itemprop=\"blogPost\" ><div class='avia_textblock  '   itemprop=\"text\" ><p style=\"font-weight: 400; text-align: justify;\">Ante el aumento de casos covid en la regi\u00f3n de Ays\u00e9n, que la mantienen con una de las mayores incidencias a nivel nacional, y la compleja situaci\u00f3n que se vive en el Hospital de Coyhaique, el diputado Miguel \u00c1ngel Calisto le solicit\u00f3 al Ministro de Salud, Enrique Paris, que se pueda establecer un plan de vacunaci\u00f3n universal y se implementen nuevas camas UCI para combatir la emergencia.<\/p>\n<p style=\"font-weight: 400; text-align: justify;\">Seg\u00fan el legislador, \u201cestamos en una situaci\u00f3n bastante cr\u00edtica a nivel regional. Tenemos el 100% de las camas UCI ocupadas producto de personas que han agravado su situaci\u00f3n por el Covid. Es una situaci\u00f3n compleja, que nos afecta a todos los que vivimos en la regi\u00f3n, porque el virus se ha descontrolado\u201d.<\/p>\n<p style=\"font-weight: 400; text-align: justify;\">\u201cDebemos hacer una reflexi\u00f3n profunda respecto a la gran cantidad de gente que no se ha vacunado a\u00fan, pudiendo hacerlo. Son cerca de 11 mil personas. Muchas de los casos graves que est\u00e1n en el hospital en estado cr\u00edtico intubadas, son personas que no se han vacunado. Hacemos un llamado a la gente a vacunarse\u201d, asegur\u00f3.<\/p>\n<p style=\"font-weight: 400; text-align: justify;\">Calisto agreg\u00f3 que \u201cle solicit\u00e9 formalmente al Ministro de Salud, Enrique Paris, que se decrete vacunaci\u00f3n universal para todas las edades en la regi\u00f3n de Ays\u00e9n. \u00c9l me inform\u00f3 que evaluar\u00e1n mi propuesta.\u00a0 Esto es absolutamente posible, considerando que Ays\u00e9n es una regi\u00f3n peque\u00f1a en cantidad de habitantes. Esperamos que esto el Gobierno lo pueda decretar en las pr\u00f3ximas 24 horas tomando en cuenta la situaci\u00f3n cr\u00edtica que hoy vive la regi\u00f3n\u201d.<\/p>\n<p style=\"font-weight: 400; text-align: justify;\">\u201cAdem\u00e1s, le pedimos al Ministro implementar m\u00e1s camas UCI ante este aumento de casos y la situaci\u00f3n cr\u00edtica que estamos viviendo. Esto puede ser perfectamente posible en el Hospital de Puerto Ays\u00e9n, que es un tema que venimos pidiendo hace bastante tiempo\u201d, se\u00f1al\u00f3.<\/p>\n<p style=\"font-weight: 400; text-align: justify;\">Finalmente, el diputado Calisto reiter\u00f3 que \u201cel llamado a la gente es a que vaya a vacunarse y que extreme las medidas de autocuidado. Tenemos un sistema de salud muy fr\u00e1gil en nuestra regi\u00f3n, y ya estamos en niveles muy preocupantes\u201d.<\/p>\n<\/div><\/section><\/div><div  style='height:50px' class='hr hr-invisible   avia-builder-el-6  el_after_av_one_full  el_before_av_social_share '><span class='hr-inner ' ><span class='hr-inner-style'><\/span><\/span><\/div><\/p>\n<div  class='av-social-sharing-box  avia-builder-el-7  el_after_av_hr  el_before_av_hr  '><div class='av-share-box'><h5 class='av-share-link-description av-no-toc '>Compartir esta noticia<\/h5><ul class='av-share-box-list noLightbox'><li class='av-share-link av-social-link-facebook' ><a target=\"_blank\" aria-label=\"Compartir en Facebook\" href='https:\/\/www.facebook.com\/sharer.php?u=https:\/\/radiorevelacionfm.cl\/?p=4398&#038;t=Calisto%20pide%20a%20Ministro%20de%20Salud%20establecer%20vacunaci%C3%B3n%20universal%20y%20aumentar%20camas%20UCI%20ante%20grave%20situaci%C3%B3n%20Covid%20en%20la%20regi%C3%B3n%20de%20Ays%C3%A9n' aria-hidden='false' data-av_icon='\ue8f3' data-av_iconfont='entypo-fontello' title='' data-avia-related-tooltip='Compartir en Facebook' rel=\"noopener\"><span class='avia_hidden_link_text'>Compartir en Facebook<\/span><\/a><\/li><li class='av-share-link av-social-link-twitter' ><a target=\"_blank\" aria-label=\"Compartir en Twitter\" href='https:\/\/twitter.com\/share?text=Calisto%20pide%20a%20Ministro%20de%20Salud%20establecer%20vacunaci%C3%B3n%20universal%20y%20aumentar%20camas%20UCI%20ante%20grave%20situaci%C3%B3n%20Covid%20en%20la%20regi%C3%B3n%20de%20Ays%C3%A9n&#038;url=https:\/\/radiorevelacionfm.cl\/?p=4398' aria-hidden='false' data-av_icon='\ue8f1' data-av_iconfont='entypo-fontello' title='' data-avia-related-tooltip='Compartir en Twitter' rel=\"noopener\"><span class='avia_hidden_link_text'>Compartir en Twitter<\/span><\/a><\/li><li class='av-share-link av-social-link-whatsapp' ><a target=\"_blank\" aria-label=\"Compartir en Whatsapp\" href='https:\/\/api.whatsapp.com\/send?text=https:\/\/radiorevelacionfm.cl\/?p=4398' aria-hidden='false' data-av_icon='\uf232' data-av_iconfont='entypo-fontello' title='' data-avia-related-tooltip='Compartir en Whatsapp' rel=\"noopener\"><span class='avia_hidden_link_text'>Compartir en Whatsapp<\/span><\/a><\/li><li class='av-share-link av-social-link-linkedin' ><a target=\"_blank\" aria-label=\"Compartir en LinkedIn\" href='https:\/\/linkedin.com\/shareArticle?mini=true&#038;title=Calisto%20pide%20a%20Ministro%20de%20Salud%20establecer%20vacunaci%C3%B3n%20universal%20y%20aumentar%20camas%20UCI%20ante%20grave%20situaci%C3%B3n%20Covid%20en%20la%20regi%C3%B3n%20de%20Ays%C3%A9n&#038;url=https:\/\/radiorevelacionfm.cl\/?p=4398' aria-hidden='false' data-av_icon='\ue8fc' data-av_iconfont='entypo-fontello' title='' data-avia-related-tooltip='Compartir en LinkedIn' rel=\"noopener\"><span class='avia_hidden_link_text'>Compartir en LinkedIn<\/span><\/a><\/li><li class='av-share-link av-social-link-mail' ><a  aria-label=\"Compartir por correo\" href='mailto:?subject=Calisto%20pide%20a%20Ministro%20de%20Salud%20establecer%20vacunaci%C3%B3n%20universal%20y%20aumentar%20camas%20UCI%20ante%20grave%20situaci%C3%B3n%20Covid%20en%20la%20regi%C3%B3n%20de%20Ays%C3%A9n&#038;body=https:\/\/radiorevelacionfm.cl\/?p=4398' aria-hidden='false' data-av_icon='\ue805' data-av_iconfont='entypo-fontello' title='' data-avia-related-tooltip='Compartir por correo'><span class='avia_hidden_link_text'>Compartir por correo<\/span><\/a><\/li><\/ul><\/div><\/div>\n<div  style='height:50px' class='hr hr-invisible   avia-builder-el-8  el_after_av_social_share  el_before_av_comments_list '><span class='hr-inner ' ><span class='hr-inner-style'><\/span><\/span><\/div>\n<div  class='av-buildercomment  av-blog-meta-html-info-disabled av-blog-meta-tag-disabled  '><\/div>\n","protected":false},"excerpt":{"rendered":"","protected":false},"author":1,"featured_media":4399,"comment_status":"open","ping_status":"open","sticky":false,"template":"","format":"standard","meta":{"footnotes":""},"categories":[35],"tags":[],"class_list":["post-4398","post","type-post","status-publish","format-standard","has-post-thumbnail","hentry","category-politica"],"jetpack_featured_media_url":"https:\/\/radiorevelacionfm.cl\/wp-content\/uploads\/2021\/05\/UCI-Hospital-Coyhaique-1.jpg","_links":{"self":[{"href":"https:\/\/radiorevelacionfm.cl\/index.php?rest_route=\/wp\/v2\/posts\/4398","targetHints":{"allow":["GET"]}}],"collection":[{"href":"https:\/\/radiorevelacionfm.cl\/index.php?rest_route=\/wp\/v2\/posts"}],"about":[{"href":"https:\/\/radiorevelacionfm.cl\/index.php?rest_route=\/wp\/v2\/types\/post"}],"author":[{"embeddable":true,"href":"https:\/\/radiorevelacionfm.cl\/index.php?rest_route=\/wp\/v2\/users\/1"}],"replies":[{"embeddable":true,"href":"https:\/\/radiorevelacionfm.cl\/index.php?rest_route=%2Fwp%2Fv2%2Fcomments&post=4398"}],"version-history":[{"count":1,"href":"https:\/\/radiorevelacionfm.cl\/index.php?rest_route=\/wp\/v2\/posts\/4398\/revisions"}],"predecessor-version":[{"id":4400,"href":"https:\/\/radiorevelacionfm.cl\/index.php?rest_route=\/wp\/v2\/posts\/4398\/revisions\/4400"}],"wp:featuredmedia":[{"embeddable":true,"href":"https:\/\/radiorevelacionfm.cl\/index.php?rest_route=\/wp\/v2\/media\/4399"}],"wp:attachment":[{"href":"https:\/\/radiorevelacionfm.cl\/index.php?rest_route=%2Fwp%2Fv2%2Fmedia&parent=4398"}],"wp:term":[{"taxonomy":"category","embeddable":true,"href":"https:\/\/radiorevelacionfm.cl\/index.php?rest_route=%2Fwp%2Fv2%2Fcategories&post=4398"},{"taxonomy":"post_tag","embeddable":true,"href":"https:\/\/radiorevelacionfm.cl\/index.php?rest_route=%2Fwp%2Fv2%2Ftags&post=4398"}],"curies":[{"name":"wp","href":"https:\/\/api.w.org\/{rel}","templated":true}]}}