{"id":43977,"date":"2024-07-08T22:19:00","date_gmt":"2024-07-09T01:19:00","guid":{"rendered":"https:\/\/radiorevelacionfm.cl\/?p=43977"},"modified":"2024-07-08T22:19:00","modified_gmt":"2024-07-09T01:19:00","slug":"diputada-raphael-tras-reunion-con-ministro-montes-por-subsidios-de-revestimiento-termico-se-ha-comprometido-a-aumentar-de-50-a-400-los-subsidios-durante-este-ano","status":"publish","type":"post","link":"https:\/\/radiorevelacionfm.cl\/?p=43977","title":{"rendered":"Diputada Raphael tras reuni\u00f3n con ministro Montes por subsidios de revestimiento t\u00e9rmico: \u201cSe ha comprometido a aumentar de 50 a 400 los subsidios durante este a\u00f1o\u201d"},"content":{"rendered":"<div class=\"flex_column av_one_full  flex_column_div av-zero-column-padding first  avia-builder-el-0  el_before_av_one_full  avia-builder-el-first  \" style='border-radius:0px; '><div  class='avia-image-container  av-styling-    avia-builder-el-1  avia-builder-el-no-sibling  avia-align-center '  itemprop=\"image\" itemscope=\"itemscope\" itemtype=\"https:\/\/schema.org\/ImageObject\"  ><div class='avia-image-container-inner'><div class='avia-image-overlay-wrap'><img decoding=\"async\" class='wp-image-43978 avia-img-lazy-loading-not-43978 avia_image' src=\"https:\/\/radiorevelacionfm.cl\/wp-content\/uploads\/2024\/07\/Foto-Reunion-con-ministro-Montes-1-1.jpeg\" alt='' title='Foto Reuni\u00f3n con ministro Montes (1) (1)' height=\"600\" width=\"843\"  itemprop=\"thumbnailUrl\" srcset=\"https:\/\/radiorevelacionfm.cl\/wp-content\/uploads\/2024\/07\/Foto-Reunion-con-ministro-Montes-1-1.jpeg 843w, https:\/\/radiorevelacionfm.cl\/wp-content\/uploads\/2024\/07\/Foto-Reunion-con-ministro-Montes-1-1-300x214.jpeg 300w, https:\/\/radiorevelacionfm.cl\/wp-content\/uploads\/2024\/07\/Foto-Reunion-con-ministro-Montes-1-1-768x547.jpeg 768w, https:\/\/radiorevelacionfm.cl\/wp-content\/uploads\/2024\/07\/Foto-Reunion-con-ministro-Montes-1-1-260x185.jpeg 260w, https:\/\/radiorevelacionfm.cl\/wp-content\/uploads\/2024\/07\/Foto-Reunion-con-ministro-Montes-1-1-705x502.jpeg 705w, https:\/\/radiorevelacionfm.cl\/wp-content\/uploads\/2024\/07\/Foto-Reunion-con-ministro-Montes-1-1-450x320.jpeg 450w, https:\/\/radiorevelacionfm.cl\/wp-content\/uploads\/2024\/07\/Foto-Reunion-con-ministro-Montes-1-1-600x427.jpeg 600w\" sizes=\"(max-width: 843px) 100vw, 843px\" \/><\/div><\/div><\/div><\/div><div class=\"flex_column av_one_full  flex_column_div av-zero-column-padding first  avia-builder-el-2  el_after_av_one_full  el_before_av_one_full  column-top-margin\" style='border-radius:0px; '><section class=\"av_textblock_section \"  itemscope=\"itemscope\" itemtype=\"https:\/\/schema.org\/BlogPosting\" itemprop=\"blogPost\" ><div class='avia_textblock  '   itemprop=\"text\" ><p style=\"text-align: center;\"><span style=\"font-size: 18pt;\"><strong>Diputada Raphael tras reuni\u00f3n con ministro Montes por subsidios de revestimiento t\u00e9rmico: \u201cSe ha comprometido a aumentar de 50 a 400 los subsidios durante este a\u00f1o\u201d<\/strong><\/span><\/p>\n<div id=\"gtx-trans\" style=\"position: absolute; left: -50px; top: 4.31534px;\">\n<div class=\"gtx-trans-icon\"><\/div>\n<\/div>\n<\/div><\/section><\/div><div class=\"flex_column av_one_full  flex_column_div av-zero-column-padding first  avia-builder-el-4  el_after_av_one_full  el_before_av_hr  column-top-margin\" style='border-radius:0px; '><section class=\"av_textblock_section \"  itemscope=\"itemscope\" itemtype=\"https:\/\/schema.org\/BlogPosting\" itemprop=\"blogPost\" ><div class='avia_textblock  '   itemprop=\"text\" ><p style=\"text-align: justify;\">La diputada por la regi\u00f3n de Ays\u00e9n, Marcia Raphael Mora, junto a representantes de Entidades Patrocinantes y Constructoras de la regi\u00f3n, llegaron hasta el Ministerio de Vivienda y Urbanismo para reunirse con el ministro Carlos Montes y expresarle su preocupaci\u00f3n ante la baja de subsidios de revestimiento t\u00e9rmico PDA que se entregar\u00e1n este a\u00f1o en Ays\u00e9n.<\/p>\n<p style=\"text-align: justify;\">Esto, tras los insistentes llamados de Raphael para que las autoridades aumenten el n\u00famero de subsidios de revestimiento t\u00e9rmico, por la importancia de estos para la regi\u00f3n y la enorme disminuci\u00f3n a s\u00f3lo 50 beneficios otorgados durante 2024.\u00a0 Esto se suma a las familias que se encuentran a la espera que, seg\u00fan estimaciones, alcanzar\u00edan m\u00e1s de 2.000 pendientes.<\/p>\n<p style=\"text-align: justify;\">\u201cHemos llegado personalmente al Ministerio de Vivienda, junto a representantes de entidades patrocinantes y de constructoras de nuestra Regi\u00f3n, a pedir al ministro Carlos Montes, que aumente el n\u00famero de subsidios de revestimiento t\u00e9rmico PDA\u201d, explic\u00f3 Raphael.<\/p>\n<p style=\"text-align: justify;\">\u201cEl ministro se ha comprometido a destinar para la regi\u00f3n de Ays\u00e9n 200 subsidios aproximadamente que resultan del llamado nacional, adem\u00e1s de los 150 que financiar\u00e1 el Gobierno Regional. Con un total de 400 subsidios para este a\u00f1o, incluyendo los 50 considerados oficialmente.<\/p>\n<p style=\"text-align: justify;\">Marco Fierro, vicepresidente de la Asociaci\u00f3n Gremial de Entidades Patrocinantes indic\u00f3 que \u201chemos expresado al ministro la importancia de aumentar la cobertura y financiamiento de los subsidios de revestimiento y tambi\u00e9n sobre el mecanismo de llamado para postular a este subsidio que esperamos se pueda mejorar\u201d.<\/p>\n<p style=\"text-align: justify;\">Raphael tambi\u00e9n insisti\u00f3 en la importancia que estos subsidios no solamente sean destinados a la comuna de Coyhaique, si no que a toda la regi\u00f3n.\u00a0 Adem\u00e1s, destac\u00f3 la relevancia que adquiere tener una mayor eficiencia en los procesos administrativos al interior del Serviu, sumado a la importancia que tienen dichos subsidios para la econom\u00eda y el empleo de la regi\u00f3n.<\/p>\n<\/div><\/section><\/div><div  style='height:50px' class='hr hr-invisible   avia-builder-el-6  el_after_av_one_full  el_before_av_social_share '><span class='hr-inner ' ><span class='hr-inner-style'><\/span><\/span><\/div><\/p>\n<div  class='av-social-sharing-box  avia-builder-el-7  el_after_av_hr  el_before_av_hr  '><div class='av-share-box'><h5 class='av-share-link-description av-no-toc '>Compartir esta noticia<\/h5><ul class='av-share-box-list noLightbox'><li class='av-share-link av-social-link-facebook' ><a target=\"_blank\" aria-label=\"Compartir en Facebook\" href='https:\/\/www.facebook.com\/sharer.php?u=https:\/\/radiorevelacionfm.cl\/?p=43977&#038;t=Diputada%20Raphael%20tras%20reuni%C3%B3n%20con%20ministro%20Montes%20por%20subsidios%20de%20revestimiento%20t%C3%A9rmico%3A%20%E2%80%9CSe%20ha%20comprometido%20a%20aumentar%20de%2050%20a%20400%20los%20subsidios%20durante%20este%20a%C3%B1o%E2%80%9D' aria-hidden='false' data-av_icon='\ue8f3' data-av_iconfont='entypo-fontello' title='' data-avia-related-tooltip='Compartir en Facebook' rel=\"noopener\"><span class='avia_hidden_link_text'>Compartir en Facebook<\/span><\/a><\/li><li class='av-share-link av-social-link-twitter' ><a target=\"_blank\" aria-label=\"Compartir en Twitter\" href='https:\/\/twitter.com\/share?text=Diputada%20Raphael%20tras%20reuni%C3%B3n%20con%20ministro%20Montes%20por%20subsidios%20de%20revestimiento%20t%C3%A9rmico%3A%20%E2%80%9CSe%20ha%20comprometido%20a%20aumentar%20de%2050%20a%20400%20los%20subsidios%20durante%20este%20a%C3%B1o%E2%80%9D&#038;url=https:\/\/radiorevelacionfm.cl\/?p=43977' aria-hidden='false' data-av_icon='\ue8f1' data-av_iconfont='entypo-fontello' title='' data-avia-related-tooltip='Compartir en Twitter' rel=\"noopener\"><span class='avia_hidden_link_text'>Compartir en Twitter<\/span><\/a><\/li><li class='av-share-link av-social-link-whatsapp' ><a target=\"_blank\" aria-label=\"Compartir en Whatsapp\" href='https:\/\/api.whatsapp.com\/send?text=https:\/\/radiorevelacionfm.cl\/?p=43977' aria-hidden='false' data-av_icon='\uf232' data-av_iconfont='entypo-fontello' title='' data-avia-related-tooltip='Compartir en Whatsapp' rel=\"noopener\"><span class='avia_hidden_link_text'>Compartir en Whatsapp<\/span><\/a><\/li><li class='av-share-link av-social-link-linkedin' ><a target=\"_blank\" aria-label=\"Compartir en LinkedIn\" href='https:\/\/linkedin.com\/shareArticle?mini=true&#038;title=Diputada%20Raphael%20tras%20reuni%C3%B3n%20con%20ministro%20Montes%20por%20subsidios%20de%20revestimiento%20t%C3%A9rmico%3A%20%E2%80%9CSe%20ha%20comprometido%20a%20aumentar%20de%2050%20a%20400%20los%20subsidios%20durante%20este%20a%C3%B1o%E2%80%9D&#038;url=https:\/\/radiorevelacionfm.cl\/?p=43977' aria-hidden='false' data-av_icon='\ue8fc' data-av_iconfont='entypo-fontello' title='' data-avia-related-tooltip='Compartir en LinkedIn' rel=\"noopener\"><span class='avia_hidden_link_text'>Compartir en LinkedIn<\/span><\/a><\/li><li class='av-share-link av-social-link-mail' ><a  aria-label=\"Compartir por correo\" href='mailto:?subject=Diputada%20Raphael%20tras%20reuni%C3%B3n%20con%20ministro%20Montes%20por%20subsidios%20de%20revestimiento%20t%C3%A9rmico%3A%20%E2%80%9CSe%20ha%20comprometido%20a%20aumentar%20de%2050%20a%20400%20los%20subsidios%20durante%20este%20a%C3%B1o%E2%80%9D&#038;body=https:\/\/radiorevelacionfm.cl\/?p=43977' aria-hidden='false' data-av_icon='\ue805' data-av_iconfont='entypo-fontello' title='' data-avia-related-tooltip='Compartir por correo'><span class='avia_hidden_link_text'>Compartir por correo<\/span><\/a><\/li><\/ul><\/div><\/div>\n<div  style='height:50px' class='hr hr-invisible   avia-builder-el-8  el_after_av_social_share  el_before_av_comments_list '><span class='hr-inner ' ><span class='hr-inner-style'><\/span><\/span><\/div>\n<div  class='av-buildercomment  av-blog-meta-html-info-disabled av-blog-meta-tag-disabled  '><\/div>\n","protected":false},"excerpt":{"rendered":"","protected":false},"author":1,"featured_media":43978,"comment_status":"open","ping_status":"open","sticky":false,"template":"","format":"standard","meta":{"footnotes":""},"categories":[1],"tags":[],"class_list":["post-43977","post","type-post","status-publish","format-standard","has-post-thumbnail","hentry","category-sin-categoria"],"jetpack_featured_media_url":"https:\/\/radiorevelacionfm.cl\/wp-content\/uploads\/2024\/07\/Foto-Reunion-con-ministro-Montes-1-1.jpeg","_links":{"self":[{"href":"https:\/\/radiorevelacionfm.cl\/index.php?rest_route=\/wp\/v2\/posts\/43977","targetHints":{"allow":["GET"]}}],"collection":[{"href":"https:\/\/radiorevelacionfm.cl\/index.php?rest_route=\/wp\/v2\/posts"}],"about":[{"href":"https:\/\/radiorevelacionfm.cl\/index.php?rest_route=\/wp\/v2\/types\/post"}],"author":[{"embeddable":true,"href":"https:\/\/radiorevelacionfm.cl\/index.php?rest_route=\/wp\/v2\/users\/1"}],"replies":[{"embeddable":true,"href":"https:\/\/radiorevelacionfm.cl\/index.php?rest_route=%2Fwp%2Fv2%2Fcomments&post=43977"}],"version-history":[{"count":1,"href":"https:\/\/radiorevelacionfm.cl\/index.php?rest_route=\/wp\/v2\/posts\/43977\/revisions"}],"predecessor-version":[{"id":43979,"href":"https:\/\/radiorevelacionfm.cl\/index.php?rest_route=\/wp\/v2\/posts\/43977\/revisions\/43979"}],"wp:featuredmedia":[{"embeddable":true,"href":"https:\/\/radiorevelacionfm.cl\/index.php?rest_route=\/wp\/v2\/media\/43978"}],"wp:attachment":[{"href":"https:\/\/radiorevelacionfm.cl\/index.php?rest_route=%2Fwp%2Fv2%2Fmedia&parent=43977"}],"wp:term":[{"taxonomy":"category","embeddable":true,"href":"https:\/\/radiorevelacionfm.cl\/index.php?rest_route=%2Fwp%2Fv2%2Fcategories&post=43977"},{"taxonomy":"post_tag","embeddable":true,"href":"https:\/\/radiorevelacionfm.cl\/index.php?rest_route=%2Fwp%2Fv2%2Ftags&post=43977"}],"curies":[{"name":"wp","href":"https:\/\/api.w.org\/{rel}","templated":true}]}}