{"id":43974,"date":"2024-07-09T11:09:22","date_gmt":"2024-07-09T14:09:22","guid":{"rendered":"https:\/\/radiorevelacionfm.cl\/?p=43974"},"modified":"2024-07-09T11:09:22","modified_gmt":"2024-07-09T14:09:22","slug":"slep-aysen-realiza-trabajo-para-el-fortalecimiento-de-la-transversalizacion-de-genero-del-sistema-educativo-publico","status":"publish","type":"post","link":"https:\/\/radiorevelacionfm.cl\/?p=43974","title":{"rendered":"SLEP Ays\u00e9n realiza trabajo para el fortalecimiento de la transversalizaci\u00f3n de g\u00e9nero del sistema educativo p\u00fablico"},"content":{"rendered":"<div class=\"flex_column av_one_full  flex_column_div av-zero-column-padding first  avia-builder-el-0  el_before_av_one_full  avia-builder-el-first  \" style='border-radius:0px; '><div  class='avia-image-container  av-styling-    avia-builder-el-1  avia-builder-el-no-sibling  avia-align-center '  itemprop=\"image\" itemscope=\"itemscope\" itemtype=\"https:\/\/schema.org\/ImageObject\"  ><div class='avia-image-container-inner'><div class='avia-image-overlay-wrap'><img decoding=\"async\" class='wp-image-43975 avia-img-lazy-loading-not-43975 avia_image' src=\"https:\/\/radiorevelacionfm.cl\/wp-content\/uploads\/2024\/07\/foto-seminario3-1_optimized-1.jpg\" alt='' title='foto-seminario3-(1)_optimized (1)' height=\"600\" width=\"974\"  itemprop=\"thumbnailUrl\" srcset=\"https:\/\/radiorevelacionfm.cl\/wp-content\/uploads\/2024\/07\/foto-seminario3-1_optimized-1.jpg 974w, https:\/\/radiorevelacionfm.cl\/wp-content\/uploads\/2024\/07\/foto-seminario3-1_optimized-1-300x185.jpg 300w, https:\/\/radiorevelacionfm.cl\/wp-content\/uploads\/2024\/07\/foto-seminario3-1_optimized-1-768x473.jpg 768w, https:\/\/radiorevelacionfm.cl\/wp-content\/uploads\/2024\/07\/foto-seminario3-1_optimized-1-705x434.jpg 705w, https:\/\/radiorevelacionfm.cl\/wp-content\/uploads\/2024\/07\/foto-seminario3-1_optimized-1-450x277.jpg 450w, https:\/\/radiorevelacionfm.cl\/wp-content\/uploads\/2024\/07\/foto-seminario3-1_optimized-1-600x370.jpg 600w\" sizes=\"(max-width: 974px) 100vw, 974px\" \/><\/div><\/div><\/div><\/div><div class=\"flex_column av_one_full  flex_column_div av-zero-column-padding first  avia-builder-el-2  el_after_av_one_full  el_before_av_one_full  column-top-margin\" style='border-radius:0px; '><section class=\"av_textblock_section \"  itemscope=\"itemscope\" itemtype=\"https:\/\/schema.org\/BlogPosting\" itemprop=\"blogPost\" ><div class='avia_textblock  '   itemprop=\"text\" ><p style=\"text-align: center;\"><strong><span style=\"font-size: 18pt;\">SLEP Ays\u00e9n realiza trabajo para el fortalecimiento de la transversalizaci\u00f3n de g\u00e9nero del sistema educativo p\u00fablico<\/span><\/strong><\/p>\n<div id=\"gtx-trans\" style=\"position: absolute; left: -50px; top: 4.31534px;\">\n<div class=\"gtx-trans-icon\"><\/div>\n<\/div>\n<\/div><\/section><\/div><div class=\"flex_column av_one_full  flex_column_div av-zero-column-padding first  avia-builder-el-4  el_after_av_one_full  el_before_av_hr  column-top-margin\" style='border-radius:0px; '><section class=\"av_textblock_section \"  itemscope=\"itemscope\" itemtype=\"https:\/\/schema.org\/BlogPosting\" itemprop=\"blogPost\" ><div class='avia_textblock  '   itemprop=\"text\" ><p style=\"text-align: justify;\">En el marco del programa de mejoramiento de la gesti\u00f3n p\u00fablica en materias de g\u00e9nero y diversidades, el Servicio Local de Educaci\u00f3n P\u00fablica Ays\u00e9n, durante el primer semestre de este 2024 ha realizado una serie de medidas que van en directo beneficio de la transversalizaci\u00f3n de g\u00e9nero en el \u00e1mbito educativo p\u00fablico. Una de estas iniciativas tiene relaci\u00f3n con capacitar a sus funcionarios y funcionarias a trav\u00e9s de la plataforma del Servicio Nacional de la Mujer y Equidad de G\u00e9nero en el curso b\u00e1sico para aplicar el enfoque de g\u00e9nero en el Estado, cuyo objetivo es incorporar en el quehacer del servicio pol\u00edticas educativas, programas, evaluaciones y procesos de planificaci\u00f3n con perspectiva de g\u00e9nero.<\/p>\n<p style=\"text-align: justify;\">En esta misma l\u00ednea, el servicio local constituye el pasado 5 de julio el primer comit\u00e9 de g\u00e9nero y diversidades, conformado por la Subdirecci\u00f3n de Apoyo T\u00e9cnico Pedag\u00f3gico, la Subdirecci\u00f3n de Planificaci\u00f3n y Control de Gesti\u00f3n, la Subdirecci\u00f3n de Gesti\u00f3n y Desarrollo de Personas y la Unidad de Vinculaci\u00f3n Territorial y Participaci\u00f3n Ciudadana, con el acompa\u00f1amiento desde el Ministerio de la Mujer y Equidad de G\u00e9nero.<\/p>\n<p style=\"text-align: justify;\">Otra acci\u00f3n enmarcada en esta importante iniciativa es la sociabilizaci\u00f3n con los equipos directivos de los establecimientos educacionales p\u00fablicos de las orientaciones para uso de lenguaje inclusivo y no sexista elaborado por el departamento de g\u00e9nero del Ministerio de Educaci\u00f3n, con el objetivo de ir avanzando en disminuir las inequidades, brechas, estereotipos y sesgos que determinan el acceso, permanencia y proyecciones de ni\u00f1os, ni\u00f1as y j\u00f3venes durante su trayectoria educativa.<\/p>\n<p style=\"text-align: justify;\">Para el director ejecutivo del SLEP Ays\u00e9n, Sebasti\u00e1n Gonz\u00e1lez \u201cLa educaci\u00f3n p\u00fablica debe ser garante del derecho a la educaci\u00f3n, pero tambi\u00e9n debe proporcionar que esta se lleve a cabo en espacios seguros y en condiciones igualitarias. En este sentido, nuestro servicio se construye en el principio educativo de bienestar, igualdad en el trato e integraci\u00f3n en todos los niveles educativos de nuestro sistema escolar.\u00a0Hoy como servicio enfrentamos este nuevo desaf\u00edo que nos invita a construir una nueva educaci\u00f3n p\u00fablica, la que no solo debe ser una frase sin sentido, debe ser una invitaci\u00f3n a la transformaci\u00f3n de nuevos espacios educativos m\u00e1s respetuosos, justos y libres de discriminaci\u00f3n\u201d.<\/p>\n<p style=\"text-align: justify;\">Finalmente y como cierre del primer semestre, el SLEP Ays\u00e9n realiz\u00f3 el seminario de \u201cSensibilizaci\u00f3n acompa\u00f1amiento a infancias y adolescencias diversas, en el \u00e1mbito educativo\u201d, instancia que tuvo por objetivo el generar un espacio de reflexi\u00f3n en torno al acompa\u00f1amiento a las infancias y adolescencias trans, garantizando el derecho a la identidad de g\u00e9nero de ni\u00f1os, ni\u00f1as y estudiantes, resguardando los derechos, la dignidad, condiciones de bienestar, igualdad de trato integraci\u00f3n e inclusi\u00f3n, proporcionando las medidas b\u00e1sicas de apoyo a los establecimiento en esta importante materia. La actividad cont\u00f3 con la participaci\u00f3n de 120 funcionarios y funcionarias de jardines, escuelas y liceos de la comuna de Coyhaique, quienes se capacitaron en el contenido de la circular N\u00b0812 de la Superintendencia de Educaci\u00f3n, la que resguarda los derechos de infancias y adolescencia trans, actividad que llev\u00f3 a cabo en conjunto con las redes de apoyo Corporaci\u00f3n Opci\u00f3n y Programa \u201cCrece con Orgullo\u201d del Servicio de Salud de Ays\u00e9n.<\/p>\n<\/div><\/section><\/div><div  style='height:50px' class='hr hr-invisible   avia-builder-el-6  el_after_av_one_full  el_before_av_social_share '><span class='hr-inner ' ><span class='hr-inner-style'><\/span><\/span><\/div><\/p>\n<div  class='av-social-sharing-box  avia-builder-el-7  el_after_av_hr  el_before_av_hr  '><div class='av-share-box'><h5 class='av-share-link-description av-no-toc '>Compartir esta noticia<\/h5><ul class='av-share-box-list noLightbox'><li class='av-share-link av-social-link-facebook' ><a target=\"_blank\" aria-label=\"Compartir en Facebook\" href='https:\/\/www.facebook.com\/sharer.php?u=https:\/\/radiorevelacionfm.cl\/?p=43974&#038;t=SLEP%20Ays%C3%A9n%20realiza%20trabajo%20para%20el%20fortalecimiento%20de%20la%20transversalizaci%C3%B3n%20de%20g%C3%A9nero%20del%20sistema%20educativo%20p%C3%BAblico' aria-hidden='false' data-av_icon='\ue8f3' data-av_iconfont='entypo-fontello' title='' data-avia-related-tooltip='Compartir en Facebook' rel=\"noopener\"><span class='avia_hidden_link_text'>Compartir en Facebook<\/span><\/a><\/li><li class='av-share-link av-social-link-twitter' ><a target=\"_blank\" aria-label=\"Compartir en Twitter\" href='https:\/\/twitter.com\/share?text=SLEP%20Ays%C3%A9n%20realiza%20trabajo%20para%20el%20fortalecimiento%20de%20la%20transversalizaci%C3%B3n%20de%20g%C3%A9nero%20del%20sistema%20educativo%20p%C3%BAblico&#038;url=https:\/\/radiorevelacionfm.cl\/?p=43974' aria-hidden='false' data-av_icon='\ue8f1' data-av_iconfont='entypo-fontello' title='' data-avia-related-tooltip='Compartir en Twitter' rel=\"noopener\"><span class='avia_hidden_link_text'>Compartir en Twitter<\/span><\/a><\/li><li class='av-share-link av-social-link-whatsapp' ><a target=\"_blank\" aria-label=\"Compartir en Whatsapp\" href='https:\/\/api.whatsapp.com\/send?text=https:\/\/radiorevelacionfm.cl\/?p=43974' aria-hidden='false' data-av_icon='\uf232' data-av_iconfont='entypo-fontello' title='' data-avia-related-tooltip='Compartir en Whatsapp' rel=\"noopener\"><span class='avia_hidden_link_text'>Compartir en Whatsapp<\/span><\/a><\/li><li class='av-share-link av-social-link-linkedin' ><a target=\"_blank\" aria-label=\"Compartir en LinkedIn\" href='https:\/\/linkedin.com\/shareArticle?mini=true&#038;title=SLEP%20Ays%C3%A9n%20realiza%20trabajo%20para%20el%20fortalecimiento%20de%20la%20transversalizaci%C3%B3n%20de%20g%C3%A9nero%20del%20sistema%20educativo%20p%C3%BAblico&#038;url=https:\/\/radiorevelacionfm.cl\/?p=43974' aria-hidden='false' data-av_icon='\ue8fc' data-av_iconfont='entypo-fontello' title='' data-avia-related-tooltip='Compartir en LinkedIn' rel=\"noopener\"><span class='avia_hidden_link_text'>Compartir en LinkedIn<\/span><\/a><\/li><li class='av-share-link av-social-link-mail' ><a  aria-label=\"Compartir por correo\" href='mailto:?subject=SLEP%20Ays%C3%A9n%20realiza%20trabajo%20para%20el%20fortalecimiento%20de%20la%20transversalizaci%C3%B3n%20de%20g%C3%A9nero%20del%20sistema%20educativo%20p%C3%BAblico&#038;body=https:\/\/radiorevelacionfm.cl\/?p=43974' aria-hidden='false' data-av_icon='\ue805' data-av_iconfont='entypo-fontello' title='' data-avia-related-tooltip='Compartir por correo'><span class='avia_hidden_link_text'>Compartir por correo<\/span><\/a><\/li><\/ul><\/div><\/div>\n<div  style='height:50px' class='hr hr-invisible   avia-builder-el-8  el_after_av_social_share  el_before_av_comments_list '><span class='hr-inner ' ><span class='hr-inner-style'><\/span><\/span><\/div>\n<div  class='av-buildercomment  av-blog-meta-html-info-disabled av-blog-meta-tag-disabled  '><\/div>\n","protected":false},"excerpt":{"rendered":"","protected":false},"author":1,"featured_media":43975,"comment_status":"open","ping_status":"open","sticky":false,"template":"","format":"standard","meta":{"footnotes":""},"categories":[49],"tags":[],"class_list":["post-43974","post","type-post","status-publish","format-standard","has-post-thumbnail","hentry","category-educacion"],"jetpack_featured_media_url":"https:\/\/radiorevelacionfm.cl\/wp-content\/uploads\/2024\/07\/foto-seminario3-1_optimized-1.jpg","_links":{"self":[{"href":"https:\/\/radiorevelacionfm.cl\/index.php?rest_route=\/wp\/v2\/posts\/43974","targetHints":{"allow":["GET"]}}],"collection":[{"href":"https:\/\/radiorevelacionfm.cl\/index.php?rest_route=\/wp\/v2\/posts"}],"about":[{"href":"https:\/\/radiorevelacionfm.cl\/index.php?rest_route=\/wp\/v2\/types\/post"}],"author":[{"embeddable":true,"href":"https:\/\/radiorevelacionfm.cl\/index.php?rest_route=\/wp\/v2\/users\/1"}],"replies":[{"embeddable":true,"href":"https:\/\/radiorevelacionfm.cl\/index.php?rest_route=%2Fwp%2Fv2%2Fcomments&post=43974"}],"version-history":[{"count":1,"href":"https:\/\/radiorevelacionfm.cl\/index.php?rest_route=\/wp\/v2\/posts\/43974\/revisions"}],"predecessor-version":[{"id":43976,"href":"https:\/\/radiorevelacionfm.cl\/index.php?rest_route=\/wp\/v2\/posts\/43974\/revisions\/43976"}],"wp:featuredmedia":[{"embeddable":true,"href":"https:\/\/radiorevelacionfm.cl\/index.php?rest_route=\/wp\/v2\/media\/43975"}],"wp:attachment":[{"href":"https:\/\/radiorevelacionfm.cl\/index.php?rest_route=%2Fwp%2Fv2%2Fmedia&parent=43974"}],"wp:term":[{"taxonomy":"category","embeddable":true,"href":"https:\/\/radiorevelacionfm.cl\/index.php?rest_route=%2Fwp%2Fv2%2Fcategories&post=43974"},{"taxonomy":"post_tag","embeddable":true,"href":"https:\/\/radiorevelacionfm.cl\/index.php?rest_route=%2Fwp%2Fv2%2Ftags&post=43974"}],"curies":[{"name":"wp","href":"https:\/\/api.w.org\/{rel}","templated":true}]}}