{"id":43971,"date":"2024-07-08T18:04:13","date_gmt":"2024-07-08T21:04:13","guid":{"rendered":"https:\/\/radiorevelacionfm.cl\/?p=43971"},"modified":"2024-07-08T18:04:13","modified_gmt":"2024-07-08T21:04:13","slug":"condenan-a-imputado-a-12-anos-de-presidio-como-autor-de-abuso-sexual-reiterado-de-su-hija","status":"publish","type":"post","link":"https:\/\/radiorevelacionfm.cl\/?p=43971","title":{"rendered":"Condenan a imputado a 12 a\u00f1os de presidio como autor de abuso sexual reiterado de su hija"},"content":{"rendered":"<div class=\"flex_column av_one_full  flex_column_div av-zero-column-padding first  avia-builder-el-0  el_before_av_one_full  avia-builder-el-first  \" style='border-radius:0px; '><div  class='avia-image-container  av-styling-    avia-builder-el-1  avia-builder-el-no-sibling  avia-align-center '  itemprop=\"image\" itemscope=\"itemscope\" itemtype=\"https:\/\/schema.org\/ImageObject\"  ><div class='avia-image-container-inner'><div class='avia-image-overlay-wrap'><img decoding=\"async\" class='wp-image-43972 avia-img-lazy-loading-not-43972 avia_image' src=\"https:\/\/radiorevelacionfm.cl\/wp-content\/uploads\/2024\/07\/Fiscalia-Cisnes-1-1.jpg\" alt='' title='Fiscalia Cisnes (1) (1)' height=\"600\" width=\"899\"  itemprop=\"thumbnailUrl\" srcset=\"https:\/\/radiorevelacionfm.cl\/wp-content\/uploads\/2024\/07\/Fiscalia-Cisnes-1-1.jpg 899w, https:\/\/radiorevelacionfm.cl\/wp-content\/uploads\/2024\/07\/Fiscalia-Cisnes-1-1-300x200.jpg 300w, https:\/\/radiorevelacionfm.cl\/wp-content\/uploads\/2024\/07\/Fiscalia-Cisnes-1-1-768x513.jpg 768w, https:\/\/radiorevelacionfm.cl\/wp-content\/uploads\/2024\/07\/Fiscalia-Cisnes-1-1-705x471.jpg 705w, https:\/\/radiorevelacionfm.cl\/wp-content\/uploads\/2024\/07\/Fiscalia-Cisnes-1-1-450x300.jpg 450w, https:\/\/radiorevelacionfm.cl\/wp-content\/uploads\/2024\/07\/Fiscalia-Cisnes-1-1-600x400.jpg 600w\" sizes=\"(max-width: 899px) 100vw, 899px\" \/><\/div><\/div><\/div><\/div><div class=\"flex_column av_one_full  flex_column_div av-zero-column-padding first  avia-builder-el-2  el_after_av_one_full  el_before_av_one_full  column-top-margin\" style='border-radius:0px; '><section class=\"av_textblock_section \"  itemscope=\"itemscope\" itemtype=\"https:\/\/schema.org\/BlogPosting\" itemprop=\"blogPost\" ><div class='avia_textblock  '   itemprop=\"text\" ><p style=\"text-align: center;\"><span style=\"font-size: 18pt;\"><b>Condenan a imputado a 12 a\u00f1os de presidio como autor de abuso sexual reiterado de su hija<\/b><\/span><\/p>\n<div id=\"gtx-trans\" style=\"position: absolute; left: -50px; top: 4.31534px;\">\n<div class=\"gtx-trans-icon\"><\/div>\n<\/div>\n<\/div><\/section><\/div><div class=\"flex_column av_one_full  flex_column_div av-zero-column-padding first  avia-builder-el-4  el_after_av_one_full  el_before_av_hr  column-top-margin\" style='border-radius:0px; '><section class=\"av_textblock_section \"  itemscope=\"itemscope\" itemtype=\"https:\/\/schema.org\/BlogPosting\" itemprop=\"blogPost\" ><div class='avia_textblock  '   itemprop=\"text\" ><p style=\"font-weight: 400; text-align: justify;\">Hechos ocurrieron entre los a\u00f1os 2022 y 2023 en Villa Ma\u00f1ihuales, Puerto Ays\u00e9n y Coyhaique.<\/p>\n<p style=\"font-weight: 400; text-align: justify;\">La Fiscal\u00eda Local de Ays\u00e9n y Cisnes obtuvo una sentencia condenatoria en contra de un imputado de 43 a\u00f1os, oriundo de Puerto Cisnes, como autor del delito de abuso sexual reiterado en contra de su hija de 11 a\u00f1os -al momento de iniciarse las agresiones-, las cuales se prolongaron entre los a\u00f1os 2022 y 2023. Las diligencias investigativas de este caso fueron solicitadas por la Fiscal\u00eda a la Brigada de Delitos Sexuales de la PDI y las pericias sexol\u00f3gicas al Servicio M\u00e9dico Legal.<\/p>\n<p style=\"font-weight: 400; text-align: justify;\">Seg\u00fan explic\u00f3 el fiscal jefe de la Fiscal\u00eda Ays\u00e9n-Cisnes, Pedro Poblete, \u201cel Tribunal Oral de lo Penal de Coyhaique dio a conocer la sentencia condenatoria en contra del imputado como autor del delito de abuso sexual reiterado. Estos delitos, como as\u00ed fueron establecidos en la audiencia de juicio oral, ocurrieron en la localidad de Ma\u00f1ihuales, Ays\u00e9n y Coyhaique\u201d.<\/p>\n<p style=\"font-weight: 400; text-align: justify;\">El fiscal del Ministerio P\u00fablico agreg\u00f3 que \u201cse conden\u00f3 en relaci\u00f3n a la reiteraci\u00f3n y al hecho de encontrarse \u00e9l a cargo del cuidado de la menor afectada, a una pena de 12 a\u00f1os de presidio mayor en su grado medio\u201d.<\/p>\n<p style=\"font-weight: 400; text-align: justify;\">\u201cEsta pena deber\u00e1 ser cumplida \u00edntegramente en un centro de Gendarmer\u00eda de Chile. Adem\u00e1s, fue condenado al pago una indemnizaci\u00f3n de 80 millones de pesos en favor de la v\u00edctima y su grupo familiar\u201d, finaliz\u00f3 el fiscal jefe de la Fiscal\u00eda Local de Puerto Ays\u00e9n y Cisnes.<\/p>\n<\/div><\/section><\/div><div  style='height:50px' class='hr hr-invisible   avia-builder-el-6  el_after_av_one_full  el_before_av_social_share '><span class='hr-inner ' ><span class='hr-inner-style'><\/span><\/span><\/div><\/p>\n<div  class='av-social-sharing-box  avia-builder-el-7  el_after_av_hr  el_before_av_hr  '><div class='av-share-box'><h5 class='av-share-link-description av-no-toc '>Compartir esta noticia<\/h5><ul class='av-share-box-list noLightbox'><li class='av-share-link av-social-link-facebook' ><a target=\"_blank\" aria-label=\"Compartir en Facebook\" href='https:\/\/www.facebook.com\/sharer.php?u=https:\/\/radiorevelacionfm.cl\/?p=43971&#038;t=Condenan%20a%20imputado%20a%2012%20a%C3%B1os%20de%20presidio%20como%20autor%20de%20abuso%20sexual%20reiterado%20de%20su%20hija' aria-hidden='false' data-av_icon='\ue8f3' data-av_iconfont='entypo-fontello' title='' data-avia-related-tooltip='Compartir en Facebook' rel=\"noopener\"><span class='avia_hidden_link_text'>Compartir en Facebook<\/span><\/a><\/li><li class='av-share-link av-social-link-twitter' ><a target=\"_blank\" aria-label=\"Compartir en Twitter\" href='https:\/\/twitter.com\/share?text=Condenan%20a%20imputado%20a%2012%20a%C3%B1os%20de%20presidio%20como%20autor%20de%20abuso%20sexual%20reiterado%20de%20su%20hija&#038;url=https:\/\/radiorevelacionfm.cl\/?p=43971' aria-hidden='false' data-av_icon='\ue8f1' data-av_iconfont='entypo-fontello' title='' data-avia-related-tooltip='Compartir en Twitter' rel=\"noopener\"><span class='avia_hidden_link_text'>Compartir en Twitter<\/span><\/a><\/li><li class='av-share-link av-social-link-whatsapp' ><a target=\"_blank\" aria-label=\"Compartir en Whatsapp\" href='https:\/\/api.whatsapp.com\/send?text=https:\/\/radiorevelacionfm.cl\/?p=43971' aria-hidden='false' data-av_icon='\uf232' data-av_iconfont='entypo-fontello' title='' data-avia-related-tooltip='Compartir en Whatsapp' rel=\"noopener\"><span class='avia_hidden_link_text'>Compartir en Whatsapp<\/span><\/a><\/li><li class='av-share-link av-social-link-linkedin' ><a target=\"_blank\" aria-label=\"Compartir en LinkedIn\" href='https:\/\/linkedin.com\/shareArticle?mini=true&#038;title=Condenan%20a%20imputado%20a%2012%20a%C3%B1os%20de%20presidio%20como%20autor%20de%20abuso%20sexual%20reiterado%20de%20su%20hija&#038;url=https:\/\/radiorevelacionfm.cl\/?p=43971' aria-hidden='false' data-av_icon='\ue8fc' data-av_iconfont='entypo-fontello' title='' data-avia-related-tooltip='Compartir en LinkedIn' rel=\"noopener\"><span class='avia_hidden_link_text'>Compartir en LinkedIn<\/span><\/a><\/li><li class='av-share-link av-social-link-mail' ><a  aria-label=\"Compartir por correo\" href='mailto:?subject=Condenan%20a%20imputado%20a%2012%20a%C3%B1os%20de%20presidio%20como%20autor%20de%20abuso%20sexual%20reiterado%20de%20su%20hija&#038;body=https:\/\/radiorevelacionfm.cl\/?p=43971' aria-hidden='false' data-av_icon='\ue805' data-av_iconfont='entypo-fontello' title='' data-avia-related-tooltip='Compartir por correo'><span class='avia_hidden_link_text'>Compartir por correo<\/span><\/a><\/li><\/ul><\/div><\/div>\n<div  style='height:50px' class='hr hr-invisible   avia-builder-el-8  el_after_av_social_share  el_before_av_comments_list '><span class='hr-inner ' ><span class='hr-inner-style'><\/span><\/span><\/div>\n<div  class='av-buildercomment  av-blog-meta-html-info-disabled av-blog-meta-tag-disabled  '><\/div>\n","protected":false},"excerpt":{"rendered":"","protected":false},"author":1,"featured_media":43972,"comment_status":"open","ping_status":"open","sticky":false,"template":"","format":"standard","meta":{"footnotes":""},"categories":[55],"tags":[],"class_list":["post-43971","post","type-post","status-publish","format-standard","has-post-thumbnail","hentry","category-justicia"],"jetpack_featured_media_url":"https:\/\/radiorevelacionfm.cl\/wp-content\/uploads\/2024\/07\/Fiscalia-Cisnes-1-1.jpg","_links":{"self":[{"href":"https:\/\/radiorevelacionfm.cl\/index.php?rest_route=\/wp\/v2\/posts\/43971","targetHints":{"allow":["GET"]}}],"collection":[{"href":"https:\/\/radiorevelacionfm.cl\/index.php?rest_route=\/wp\/v2\/posts"}],"about":[{"href":"https:\/\/radiorevelacionfm.cl\/index.php?rest_route=\/wp\/v2\/types\/post"}],"author":[{"embeddable":true,"href":"https:\/\/radiorevelacionfm.cl\/index.php?rest_route=\/wp\/v2\/users\/1"}],"replies":[{"embeddable":true,"href":"https:\/\/radiorevelacionfm.cl\/index.php?rest_route=%2Fwp%2Fv2%2Fcomments&post=43971"}],"version-history":[{"count":1,"href":"https:\/\/radiorevelacionfm.cl\/index.php?rest_route=\/wp\/v2\/posts\/43971\/revisions"}],"predecessor-version":[{"id":43973,"href":"https:\/\/radiorevelacionfm.cl\/index.php?rest_route=\/wp\/v2\/posts\/43971\/revisions\/43973"}],"wp:featuredmedia":[{"embeddable":true,"href":"https:\/\/radiorevelacionfm.cl\/index.php?rest_route=\/wp\/v2\/media\/43972"}],"wp:attachment":[{"href":"https:\/\/radiorevelacionfm.cl\/index.php?rest_route=%2Fwp%2Fv2%2Fmedia&parent=43971"}],"wp:term":[{"taxonomy":"category","embeddable":true,"href":"https:\/\/radiorevelacionfm.cl\/index.php?rest_route=%2Fwp%2Fv2%2Fcategories&post=43971"},{"taxonomy":"post_tag","embeddable":true,"href":"https:\/\/radiorevelacionfm.cl\/index.php?rest_route=%2Fwp%2Fv2%2Ftags&post=43971"}],"curies":[{"name":"wp","href":"https:\/\/api.w.org\/{rel}","templated":true}]}}