{"id":43968,"date":"2024-07-08T17:26:14","date_gmt":"2024-07-08T20:26:14","guid":{"rendered":"https:\/\/radiorevelacionfm.cl\/?p=43968"},"modified":"2024-07-08T17:26:14","modified_gmt":"2024-07-08T20:26:14","slug":"servicio-del-patrimonio-lleva-talleres-de-tejueleria-artesanal-a-comunidades-escolares","status":"publish","type":"post","link":"https:\/\/radiorevelacionfm.cl\/?p=43968","title":{"rendered":"Servicio del Patrimonio lleva talleres de tejueler\u00eda artesanal a comunidades escolares"},"content":{"rendered":"<div class=\"flex_column av_one_full  flex_column_div av-zero-column-padding first  avia-builder-el-0  el_before_av_one_full  avia-builder-el-first  \" style='border-radius:0px; '><div  class='avia-image-container  av-styling-    avia-builder-el-1  avia-builder-el-no-sibling  avia-align-center '  itemprop=\"image\" itemscope=\"itemscope\" itemtype=\"https:\/\/schema.org\/ImageObject\"  ><div class='avia-image-container-inner'><div class='avia-image-overlay-wrap'><img decoding=\"async\" class='wp-image-43969 avia-img-lazy-loading-not-43969 avia_image' src=\"https:\/\/radiorevelacionfm.cl\/wp-content\/uploads\/2024\/07\/tejueleria-escuela-altamira1-1_optimized.jpeg\" alt='' title='tejueleria-escuela-altamira1-(1)_optimized' height=\"600\" width=\"966\"  itemprop=\"thumbnailUrl\" srcset=\"https:\/\/radiorevelacionfm.cl\/wp-content\/uploads\/2024\/07\/tejueleria-escuela-altamira1-1_optimized.jpeg 966w, https:\/\/radiorevelacionfm.cl\/wp-content\/uploads\/2024\/07\/tejueleria-escuela-altamira1-1_optimized-300x186.jpeg 300w, https:\/\/radiorevelacionfm.cl\/wp-content\/uploads\/2024\/07\/tejueleria-escuela-altamira1-1_optimized-768x477.jpeg 768w, https:\/\/radiorevelacionfm.cl\/wp-content\/uploads\/2024\/07\/tejueleria-escuela-altamira1-1_optimized-705x438.jpeg 705w, https:\/\/radiorevelacionfm.cl\/wp-content\/uploads\/2024\/07\/tejueleria-escuela-altamira1-1_optimized-450x280.jpeg 450w, https:\/\/radiorevelacionfm.cl\/wp-content\/uploads\/2024\/07\/tejueleria-escuela-altamira1-1_optimized-600x373.jpeg 600w\" sizes=\"(max-width: 966px) 100vw, 966px\" \/><\/div><\/div><\/div><\/div><div class=\"flex_column av_one_full  flex_column_div av-zero-column-padding first  avia-builder-el-2  el_after_av_one_full  el_before_av_one_full  column-top-margin\" style='border-radius:0px; '><section class=\"av_textblock_section \"  itemscope=\"itemscope\" itemtype=\"https:\/\/schema.org\/BlogPosting\" itemprop=\"blogPost\" ><div class='avia_textblock  '   itemprop=\"text\" ><p style=\"text-align: center;\"><span style=\"font-size: 18pt;\"><b>Servicio del Patrimonio lleva talleres de tejueler\u00eda artesanal a comunidades escolares<\/b><\/span><\/p>\n<div id=\"gtx-trans\" style=\"position: absolute; left: -50px; top: 4.31534px;\">\n<div class=\"gtx-trans-icon\"><\/div>\n<\/div>\n<\/div><\/section><\/div><div class=\"flex_column av_one_full  flex_column_div av-zero-column-padding first  avia-builder-el-4  el_after_av_one_full  el_before_av_hr  column-top-margin\" style='border-radius:0px; '><section class=\"av_textblock_section \"  itemscope=\"itemscope\" itemtype=\"https:\/\/schema.org\/BlogPosting\" itemprop=\"blogPost\" ><div class='avia_textblock  '   itemprop=\"text\" ><p style=\"text-align: justify;\">\u201cEs fundamental que el patrimonio de nuestra Regi\u00f3n de Ays\u00e9n llene las salas de clases, los centros de recursos del aprendizaje, y se quede en los espacios escolares, como parte de los procesos de las comunidades educativas\u201d, dice el seremi de Culturas Ays\u00e9n, Felipe Quiroz, tras conocer los resultados del Taller Portadores de Tradici\u00f3n en Tejueler\u00eda Artesanal en la Escuela Altamira de Coyhaique.<\/p>\n<p style=\"text-align: justify;\">El seremi explica que \u201cestos talleres contribuyen al reconocimiento y a poner en valor nuestro patrimonio local, esta vez, mediante la ense\u00f1anza de un oficio tradicional como es la tejueler\u00eda. Adem\u00e1s, las y los estudiantes acceden a conocimientos sobre las materias primas y la historia del oficio\u201d.<\/p>\n<p style=\"text-align: justify;\">Las acciones educativas\u00a0que componen este taller promueven el conocimiento y la salvaguardia de las\u00a0manifestaciones, as\u00ed como habilidades para el di\u00e1logo intercultural, y el an\u00e1lisis cr\u00edtico del\u00a0patrimonio inmaterial en ni\u00f1as y ni\u00f1os de establecimientos educacionales.<\/p>\n<p style=\"text-align: justify;\">El Taller de Tejueler\u00eda estuvo a cargo del artesano tejuelero y Tesoro Humano Vivo 2022, Carlos Castillo Levicoy, quien explic\u00f3 que se trata de una instancia de difusi\u00f3n asociada a la identidad y a los espacios escolares: \u201cLa tejuela ha sido muy importante para visibilizar estos conceptos en la comunidad educativa y que ellos vean que a trav\u00e9s de la madera, que ha sido un elemento muy importante en la Regi\u00f3n de Aysen, toda la historia est\u00e1 ligada a este material. El trabajo con los ni\u00f1os se bas\u00f3 en algo general, habl\u00e1ndoles sobre c\u00f3mo crece el bosque y la importancia que tiene; c\u00f3mo se produce la madera y c\u00f3mo a trav\u00e9s de ella podemos hacer este tipo de elementos como la tejuela; y c\u00f3mo luego las tejuelas se transforman en un material importante para poder construir nuestros refugios, nuestras casas\u201d.<\/p>\n<p style=\"text-align: justify;\">Leslie Becker particip\u00f3 en el taller en su calidad de coordinadora de la Biblioteca CRA de la Escuela Altamira de Coyhaique: \u201cUno de los sellos de la escuela es la familia, el patrimonio y la educaci\u00f3n hol\u00edstica, dando integralidad a la educaci\u00f3n de los estudiantes. Nace esta idea desde la perspectiva de mostrar a los estudiantes todo lo que es la salvaguarda del patrimonio regional. Tratar de que ellos empiecen a valorar su cultura y que esta pueda perdurar en el tiempo a trav\u00e9s de lo que ellos van encontrando\u201d.<\/p>\n<p style=\"text-align: justify;\">La participaci\u00f3n directa de cultoras y cultores permite que estos talleres cuenten con fuentes primarias para que las y los estudiantes se involucren con mayor inter\u00e9s. El\u00a0ciclo de talleres fue de\u00a010 sesiones con 10 ni\u00f1os y ni\u00f1as de distintos niveles de la Escuela Altamira. Hubo conversatorios, sesiones pr\u00e1cticas y recorridos patrimoniales. Adem\u00e1s de Carlos Castillo Levicoy, acompa\u00f1aron el proceso el equipo de Patrimonio Cultural Inmaterial del Servicio de Patrimonio Ays\u00e9n y el del Centro de Recursos de Aprendizaje Altamira.<\/p>\n<\/div><\/section><\/div><div  style='height:50px' class='hr hr-invisible   avia-builder-el-6  el_after_av_one_full  el_before_av_social_share '><span class='hr-inner ' ><span class='hr-inner-style'><\/span><\/span><\/div><\/p>\n<div  class='av-social-sharing-box  avia-builder-el-7  el_after_av_hr  el_before_av_hr  '><div class='av-share-box'><h5 class='av-share-link-description av-no-toc '>Compartir esta noticia<\/h5><ul class='av-share-box-list noLightbox'><li class='av-share-link av-social-link-facebook' ><a target=\"_blank\" aria-label=\"Compartir en Facebook\" href='https:\/\/www.facebook.com\/sharer.php?u=https:\/\/radiorevelacionfm.cl\/?p=43968&#038;t=Servicio%20del%20Patrimonio%20lleva%20talleres%20de%20tejueler%C3%ADa%20artesanal%20a%20comunidades%20escolares' aria-hidden='false' data-av_icon='\ue8f3' data-av_iconfont='entypo-fontello' title='' data-avia-related-tooltip='Compartir en Facebook' rel=\"noopener\"><span class='avia_hidden_link_text'>Compartir en Facebook<\/span><\/a><\/li><li class='av-share-link av-social-link-twitter' ><a target=\"_blank\" aria-label=\"Compartir en Twitter\" href='https:\/\/twitter.com\/share?text=Servicio%20del%20Patrimonio%20lleva%20talleres%20de%20tejueler%C3%ADa%20artesanal%20a%20comunidades%20escolares&#038;url=https:\/\/radiorevelacionfm.cl\/?p=43968' aria-hidden='false' data-av_icon='\ue8f1' data-av_iconfont='entypo-fontello' title='' data-avia-related-tooltip='Compartir en Twitter' rel=\"noopener\"><span class='avia_hidden_link_text'>Compartir en Twitter<\/span><\/a><\/li><li class='av-share-link av-social-link-whatsapp' ><a target=\"_blank\" aria-label=\"Compartir en Whatsapp\" href='https:\/\/api.whatsapp.com\/send?text=https:\/\/radiorevelacionfm.cl\/?p=43968' aria-hidden='false' data-av_icon='\uf232' data-av_iconfont='entypo-fontello' title='' data-avia-related-tooltip='Compartir en Whatsapp' rel=\"noopener\"><span class='avia_hidden_link_text'>Compartir en Whatsapp<\/span><\/a><\/li><li class='av-share-link av-social-link-linkedin' ><a target=\"_blank\" aria-label=\"Compartir en LinkedIn\" href='https:\/\/linkedin.com\/shareArticle?mini=true&#038;title=Servicio%20del%20Patrimonio%20lleva%20talleres%20de%20tejueler%C3%ADa%20artesanal%20a%20comunidades%20escolares&#038;url=https:\/\/radiorevelacionfm.cl\/?p=43968' aria-hidden='false' data-av_icon='\ue8fc' data-av_iconfont='entypo-fontello' title='' data-avia-related-tooltip='Compartir en LinkedIn' rel=\"noopener\"><span class='avia_hidden_link_text'>Compartir en LinkedIn<\/span><\/a><\/li><li class='av-share-link av-social-link-mail' ><a  aria-label=\"Compartir por correo\" href='mailto:?subject=Servicio%20del%20Patrimonio%20lleva%20talleres%20de%20tejueler%C3%ADa%20artesanal%20a%20comunidades%20escolares&#038;body=https:\/\/radiorevelacionfm.cl\/?p=43968' aria-hidden='false' data-av_icon='\ue805' data-av_iconfont='entypo-fontello' title='' data-avia-related-tooltip='Compartir por correo'><span class='avia_hidden_link_text'>Compartir por correo<\/span><\/a><\/li><\/ul><\/div><\/div>\n<div  style='height:50px' class='hr hr-invisible   avia-builder-el-8  el_after_av_social_share  el_before_av_comments_list '><span class='hr-inner ' ><span class='hr-inner-style'><\/span><\/span><\/div>\n<div  class='av-buildercomment  av-blog-meta-html-info-disabled av-blog-meta-tag-disabled  '><\/div>\n","protected":false},"excerpt":{"rendered":"","protected":false},"author":1,"featured_media":43969,"comment_status":"open","ping_status":"open","sticky":false,"template":"","format":"standard","meta":{"footnotes":""},"categories":[52],"tags":[],"class_list":["post-43968","post","type-post","status-publish","format-standard","has-post-thumbnail","hentry","category-cultura"],"jetpack_featured_media_url":"https:\/\/radiorevelacionfm.cl\/wp-content\/uploads\/2024\/07\/tejueleria-escuela-altamira1-1_optimized.jpeg","_links":{"self":[{"href":"https:\/\/radiorevelacionfm.cl\/index.php?rest_route=\/wp\/v2\/posts\/43968","targetHints":{"allow":["GET"]}}],"collection":[{"href":"https:\/\/radiorevelacionfm.cl\/index.php?rest_route=\/wp\/v2\/posts"}],"about":[{"href":"https:\/\/radiorevelacionfm.cl\/index.php?rest_route=\/wp\/v2\/types\/post"}],"author":[{"embeddable":true,"href":"https:\/\/radiorevelacionfm.cl\/index.php?rest_route=\/wp\/v2\/users\/1"}],"replies":[{"embeddable":true,"href":"https:\/\/radiorevelacionfm.cl\/index.php?rest_route=%2Fwp%2Fv2%2Fcomments&post=43968"}],"version-history":[{"count":1,"href":"https:\/\/radiorevelacionfm.cl\/index.php?rest_route=\/wp\/v2\/posts\/43968\/revisions"}],"predecessor-version":[{"id":43970,"href":"https:\/\/radiorevelacionfm.cl\/index.php?rest_route=\/wp\/v2\/posts\/43968\/revisions\/43970"}],"wp:featuredmedia":[{"embeddable":true,"href":"https:\/\/radiorevelacionfm.cl\/index.php?rest_route=\/wp\/v2\/media\/43969"}],"wp:attachment":[{"href":"https:\/\/radiorevelacionfm.cl\/index.php?rest_route=%2Fwp%2Fv2%2Fmedia&parent=43968"}],"wp:term":[{"taxonomy":"category","embeddable":true,"href":"https:\/\/radiorevelacionfm.cl\/index.php?rest_route=%2Fwp%2Fv2%2Fcategories&post=43968"},{"taxonomy":"post_tag","embeddable":true,"href":"https:\/\/radiorevelacionfm.cl\/index.php?rest_route=%2Fwp%2Fv2%2Ftags&post=43968"}],"curies":[{"name":"wp","href":"https:\/\/api.w.org\/{rel}","templated":true}]}}