{"id":43966,"date":"2024-07-09T12:58:33","date_gmt":"2024-07-09T15:58:33","guid":{"rendered":"https:\/\/radiorevelacionfm.cl\/?p=43966"},"modified":"2024-07-09T12:58:33","modified_gmt":"2024-07-09T15:58:33","slug":"sandoval-llama-a-estructura-publica-regional-a-apoyar-postulacion-de-familias-ayseninas-a-subsidio-electrico","status":"publish","type":"post","link":"https:\/\/radiorevelacionfm.cl\/?p=43966","title":{"rendered":"Sandoval llama a estructura p\u00fablica regional a apoyar postulaci\u00f3n de familias ayseninas a subsidio el\u00e9ctrico"},"content":{"rendered":"<div class=\"flex_column av_one_full  flex_column_div av-zero-column-padding first  avia-builder-el-0  el_before_av_one_full  avia-builder-el-first  \" style='border-radius:0px; '><div  class='avia-image-container  av-styling-    avia-builder-el-1  avia-builder-el-no-sibling  avia-align-center '  itemprop=\"image\" itemscope=\"itemscope\" itemtype=\"https:\/\/schema.org\/ImageObject\"  ><div class='avia-image-container-inner'><div class='avia-image-overlay-wrap'><img decoding=\"async\" class='wp-image-31584 avia-img-lazy-loading-not-31584 avia_image' src=\"https:\/\/radiorevelacionfm.cl\/wp-content\/uploads\/2023\/06\/senador-sandoval-4-1-1.jpg\" alt='' title='senador sandoval (4) (1) (1)' height=\"600\" width=\"784\"  itemprop=\"thumbnailUrl\" srcset=\"https:\/\/radiorevelacionfm.cl\/wp-content\/uploads\/2023\/06\/senador-sandoval-4-1-1.jpg 784w, https:\/\/radiorevelacionfm.cl\/wp-content\/uploads\/2023\/06\/senador-sandoval-4-1-1-300x230.jpg 300w, https:\/\/radiorevelacionfm.cl\/wp-content\/uploads\/2023\/06\/senador-sandoval-4-1-1-768x588.jpg 768w, https:\/\/radiorevelacionfm.cl\/wp-content\/uploads\/2023\/06\/senador-sandoval-4-1-1-705x540.jpg 705w, https:\/\/radiorevelacionfm.cl\/wp-content\/uploads\/2023\/06\/senador-sandoval-4-1-1-450x344.jpg 450w, https:\/\/radiorevelacionfm.cl\/wp-content\/uploads\/2023\/06\/senador-sandoval-4-1-1-600x459.jpg 600w\" sizes=\"(max-width: 784px) 100vw, 784px\" \/><\/div><\/div><\/div><\/div><div class=\"flex_column av_one_full  flex_column_div av-zero-column-padding first  avia-builder-el-2  el_after_av_one_full  el_before_av_one_full  column-top-margin\" style='border-radius:0px; '><section class=\"av_textblock_section \"  itemscope=\"itemscope\" itemtype=\"https:\/\/schema.org\/BlogPosting\" itemprop=\"blogPost\" ><div class='avia_textblock  '   itemprop=\"text\" ><p style=\"text-align: center;\"><span style=\"font-size: 18pt;\"><strong>Sandoval llama a estructura p\u00fablica regional a apoyar postulaci\u00f3n de familias ayseninas a subsidio el\u00e9ctrico<\/strong><\/span><\/p>\n<div id=\"gtx-trans\" style=\"position: absolute; left: -50px; top: 4.31534px;\">\n<div class=\"gtx-trans-icon\"><\/div>\n<\/div>\n<\/div><\/section><\/div><div class=\"flex_column av_one_full  flex_column_div av-zero-column-padding first  avia-builder-el-4  el_after_av_one_full  el_before_av_hr  column-top-margin\" style='border-radius:0px; '><section class=\"av_textblock_section \"  itemscope=\"itemscope\" itemtype=\"https:\/\/schema.org\/BlogPosting\" itemprop=\"blogPost\" ><div class='avia_textblock  '   itemprop=\"text\" ><p style=\"text-align: justify;\"><em>Sobre discusi\u00f3n por proyecto que perfecciona sistemas medianos, el parlamentario dijo que es una discusi\u00f3n que est\u00e1 reci\u00e9n est\u00e1 comenzando en la C\u00e1mara de Diputados y por lo mismo no es una soluci\u00f3n que se dar\u00e1 en el corto plazo.<\/em><\/p>\n<p style=\"text-align: justify;\">Ante el debate que se ha generado por el alza de las tarifas el\u00e9ctricas, el senador David Sandoval hizo un llamado a toda la estructura p\u00fablica regional, especialmente a los municipios, para apoyar la postulaci\u00f3n de familias ayseninas al subsidio el\u00e9ctrico.<\/p>\n<p style=\"text-align: justify;\">El parlamentario dijo que este beneficio va a permitir bajar el costo de la energ\u00eda, y por lo mismo consider\u00f3 necesario ayudar a quienes lo requieran, considerando que esta es la \u00faltima semana para realizar el tr\u00e1mite. \u201cLlamar a todos los municipios a colaborar con las familias, porque postular tiene ciertos requisitos que son complejos para muchos sectores, entre ellos tener una clave \u00fanica y quienes no tengan redes expeditas, acercarse a sus municipios\u201d, indic\u00f3, precisando que a la fecha han postulado alrededor de 6.500 familias a esta instancia.<\/p>\n<p style=\"text-align: justify;\">Para Sandoval, en todo caso, esta situaci\u00f3n no es suficiente, y por lo mismo hay una amplia discusi\u00f3n, para lograr dos cosas: aumentar del 40% de vulnerabilidad al 60%, que en la regi\u00f3n significa pasar de 30 mil a 45 mil familias beneficiadas aproximadamente y por otro lado, incrementar el monto de este subsidio. \u201cEs una situaci\u00f3n que est\u00e1 en plena discusi\u00f3n, pero (el subsidio) es lo \u00fanico concreto que hay hoy d\u00eda para el tema de la electricidad\u201d, precis\u00f3.<\/p>\n<p style=\"text-align: justify;\">Respecto a la discusi\u00f3n del proyecto de ley que perfecciona los sistemas medianos, el legislador record\u00f3 que esta iniciativa reci\u00e9n est\u00e1 en su primer tr\u00e1mite en la C\u00e1mara de Diputados, espec\u00edficamente en la comisi\u00f3n de Zonas Extremas. \u201cEste es un proyecto que ya est\u00e1 ingresado, pero que no va a beneficiar hoy d\u00eda ni ma\u00f1ana ni en el corto plazo. Por lo tanto, va a pasar un tiempo para llegar a algunos puntos de encuentro\u201d, aclar\u00f3.<\/p>\n<p style=\"text-align: justify;\">En todo caso, consider\u00f3 que este proyecto \u201cs\u00ed apunta a un cambio m\u00e1s estructural y a una soluci\u00f3n m\u00e1s definitiva del problema del alza de costos, que mejorar\u00eda la posibilidad de incorporar nuevas fuentes de energ\u00eda, considerando que casi la mitad de la generaci\u00f3n el\u00e9ctrica en la regi\u00f3n es a trav\u00e9s del consumo de petr\u00f3leo\u201d.<\/p>\n<p style=\"text-align: justify;\">El parlamentario dijo que este es un tema que se ir\u00e1 informando en su oportunidad, que evidentemente es relevante para la regi\u00f3n de Ays\u00e9n, por el significado que pueda tener la incorporaci\u00f3n de nuevos actores y bajar los costos, entre otros puntos. \u201cEse es un tema que iremos informando a medida que vayamos avanzando en esa tramitaci\u00f3n\u201d, concluy\u00f3.<\/p>\n<\/div><\/section><\/div><div  style='height:50px' class='hr hr-invisible   avia-builder-el-6  el_after_av_one_full  el_before_av_social_share '><span class='hr-inner ' ><span class='hr-inner-style'><\/span><\/span><\/div><\/p>\n<div  class='av-social-sharing-box  avia-builder-el-7  el_after_av_hr  el_before_av_hr  '><div class='av-share-box'><h5 class='av-share-link-description av-no-toc '>Compartir esta noticia<\/h5><ul class='av-share-box-list noLightbox'><li class='av-share-link av-social-link-facebook' ><a target=\"_blank\" aria-label=\"Compartir en Facebook\" href='https:\/\/www.facebook.com\/sharer.php?u=https:\/\/radiorevelacionfm.cl\/?p=43966&#038;t=Sandoval%20llama%20a%20estructura%20p%C3%BAblica%20regional%20a%20apoyar%20postulaci%C3%B3n%20de%20familias%20ayseninas%20a%20subsidio%20el%C3%A9ctrico' aria-hidden='false' data-av_icon='\ue8f3' data-av_iconfont='entypo-fontello' title='' data-avia-related-tooltip='Compartir en Facebook' rel=\"noopener\"><span class='avia_hidden_link_text'>Compartir en Facebook<\/span><\/a><\/li><li class='av-share-link av-social-link-twitter' ><a target=\"_blank\" aria-label=\"Compartir en Twitter\" href='https:\/\/twitter.com\/share?text=Sandoval%20llama%20a%20estructura%20p%C3%BAblica%20regional%20a%20apoyar%20postulaci%C3%B3n%20de%20familias%20ayseninas%20a%20subsidio%20el%C3%A9ctrico&#038;url=https:\/\/radiorevelacionfm.cl\/?p=43966' aria-hidden='false' data-av_icon='\ue8f1' data-av_iconfont='entypo-fontello' title='' data-avia-related-tooltip='Compartir en Twitter' rel=\"noopener\"><span class='avia_hidden_link_text'>Compartir en Twitter<\/span><\/a><\/li><li class='av-share-link av-social-link-whatsapp' ><a target=\"_blank\" aria-label=\"Compartir en Whatsapp\" href='https:\/\/api.whatsapp.com\/send?text=https:\/\/radiorevelacionfm.cl\/?p=43966' aria-hidden='false' data-av_icon='\uf232' data-av_iconfont='entypo-fontello' title='' data-avia-related-tooltip='Compartir en Whatsapp' rel=\"noopener\"><span class='avia_hidden_link_text'>Compartir en Whatsapp<\/span><\/a><\/li><li class='av-share-link av-social-link-linkedin' ><a target=\"_blank\" aria-label=\"Compartir en LinkedIn\" href='https:\/\/linkedin.com\/shareArticle?mini=true&#038;title=Sandoval%20llama%20a%20estructura%20p%C3%BAblica%20regional%20a%20apoyar%20postulaci%C3%B3n%20de%20familias%20ayseninas%20a%20subsidio%20el%C3%A9ctrico&#038;url=https:\/\/radiorevelacionfm.cl\/?p=43966' aria-hidden='false' data-av_icon='\ue8fc' data-av_iconfont='entypo-fontello' title='' data-avia-related-tooltip='Compartir en LinkedIn' rel=\"noopener\"><span class='avia_hidden_link_text'>Compartir en LinkedIn<\/span><\/a><\/li><li class='av-share-link av-social-link-mail' ><a  aria-label=\"Compartir por correo\" href='mailto:?subject=Sandoval%20llama%20a%20estructura%20p%C3%BAblica%20regional%20a%20apoyar%20postulaci%C3%B3n%20de%20familias%20ayseninas%20a%20subsidio%20el%C3%A9ctrico&#038;body=https:\/\/radiorevelacionfm.cl\/?p=43966' aria-hidden='false' data-av_icon='\ue805' data-av_iconfont='entypo-fontello' title='' data-avia-related-tooltip='Compartir por correo'><span class='avia_hidden_link_text'>Compartir por correo<\/span><\/a><\/li><\/ul><\/div><\/div>\n<div  style='height:50px' class='hr hr-invisible   avia-builder-el-8  el_after_av_social_share  el_before_av_comments_list '><span class='hr-inner ' ><span class='hr-inner-style'><\/span><\/span><\/div>\n<div  class='av-buildercomment  av-blog-meta-html-info-disabled av-blog-meta-tag-disabled  '><\/div>\n","protected":false},"excerpt":{"rendered":"","protected":false},"author":1,"featured_media":31584,"comment_status":"open","ping_status":"open","sticky":false,"template":"","format":"standard","meta":{"footnotes":""},"categories":[35],"tags":[],"class_list":["post-43966","post","type-post","status-publish","format-standard","has-post-thumbnail","hentry","category-politica"],"jetpack_featured_media_url":"https:\/\/radiorevelacionfm.cl\/wp-content\/uploads\/2023\/06\/senador-sandoval-4-1-1.jpg","_links":{"self":[{"href":"https:\/\/radiorevelacionfm.cl\/index.php?rest_route=\/wp\/v2\/posts\/43966","targetHints":{"allow":["GET"]}}],"collection":[{"href":"https:\/\/radiorevelacionfm.cl\/index.php?rest_route=\/wp\/v2\/posts"}],"about":[{"href":"https:\/\/radiorevelacionfm.cl\/index.php?rest_route=\/wp\/v2\/types\/post"}],"author":[{"embeddable":true,"href":"https:\/\/radiorevelacionfm.cl\/index.php?rest_route=\/wp\/v2\/users\/1"}],"replies":[{"embeddable":true,"href":"https:\/\/radiorevelacionfm.cl\/index.php?rest_route=%2Fwp%2Fv2%2Fcomments&post=43966"}],"version-history":[{"count":1,"href":"https:\/\/radiorevelacionfm.cl\/index.php?rest_route=\/wp\/v2\/posts\/43966\/revisions"}],"predecessor-version":[{"id":43967,"href":"https:\/\/radiorevelacionfm.cl\/index.php?rest_route=\/wp\/v2\/posts\/43966\/revisions\/43967"}],"wp:featuredmedia":[{"embeddable":true,"href":"https:\/\/radiorevelacionfm.cl\/index.php?rest_route=\/wp\/v2\/media\/31584"}],"wp:attachment":[{"href":"https:\/\/radiorevelacionfm.cl\/index.php?rest_route=%2Fwp%2Fv2%2Fmedia&parent=43966"}],"wp:term":[{"taxonomy":"category","embeddable":true,"href":"https:\/\/radiorevelacionfm.cl\/index.php?rest_route=%2Fwp%2Fv2%2Fcategories&post=43966"},{"taxonomy":"post_tag","embeddable":true,"href":"https:\/\/radiorevelacionfm.cl\/index.php?rest_route=%2Fwp%2Fv2%2Ftags&post=43966"}],"curies":[{"name":"wp","href":"https:\/\/api.w.org\/{rel}","templated":true}]}}