{"id":43963,"date":"2024-07-08T19:51:56","date_gmt":"2024-07-08T22:51:56","guid":{"rendered":"https:\/\/radiorevelacionfm.cl\/?p=43963"},"modified":"2024-07-08T19:51:56","modified_gmt":"2024-07-08T22:51:56","slug":"concluye-proyecto-de-innovacion-para-fortalecer-la-industria-del-aserrio-en-aysen","status":"publish","type":"post","link":"https:\/\/radiorevelacionfm.cl\/?p=43963","title":{"rendered":"Concluye proyecto de innovaci\u00f3n para fortalecer la Industria del Aserr\u00edo en Ays\u00e9n"},"content":{"rendered":"<div class=\"flex_column av_one_full  flex_column_div av-zero-column-padding first  avia-builder-el-0  el_before_av_one_full  avia-builder-el-first  \" style='border-radius:0px; '><div  class='avia-image-container  av-styling-    avia-builder-el-1  avia-builder-el-no-sibling  avia-align-center '  itemprop=\"image\" itemscope=\"itemscope\" itemtype=\"https:\/\/schema.org\/ImageObject\"  ><div class='avia-image-container-inner'><div class='avia-image-overlay-wrap'><img decoding=\"async\" class='wp-image-43964 avia-img-lazy-loading-not-43964 avia_image' src=\"https:\/\/radiorevelacionfm.cl\/wp-content\/uploads\/2024\/07\/20240628_114841-1_optimized.jpg\" alt='' title='20240628_114841-(1)_optimized' height=\"600\" width=\"1067\"  itemprop=\"thumbnailUrl\" srcset=\"https:\/\/radiorevelacionfm.cl\/wp-content\/uploads\/2024\/07\/20240628_114841-1_optimized.jpg 1067w, https:\/\/radiorevelacionfm.cl\/wp-content\/uploads\/2024\/07\/20240628_114841-1_optimized-300x169.jpg 300w, https:\/\/radiorevelacionfm.cl\/wp-content\/uploads\/2024\/07\/20240628_114841-1_optimized-1030x579.jpg 1030w, https:\/\/radiorevelacionfm.cl\/wp-content\/uploads\/2024\/07\/20240628_114841-1_optimized-768x432.jpg 768w, https:\/\/radiorevelacionfm.cl\/wp-content\/uploads\/2024\/07\/20240628_114841-1_optimized-705x396.jpg 705w, https:\/\/radiorevelacionfm.cl\/wp-content\/uploads\/2024\/07\/20240628_114841-1_optimized-450x253.jpg 450w, https:\/\/radiorevelacionfm.cl\/wp-content\/uploads\/2024\/07\/20240628_114841-1_optimized-600x337.jpg 600w\" sizes=\"(max-width: 1067px) 100vw, 1067px\" \/><\/div><\/div><\/div><\/div><div class=\"flex_column av_one_full  flex_column_div av-zero-column-padding first  avia-builder-el-2  el_after_av_one_full  el_before_av_one_full  column-top-margin\" style='border-radius:0px; '><section class=\"av_textblock_section \"  itemscope=\"itemscope\" itemtype=\"https:\/\/schema.org\/BlogPosting\" itemprop=\"blogPost\" ><div class='avia_textblock  '   itemprop=\"text\" ><p style=\"text-align: center;\"><strong><span style=\"font-size: 18pt;\">Concluye proyecto de innovaci\u00f3n para fortalecer la Industria del Aserr\u00edo en Ays\u00e9n<\/span><\/strong><\/p>\n<div id=\"gtx-trans\" style=\"position: absolute; left: -50px; top: 4.31534px;\">\n<div class=\"gtx-trans-icon\"><\/div>\n<\/div>\n<\/div><\/section><\/div><div class=\"flex_column av_one_full  flex_column_div av-zero-column-padding first  avia-builder-el-4  el_after_av_one_full  el_before_av_hr  column-top-margin\" style='border-radius:0px; '><section class=\"av_textblock_section \"  itemscope=\"itemscope\" itemtype=\"https:\/\/schema.org\/BlogPosting\" itemprop=\"blogPost\" ><div class='avia_textblock  '   itemprop=\"text\" ><p style=\"font-weight: 400; text-align: justify;\"><em>En el marco de esta iniciativa financiada por Corfo Ays\u00e9n, el Campus Patagonia de la Universidad Austral de Chile inaugur\u00f3 el Primer Laboratorio de Bosques y Sanidad Vegetal para mejorar la calidad de la madera regional.<\/em><\/p>\n<p style=\"font-weight: 400; text-align: justify;\">Con una ceremonia que cont\u00f3 con autoridades, beneficiarios e invitados, culmin\u00f3 el proyecto \u201cFortalecimiento t\u00e9cnico y de innovaci\u00f3n del capital humano de la industria del aserr\u00edo\u201d en Ays\u00e9n, financiado por InnovaChile de Corfo y ejecutado por el Campus Patagonia de la Universidad Austral de Chile.<\/p>\n<p style=\"font-weight: 400; text-align: justify;\">El proyecto, desarrollado por el investigador y docente de la UACh, Dr. Rodrigo Morales, entre diciembre de 2022 y junio de 2024, incluy\u00f3 una serie de capacitaciones y giras de transferencia tecnol\u00f3gica que beneficiaron a 23 peque\u00f1as empresas del sector forestal de la regi\u00f3n de Ays\u00e9n.<\/p>\n<p style=\"font-weight: 400; text-align: justify;\">Durante la ceremonia, el investigador destac\u00f3 que el proyecto se centr\u00f3 en la capacitaci\u00f3n del capital humano en Ays\u00e9n. \u201cRespecto a los objetivos que planteamos, los superamos con creces, alcanzando niveles de capacitaci\u00f3n bastante elevados con capacitadores de primer nivel, profesionales que trajimos desde fuera de la regi\u00f3n. Hubo una gran satisfacci\u00f3n por parte de los beneficiarios, quienes tambi\u00e9n lo expresaron en reiteradas ocasiones y durante esta ceremonia\u201d.<\/p>\n<p style=\"font-weight: 400; text-align: justify;\">Para Dagoberto Uribe, propietario de Muebles San Francisco y uno de los beneficiarios del proyecto, \u201cesta capacitaci\u00f3n fue muy buena, sobre todo por las giras que hicimos, porque siempre te dejan, y permiten ver cosas nuevas y esto es muy importante, especialmente para la gente m\u00e1s joven que est\u00e1 reci\u00e9n empezando en el rubro de la madera. En Valdivia visitamos un colegio t\u00e9cnico con un montaje espectacular de maquinaria para trabajar en el rubro de la muebler\u00eda, y eso perfectamente se podr\u00eda implementar ac\u00e1 en Coyhaique. Para m\u00ed, lo que me dej\u00f3 esta visita fue la capacitaci\u00f3n respecto a los solventes a utilizar en las \u00e1reas de barniz, con buenos extractores para sacar los olores y filtros maravillosos en todos los muros. Estoy muy contento con la capacitaci\u00f3n y muy agradecido con CORFO y la Universidad Austral. Creo que estas cosas son las que sirven\u201d.<\/p>\n<p style=\"font-weight: 400; text-align: justify;\">Humberto Mar\u00edn Leiva, director de Corfo Ays\u00e9n, se\u00f1al\u00f3 que este es un trabajo colaborativo con la Universidad Austral Campus Patagonia. El objetivo es fortalecer competencias y capacidades, a empresarios del sector maderero, aumentando la competitividad y productividad de la industria regional a trav\u00e9s de la transferencia tecnol\u00f3gica, nuevas tecnolog\u00edas y la mejora del capital humano.<\/p>\n<p style=\"font-weight: 400; text-align: justify;\"><strong>INNOVACI\u00d3N, FORTALECIMIENTO Y COLABORACI\u00d3N<\/strong><\/p>\n<p style=\"font-weight: 400; text-align: justify;\">El proyecto comenz\u00f3 con diagn\u00f3sticos iniciales a los beneficiarios. Especialistas y ex acad\u00e9micos de la Facultad de Ciencias Forestales de la UACh dise\u00f1aron un programa que result\u00f3 articulador y promotor en el fortalecimiento del capital humano de la industria del aserr\u00edo en Ays\u00e9n. Se lograron mejoras constantes en los procesos mediante visitas t\u00e9cnicas personalizadas, clases te\u00f3ricas, discusiones t\u00e9cnicas y giras tecnol\u00f3gicas a Los R\u00edos.<\/p>\n<p style=\"font-weight: 400; text-align: justify;\">La ejecuci\u00f3n e impacto logrado por esta iniciativa en los beneficiarios permitieron que este proyecto fuera elegido como el Mejor Proyecto de Fomento Productivo por Corfo en 2023 en la Regi\u00f3n de Ays\u00e9n. Otros elementos relevantes de la iniciativa incluyeron la detecci\u00f3n de la necesidad de formar la primera Asociaci\u00f3n Gremial de Madereros para Ays\u00e9n, debido a que los beneficiarios del proyecto expresaron esta necesidad de trabajar colaborativamente.<\/p>\n<p style=\"font-weight: 400; text-align: justify;\"><strong>LABORATORIO DE BOSQUES Y SANIDAD VEGETAL<\/strong><\/p>\n<p style=\"font-weight: 400; text-align: justify;\">Durante la ceremonia, se inaugur\u00f3 el primer laboratorio de \u00abBosques y Sanidad Vegetal\u00bb, \u00fanico en la regi\u00f3n. El Dr. Morales explic\u00f3 que la iniciativa surgi\u00f3 por la necesidad de los beneficiarios, quienes se\u00f1alaron problemas en la calidad de la madera, como pudriciones o manchas, que afectan la producci\u00f3n de muebles y madera aserrada. Este laboratorio busca abordar y resolver esas problem\u00e1ticas sanitarias, mejorando la calidad de los productos.<\/p>\n<p style=\"font-weight: 400; text-align: justify;\">Asimismo, Morales agreg\u00f3 que los due\u00f1os de aserraderos tambi\u00e9n ten\u00edan otras problem\u00e1ticas severas, como que entre el 30 y 40% de los bosques de lenga est\u00e1n podridos. \u201cEntonces, esa madera que llegaba nueva a los aserraderos tambi\u00e9n ten\u00eda dificultades. Se desconoc\u00eda la causa o motivo del da\u00f1o, por qu\u00e9 se generaban estas pudriciones. El laboratorio contribuir\u00e1 aportando nuevos conocimientos y capacidades que permitan a estas personas conocer la g\u00e9nesis de estos problemas y c\u00f3mo evitarlos en sus procesos\u201d, concluy\u00f3.<\/p>\n<\/div><\/section><\/div><div  style='height:50px' class='hr hr-invisible   avia-builder-el-6  el_after_av_one_full  el_before_av_social_share '><span class='hr-inner ' ><span class='hr-inner-style'><\/span><\/span><\/div><\/p>\n<div  class='av-social-sharing-box  avia-builder-el-7  el_after_av_hr  el_before_av_hr  '><div class='av-share-box'><h5 class='av-share-link-description av-no-toc '>Compartir esta noticia<\/h5><ul class='av-share-box-list noLightbox'><li class='av-share-link av-social-link-facebook' ><a target=\"_blank\" aria-label=\"Compartir en Facebook\" href='https:\/\/www.facebook.com\/sharer.php?u=https:\/\/radiorevelacionfm.cl\/?p=43963&#038;t=Concluye%20proyecto%20de%20innovaci%C3%B3n%20para%20fortalecer%20la%20Industria%20del%20Aserr%C3%ADo%20en%20Ays%C3%A9n' aria-hidden='false' data-av_icon='\ue8f3' data-av_iconfont='entypo-fontello' title='' data-avia-related-tooltip='Compartir en Facebook' rel=\"noopener\"><span class='avia_hidden_link_text'>Compartir en Facebook<\/span><\/a><\/li><li class='av-share-link av-social-link-twitter' ><a target=\"_blank\" aria-label=\"Compartir en Twitter\" href='https:\/\/twitter.com\/share?text=Concluye%20proyecto%20de%20innovaci%C3%B3n%20para%20fortalecer%20la%20Industria%20del%20Aserr%C3%ADo%20en%20Ays%C3%A9n&#038;url=https:\/\/radiorevelacionfm.cl\/?p=43963' aria-hidden='false' data-av_icon='\ue8f1' data-av_iconfont='entypo-fontello' title='' data-avia-related-tooltip='Compartir en Twitter' rel=\"noopener\"><span class='avia_hidden_link_text'>Compartir en Twitter<\/span><\/a><\/li><li class='av-share-link av-social-link-whatsapp' ><a target=\"_blank\" aria-label=\"Compartir en Whatsapp\" href='https:\/\/api.whatsapp.com\/send?text=https:\/\/radiorevelacionfm.cl\/?p=43963' aria-hidden='false' data-av_icon='\uf232' data-av_iconfont='entypo-fontello' title='' data-avia-related-tooltip='Compartir en Whatsapp' rel=\"noopener\"><span class='avia_hidden_link_text'>Compartir en Whatsapp<\/span><\/a><\/li><li class='av-share-link av-social-link-linkedin' ><a target=\"_blank\" aria-label=\"Compartir en LinkedIn\" href='https:\/\/linkedin.com\/shareArticle?mini=true&#038;title=Concluye%20proyecto%20de%20innovaci%C3%B3n%20para%20fortalecer%20la%20Industria%20del%20Aserr%C3%ADo%20en%20Ays%C3%A9n&#038;url=https:\/\/radiorevelacionfm.cl\/?p=43963' aria-hidden='false' data-av_icon='\ue8fc' data-av_iconfont='entypo-fontello' title='' data-avia-related-tooltip='Compartir en LinkedIn' rel=\"noopener\"><span class='avia_hidden_link_text'>Compartir en LinkedIn<\/span><\/a><\/li><li class='av-share-link av-social-link-mail' ><a  aria-label=\"Compartir por correo\" href='mailto:?subject=Concluye%20proyecto%20de%20innovaci%C3%B3n%20para%20fortalecer%20la%20Industria%20del%20Aserr%C3%ADo%20en%20Ays%C3%A9n&#038;body=https:\/\/radiorevelacionfm.cl\/?p=43963' aria-hidden='false' data-av_icon='\ue805' data-av_iconfont='entypo-fontello' title='' data-avia-related-tooltip='Compartir por correo'><span class='avia_hidden_link_text'>Compartir por correo<\/span><\/a><\/li><\/ul><\/div><\/div>\n<div  style='height:50px' class='hr hr-invisible   avia-builder-el-8  el_after_av_social_share  el_before_av_comments_list '><span class='hr-inner ' ><span class='hr-inner-style'><\/span><\/span><\/div>\n<div  class='av-buildercomment  av-blog-meta-html-info-disabled av-blog-meta-tag-disabled  '><\/div>\n","protected":false},"excerpt":{"rendered":"","protected":false},"author":1,"featured_media":43964,"comment_status":"open","ping_status":"open","sticky":false,"template":"","format":"standard","meta":{"footnotes":""},"categories":[38],"tags":[],"class_list":["post-43963","post","type-post","status-publish","format-standard","has-post-thumbnail","hentry","category-regional"],"jetpack_featured_media_url":"https:\/\/radiorevelacionfm.cl\/wp-content\/uploads\/2024\/07\/20240628_114841-1_optimized.jpg","_links":{"self":[{"href":"https:\/\/radiorevelacionfm.cl\/index.php?rest_route=\/wp\/v2\/posts\/43963","targetHints":{"allow":["GET"]}}],"collection":[{"href":"https:\/\/radiorevelacionfm.cl\/index.php?rest_route=\/wp\/v2\/posts"}],"about":[{"href":"https:\/\/radiorevelacionfm.cl\/index.php?rest_route=\/wp\/v2\/types\/post"}],"author":[{"embeddable":true,"href":"https:\/\/radiorevelacionfm.cl\/index.php?rest_route=\/wp\/v2\/users\/1"}],"replies":[{"embeddable":true,"href":"https:\/\/radiorevelacionfm.cl\/index.php?rest_route=%2Fwp%2Fv2%2Fcomments&post=43963"}],"version-history":[{"count":1,"href":"https:\/\/radiorevelacionfm.cl\/index.php?rest_route=\/wp\/v2\/posts\/43963\/revisions"}],"predecessor-version":[{"id":43965,"href":"https:\/\/radiorevelacionfm.cl\/index.php?rest_route=\/wp\/v2\/posts\/43963\/revisions\/43965"}],"wp:featuredmedia":[{"embeddable":true,"href":"https:\/\/radiorevelacionfm.cl\/index.php?rest_route=\/wp\/v2\/media\/43964"}],"wp:attachment":[{"href":"https:\/\/radiorevelacionfm.cl\/index.php?rest_route=%2Fwp%2Fv2%2Fmedia&parent=43963"}],"wp:term":[{"taxonomy":"category","embeddable":true,"href":"https:\/\/radiorevelacionfm.cl\/index.php?rest_route=%2Fwp%2Fv2%2Fcategories&post=43963"},{"taxonomy":"post_tag","embeddable":true,"href":"https:\/\/radiorevelacionfm.cl\/index.php?rest_route=%2Fwp%2Fv2%2Ftags&post=43963"}],"curies":[{"name":"wp","href":"https:\/\/api.w.org\/{rel}","templated":true}]}}