{"id":43960,"date":"2024-07-08T12:02:50","date_gmt":"2024-07-08T15:02:50","guid":{"rendered":"https:\/\/radiorevelacionfm.cl\/?p=43960"},"modified":"2024-07-08T12:02:50","modified_gmt":"2024-07-08T15:02:50","slug":"partido-socialista-se-refiere-a-acusacion-por-maltrato-y-acoso-laboral-en-contra-de-la-seremi-de-gobierno","status":"publish","type":"post","link":"https:\/\/radiorevelacionfm.cl\/?p=43960","title":{"rendered":"Partido Socialista se refiere a acusaci\u00f3n por maltrato y acoso laboral en contra de la Seremi de Gobierno"},"content":{"rendered":"<div class=\"flex_column av_one_full  flex_column_div av-zero-column-padding first  avia-builder-el-0  el_before_av_one_full  avia-builder-el-first  \" style='border-radius:0px; '><div  class='avia-image-container  av-styling-    avia-builder-el-1  avia-builder-el-no-sibling  avia-align-center '  itemprop=\"image\" itemscope=\"itemscope\" itemtype=\"https:\/\/schema.org\/ImageObject\"  ><div class='avia-image-container-inner'><div class='avia-image-overlay-wrap'><img decoding=\"async\" class='wp-image-25509 avia-img-lazy-loading-not-25509 avia_image' src=\"https:\/\/radiorevelacionfm.cl\/wp-content\/uploads\/2022\/12\/MARISOL-MARTINEZ-presidenta-ps-1-1.jpeg\" alt='' title='MARISOL MARTINEZ presidenta ps (1) (1)' height=\"600\" width=\"785\"  itemprop=\"thumbnailUrl\" srcset=\"https:\/\/radiorevelacionfm.cl\/wp-content\/uploads\/2022\/12\/MARISOL-MARTINEZ-presidenta-ps-1-1.jpeg 785w, https:\/\/radiorevelacionfm.cl\/wp-content\/uploads\/2022\/12\/MARISOL-MARTINEZ-presidenta-ps-1-1-300x229.jpeg 300w, https:\/\/radiorevelacionfm.cl\/wp-content\/uploads\/2022\/12\/MARISOL-MARTINEZ-presidenta-ps-1-1-768x587.jpeg 768w, https:\/\/radiorevelacionfm.cl\/wp-content\/uploads\/2022\/12\/MARISOL-MARTINEZ-presidenta-ps-1-1-705x539.jpeg 705w, https:\/\/radiorevelacionfm.cl\/wp-content\/uploads\/2022\/12\/MARISOL-MARTINEZ-presidenta-ps-1-1-600x459.jpeg 600w\" sizes=\"(max-width: 785px) 100vw, 785px\" \/><\/div><\/div><\/div><\/div>\n<div class=\"flex_column av_one_full  flex_column_div av-zero-column-padding first  avia-builder-el-2  el_after_av_one_full  el_before_av_one_full  column-top-margin\" style='border-radius:0px; '><section class=\"av_textblock_section \"  itemscope=\"itemscope\" itemtype=\"https:\/\/schema.org\/BlogPosting\" itemprop=\"blogPost\" ><div class='avia_textblock  '   itemprop=\"text\" ><p style=\"text-align: center;\"><strong><span style=\"font-size: 18pt;\">Partido Socialista se refiere a acusaci\u00f3n por maltrato y acoso laboral en contra de la Seremi de Gobierno<\/span><\/strong><\/p>\n<div id=\"gtx-trans\" style=\"position: absolute; left: -50px; top: 4.31534px;\">\n<div class=\"gtx-trans-icon\"><\/div>\n<\/div>\n<\/div><\/section><\/div><div class=\"flex_column av_one_full  flex_column_div av-zero-column-padding first  avia-builder-el-4  el_after_av_one_full  el_before_av_hr  column-top-margin\" style='border-radius:0px; '><section class=\"av_textblock_section \"  itemscope=\"itemscope\" itemtype=\"https:\/\/schema.org\/BlogPosting\" itemprop=\"blogPost\" ><div class='avia_textblock  '   itemprop=\"text\" ><p style=\"text-align: justify;\">A trav\u00e9s de un comunicado, la presidenta regional del Partido Socialista de Chile, Marisol Mart\u00ednez, se\u00f1al\u00f3:<\/p>\n<p style=\"text-align: justify;\">Ante los recientes hechos dados a conocer en la opini\u00f3n p\u00fablica sobre actos de maltrato y acoso laboral que se estar\u00edan presentando en la Seremi de Gobierno, el Partido Socialista de Chile desea expresar su posici\u00f3n clara y firme en contra de cualquier tipo de conducta abusiva que atente contra los derechos de las y los trabajadores.<\/p>\n<p style=\"text-align: justify;\">Es fundamental subrayar que, en los m\u00e1s de dos a\u00f1os de ejercicio del cargo por parte de la autoridad mencionada, no se hab\u00eda registrado ninguna denuncia que diera pie a la activaci\u00f3n del protocolo MALS ante los organismos pertinentes. Sin embargo, la reciente denuncia por parte de un funcionario de confianza de la Seremi de Gobierno ha propiciado el inicio de un proceso investigativo que debe llevarse a cabo con la m\u00e1xima transparencia y garant\u00edas, para todas las partes involucradas.<\/p>\n<p style=\"text-align: justify;\">Esperamos que esta denuncia sea investigada a fondo, con la rigurosidad y objetividad necesarias para esclarecer los hechos y, de ser necesario, adoptar las medidas correctivas correspondientes.<\/p>\n<p style=\"text-align: justify;\">El Delegado Presidencial y la Ministra han manifestado su respaldo a nuestra seremi mientras esta investigaci\u00f3n se realice y en espera de sus resultados.<\/p>\n<p style=\"text-align: justify;\">Cabe hacer presente que nuestro partido cuenta con sus propios mecanismos internos para recibir denuncias de esta naturaleza, las cuales est\u00e1n disponibles para que cualquier militante pueda hacer uso de ellas.<\/p>\n<p style=\"text-align: justify;\">Asimismo, celebramos el fortalecimiento de nuestra legislaci\u00f3n con la adopci\u00f3n de la Ley Karin, la cual consideramos un avance crucial para prevenir, perseguir y sancionar situaciones de acoso laboral, en el sector p\u00fablico y privado.<\/p>\n<p style=\"text-align: justify;\">El Partido Socialista de Chile est\u00e1 comprometido en apoyar y velar por un entorno de trabajo digno y respetuoso para todos las y los trabajadores de nuestro pa\u00eds.<\/p>\n<\/div><\/section><\/div><\/p>\n<div  style='height:50px' class='hr hr-invisible   avia-builder-el-6  el_after_av_one_full  el_before_av_social_share '><span class='hr-inner ' ><span class='hr-inner-style'><\/span><\/span><\/div>\n<div  class='av-social-sharing-box  avia-builder-el-7  el_after_av_hr  el_before_av_hr  '><div class='av-share-box'><h5 class='av-share-link-description av-no-toc '>Compartir esta noticia<\/h5><ul class='av-share-box-list noLightbox'><li class='av-share-link av-social-link-facebook' ><a target=\"_blank\" aria-label=\"Compartir en Facebook\" href='https:\/\/www.facebook.com\/sharer.php?u=https:\/\/radiorevelacionfm.cl\/?p=43960&#038;t=Partido%20Socialista%20se%20refiere%20a%20acusaci%C3%B3n%20por%20maltrato%20y%20acoso%20laboral%20en%20contra%20de%20la%20Seremi%20de%20Gobierno' aria-hidden='false' data-av_icon='\ue8f3' data-av_iconfont='entypo-fontello' title='' data-avia-related-tooltip='Compartir en Facebook' rel=\"noopener\"><span class='avia_hidden_link_text'>Compartir en Facebook<\/span><\/a><\/li><li class='av-share-link av-social-link-twitter' ><a target=\"_blank\" aria-label=\"Compartir en Twitter\" href='https:\/\/twitter.com\/share?text=Partido%20Socialista%20se%20refiere%20a%20acusaci%C3%B3n%20por%20maltrato%20y%20acoso%20laboral%20en%20contra%20de%20la%20Seremi%20de%20Gobierno&#038;url=https:\/\/radiorevelacionfm.cl\/?p=43960' aria-hidden='false' data-av_icon='\ue8f1' data-av_iconfont='entypo-fontello' title='' data-avia-related-tooltip='Compartir en Twitter' rel=\"noopener\"><span class='avia_hidden_link_text'>Compartir en Twitter<\/span><\/a><\/li><li class='av-share-link av-social-link-whatsapp' ><a target=\"_blank\" aria-label=\"Compartir en Whatsapp\" href='https:\/\/api.whatsapp.com\/send?text=https:\/\/radiorevelacionfm.cl\/?p=43960' aria-hidden='false' data-av_icon='\uf232' data-av_iconfont='entypo-fontello' title='' data-avia-related-tooltip='Compartir en Whatsapp' rel=\"noopener\"><span class='avia_hidden_link_text'>Compartir en Whatsapp<\/span><\/a><\/li><li class='av-share-link av-social-link-linkedin' ><a target=\"_blank\" aria-label=\"Compartir en LinkedIn\" href='https:\/\/linkedin.com\/shareArticle?mini=true&#038;title=Partido%20Socialista%20se%20refiere%20a%20acusaci%C3%B3n%20por%20maltrato%20y%20acoso%20laboral%20en%20contra%20de%20la%20Seremi%20de%20Gobierno&#038;url=https:\/\/radiorevelacionfm.cl\/?p=43960' aria-hidden='false' data-av_icon='\ue8fc' data-av_iconfont='entypo-fontello' title='' data-avia-related-tooltip='Compartir en LinkedIn' rel=\"noopener\"><span class='avia_hidden_link_text'>Compartir en LinkedIn<\/span><\/a><\/li><li class='av-share-link av-social-link-mail' ><a  aria-label=\"Compartir por correo\" href='mailto:?subject=Partido%20Socialista%20se%20refiere%20a%20acusaci%C3%B3n%20por%20maltrato%20y%20acoso%20laboral%20en%20contra%20de%20la%20Seremi%20de%20Gobierno&#038;body=https:\/\/radiorevelacionfm.cl\/?p=43960' aria-hidden='false' data-av_icon='\ue805' data-av_iconfont='entypo-fontello' title='' data-avia-related-tooltip='Compartir por correo'><span class='avia_hidden_link_text'>Compartir por correo<\/span><\/a><\/li><\/ul><\/div><\/div>\n<div  style='height:50px' class='hr hr-invisible   avia-builder-el-8  el_after_av_social_share  el_before_av_comments_list '><span class='hr-inner ' ><span class='hr-inner-style'><\/span><\/span><\/div>\n<div  class='av-buildercomment  av-blog-meta-html-info-disabled av-blog-meta-tag-disabled  '><\/div>\n","protected":false},"excerpt":{"rendered":"","protected":false},"author":1,"featured_media":25509,"comment_status":"open","ping_status":"open","sticky":false,"template":"","format":"standard","meta":{"footnotes":""},"categories":[35],"tags":[],"class_list":["post-43960","post","type-post","status-publish","format-standard","has-post-thumbnail","hentry","category-politica"],"jetpack_featured_media_url":"https:\/\/radiorevelacionfm.cl\/wp-content\/uploads\/2022\/12\/MARISOL-MARTINEZ-presidenta-ps-1-1.jpeg","_links":{"self":[{"href":"https:\/\/radiorevelacionfm.cl\/index.php?rest_route=\/wp\/v2\/posts\/43960","targetHints":{"allow":["GET"]}}],"collection":[{"href":"https:\/\/radiorevelacionfm.cl\/index.php?rest_route=\/wp\/v2\/posts"}],"about":[{"href":"https:\/\/radiorevelacionfm.cl\/index.php?rest_route=\/wp\/v2\/types\/post"}],"author":[{"embeddable":true,"href":"https:\/\/radiorevelacionfm.cl\/index.php?rest_route=\/wp\/v2\/users\/1"}],"replies":[{"embeddable":true,"href":"https:\/\/radiorevelacionfm.cl\/index.php?rest_route=%2Fwp%2Fv2%2Fcomments&post=43960"}],"version-history":[{"count":2,"href":"https:\/\/radiorevelacionfm.cl\/index.php?rest_route=\/wp\/v2\/posts\/43960\/revisions"}],"predecessor-version":[{"id":43962,"href":"https:\/\/radiorevelacionfm.cl\/index.php?rest_route=\/wp\/v2\/posts\/43960\/revisions\/43962"}],"wp:featuredmedia":[{"embeddable":true,"href":"https:\/\/radiorevelacionfm.cl\/index.php?rest_route=\/wp\/v2\/media\/25509"}],"wp:attachment":[{"href":"https:\/\/radiorevelacionfm.cl\/index.php?rest_route=%2Fwp%2Fv2%2Fmedia&parent=43960"}],"wp:term":[{"taxonomy":"category","embeddable":true,"href":"https:\/\/radiorevelacionfm.cl\/index.php?rest_route=%2Fwp%2Fv2%2Fcategories&post=43960"},{"taxonomy":"post_tag","embeddable":true,"href":"https:\/\/radiorevelacionfm.cl\/index.php?rest_route=%2Fwp%2Fv2%2Ftags&post=43960"}],"curies":[{"name":"wp","href":"https:\/\/api.w.org\/{rel}","templated":true}]}}