{"id":43957,"date":"2024-07-08T16:23:21","date_gmt":"2024-07-08T19:23:21","guid":{"rendered":"https:\/\/radiorevelacionfm.cl\/?p=43957"},"modified":"2024-07-08T16:23:21","modified_gmt":"2024-07-08T19:23:21","slug":"importantes-avances-registran-proyectos-que-se-ejecutan-en-recintos-penitenciarios-de-puerto-aysen-y-coyhaique","status":"publish","type":"post","link":"https:\/\/radiorevelacionfm.cl\/?p=43957","title":{"rendered":"Importantes avances registran proyectos que se ejecutan en recintos penitenciarios de Puerto Ays\u00e9n y Coyhaique"},"content":{"rendered":"<div class=\"flex_column av_one_full  flex_column_div av-zero-column-padding first  avia-builder-el-0  el_before_av_one_full  avia-builder-el-first  \" style='border-radius:0px; '><div  class='avia-image-container  av-styling-    avia-builder-el-1  avia-builder-el-no-sibling  avia-align-center '  itemprop=\"image\" itemscope=\"itemscope\" itemtype=\"https:\/\/schema.org\/ImageObject\"  ><div class='avia-image-container-inner'><div class='avia-image-overlay-wrap'><img decoding=\"async\" class='wp-image-43958 avia-img-lazy-loading-not-43958 avia_image' src=\"https:\/\/radiorevelacionfm.cl\/wp-content\/uploads\/2024\/07\/trabajos-aysen-1-1_optimized.jpg\" alt='' title='trabajos-aysen-1-(1)_optimized' height=\"600\" width=\"900\"  itemprop=\"thumbnailUrl\" srcset=\"https:\/\/radiorevelacionfm.cl\/wp-content\/uploads\/2024\/07\/trabajos-aysen-1-1_optimized.jpg 900w, https:\/\/radiorevelacionfm.cl\/wp-content\/uploads\/2024\/07\/trabajos-aysen-1-1_optimized-300x200.jpg 300w, https:\/\/radiorevelacionfm.cl\/wp-content\/uploads\/2024\/07\/trabajos-aysen-1-1_optimized-768x512.jpg 768w, https:\/\/radiorevelacionfm.cl\/wp-content\/uploads\/2024\/07\/trabajos-aysen-1-1_optimized-705x470.jpg 705w, https:\/\/radiorevelacionfm.cl\/wp-content\/uploads\/2024\/07\/trabajos-aysen-1-1_optimized-450x300.jpg 450w, https:\/\/radiorevelacionfm.cl\/wp-content\/uploads\/2024\/07\/trabajos-aysen-1-1_optimized-600x400.jpg 600w\" sizes=\"(max-width: 900px) 100vw, 900px\" \/><\/div><\/div><\/div><\/div><div class=\"flex_column av_one_full  flex_column_div av-zero-column-padding first  avia-builder-el-2  el_after_av_one_full  el_before_av_one_full  column-top-margin\" style='border-radius:0px; '><section class=\"av_textblock_section \"  itemscope=\"itemscope\" itemtype=\"https:\/\/schema.org\/BlogPosting\" itemprop=\"blogPost\" ><div class='avia_textblock  '   itemprop=\"text\" ><p style=\"text-align: center;\"><span style=\"font-size: 18pt;\"><strong>Importantes avances registran proyectos que se ejecutan en recintos penitenciarios de Puerto Ays\u00e9n y Coyhaique<\/strong><\/span><\/p>\n<div id=\"gtx-trans\" style=\"position: absolute; left: -50px; top: 4.31534px;\">\n<div class=\"gtx-trans-icon\"><\/div>\n<\/div>\n<\/div><\/section><\/div><div class=\"flex_column av_one_full  flex_column_div av-zero-column-padding first  avia-builder-el-4  el_after_av_one_full  el_before_av_hr  column-top-margin\" style='border-radius:0px; '><section class=\"av_textblock_section \"  itemscope=\"itemscope\" itemtype=\"https:\/\/schema.org\/BlogPosting\" itemprop=\"blogPost\" ><div class='avia_textblock  '   itemprop=\"text\" ><p style=\"text-align: justify;\">En plena ejecuci\u00f3n y con un importante porcentaje de avance se encuentran dos proyectos que se desarrollan en el Centro de Detenci\u00f3n Preventiva de Puerto Ays\u00e9n, se trata en primer lugar de un proyecto de mejoramiento el\u00e9ctrico de todo el recinto penitenciario, mientras que el segundo dice relaci\u00f3n con la construcci\u00f3n de redes contra incendio, iniciativas que se esperan concluyan a mediados de agosto pr\u00f3ximo.<\/p>\n<p style=\"text-align: justify;\">As\u00ed lo dio a conocer el Seremi de Justicia y Derechos Humanos Samuel Navarro Castro, qui\u00e9n la semana reci\u00e9n pasada visit\u00f3 dicho recinto penitenciario, evidenciando en terreno ambos proyectos indicando que \u201chemos estado visitando distintos establecimientos penitenciarios, estuvimos en el Centro de Detenci\u00f3n Preventiva de Puerto Ays\u00e9n donde se est\u00e1n ejecutando dos proyectos de infraestructura, uno dice relaci\u00f3n con redes contra incendio que tiene alrededor de un 80% de avance y el otro se refiere al sistema el\u00e9ctrico tanto interno como de iluminaci\u00f3n en el exterior del recinto penal, esto nos tiene muy contentos porque se est\u00e1n cumpliendo los plazos comprometidos y va en directa relaci\u00f3n a mejorar la seguridad, la mantenci\u00f3n de los establecimientos de los recintos penitenciarios y que nos brinde mayores condiciones para poder realizar las labores de vigilancia que hace Gendarmer\u00eda de Chile\u201d.<\/p>\n<p style=\"text-align: justify;\">Cabe mencionar que el proyecto el\u00e9ctrico denominado \u201cMejoramiento Sistema El\u00e9ctrico y Equipo Electr\u00f3geno Emergencia del Centro de Detenci\u00f3n Preventiva de Puerto Ays\u00e9n\u201d est\u00e1 siendo ejecutado por la empresa Electromag SPA, alcanza una inversi\u00f3n cercana a los 100 millones de pesos y que es financiado mediante proyecto Fril presentado por el Municipio de Ays\u00e9n al Gobierno Regional de Ays\u00e9n, por otro lado est\u00e1 el proyecto de construcci\u00f3n de redes contra incendio, que alcanza una inversi\u00f3n sectorial cercana a los 571 millones de pesos y que permitir\u00e1 brindar protecci\u00f3n y seguridad tanto para las personas privadas de libertad como al personal de Gendarmer\u00eda de Chile que trabaja en este recinto.<\/p>\n<p style=\"text-align: justify;\">Otro proyecto que se encuentra en plena ejecuci\u00f3n dice relaci\u00f3n con la instalaci\u00f3n de ba\u00f1os en las celdas de imputados, en este sentido Navarro explic\u00f3 que \u201cestos trabajos tambi\u00e9n tiene un avance importante, si bien es cierto en este caso se est\u00e1 dando cumplimiento a un mandato judicial no obsta a ello a la disposici\u00f3n, la voluntad y los recursos de Gendarmer\u00eda de Chile para mejorar las condiciones carcelarias de las personas privadas de libertad, considerando adem\u00e1s que hay un sostenido aumento, lo que nos exige mejorar las condiciones de infraestructura, estamos con varias ocupaciones en materia de infraestructura penitenciaria, y esperamos dar buenas noticias en los pr\u00f3ximos meses a la comunidad\u201d concluy\u00f3.<\/p>\n<p style=\"text-align: justify;\"><strong>Nuevo recinto penitenciario para Coyhaique <\/strong><\/p>\n<p style=\"text-align: justify;\">La autoridad regional se refiri\u00f3 tambi\u00e9n a la posibilidad de contar con un nuevo recinto penitenciario en Coyhaique se\u00f1alando que \u201ctenemos un terreno disponible, estamos pasando de la idea a proyecto, ya han venido autoridades de Gendarmer\u00eda a revisar el terreno, evidentemente hay que hacer la factibilidad, la mec\u00e1nica de suelo y que cumpla todos los requerimientos de seguridad y los est\u00e1ndares que hoy d\u00eda se exige en materia carcelaria, esperamos que, si las cosas van bien avanzar para que ingrese a la brevedad al sistema de inversiones, dado que la necesidad es urgente\u201d concluy\u00f3.<\/p>\n<\/div><\/section><\/div><div  style='height:50px' class='hr hr-invisible   avia-builder-el-6  el_after_av_one_full  el_before_av_social_share '><span class='hr-inner ' ><span class='hr-inner-style'><\/span><\/span><\/div><\/p>\n<div  class='av-social-sharing-box  avia-builder-el-7  el_after_av_hr  el_before_av_hr  '><div class='av-share-box'><h5 class='av-share-link-description av-no-toc '>Compartir esta noticia<\/h5><ul class='av-share-box-list noLightbox'><li class='av-share-link av-social-link-facebook' ><a target=\"_blank\" aria-label=\"Compartir en Facebook\" href='https:\/\/www.facebook.com\/sharer.php?u=https:\/\/radiorevelacionfm.cl\/?p=43957&#038;t=Importantes%20avances%20registran%20proyectos%20que%20se%20ejecutan%20en%20recintos%20penitenciarios%20de%20Puerto%20Ays%C3%A9n%20y%20Coyhaique' aria-hidden='false' data-av_icon='\ue8f3' data-av_iconfont='entypo-fontello' title='' data-avia-related-tooltip='Compartir en Facebook' rel=\"noopener\"><span class='avia_hidden_link_text'>Compartir en Facebook<\/span><\/a><\/li><li class='av-share-link av-social-link-twitter' ><a target=\"_blank\" aria-label=\"Compartir en Twitter\" href='https:\/\/twitter.com\/share?text=Importantes%20avances%20registran%20proyectos%20que%20se%20ejecutan%20en%20recintos%20penitenciarios%20de%20Puerto%20Ays%C3%A9n%20y%20Coyhaique&#038;url=https:\/\/radiorevelacionfm.cl\/?p=43957' aria-hidden='false' data-av_icon='\ue8f1' data-av_iconfont='entypo-fontello' title='' data-avia-related-tooltip='Compartir en Twitter' rel=\"noopener\"><span class='avia_hidden_link_text'>Compartir en Twitter<\/span><\/a><\/li><li class='av-share-link av-social-link-whatsapp' ><a target=\"_blank\" aria-label=\"Compartir en Whatsapp\" href='https:\/\/api.whatsapp.com\/send?text=https:\/\/radiorevelacionfm.cl\/?p=43957' aria-hidden='false' data-av_icon='\uf232' data-av_iconfont='entypo-fontello' title='' data-avia-related-tooltip='Compartir en Whatsapp' rel=\"noopener\"><span class='avia_hidden_link_text'>Compartir en Whatsapp<\/span><\/a><\/li><li class='av-share-link av-social-link-linkedin' ><a target=\"_blank\" aria-label=\"Compartir en LinkedIn\" href='https:\/\/linkedin.com\/shareArticle?mini=true&#038;title=Importantes%20avances%20registran%20proyectos%20que%20se%20ejecutan%20en%20recintos%20penitenciarios%20de%20Puerto%20Ays%C3%A9n%20y%20Coyhaique&#038;url=https:\/\/radiorevelacionfm.cl\/?p=43957' aria-hidden='false' data-av_icon='\ue8fc' data-av_iconfont='entypo-fontello' title='' data-avia-related-tooltip='Compartir en LinkedIn' rel=\"noopener\"><span class='avia_hidden_link_text'>Compartir en LinkedIn<\/span><\/a><\/li><li class='av-share-link av-social-link-mail' ><a  aria-label=\"Compartir por correo\" href='mailto:?subject=Importantes%20avances%20registran%20proyectos%20que%20se%20ejecutan%20en%20recintos%20penitenciarios%20de%20Puerto%20Ays%C3%A9n%20y%20Coyhaique&#038;body=https:\/\/radiorevelacionfm.cl\/?p=43957' aria-hidden='false' data-av_icon='\ue805' data-av_iconfont='entypo-fontello' title='' data-avia-related-tooltip='Compartir por correo'><span class='avia_hidden_link_text'>Compartir por correo<\/span><\/a><\/li><\/ul><\/div><\/div>\n<div  style='height:50px' class='hr hr-invisible   avia-builder-el-8  el_after_av_social_share  el_before_av_comments_list '><span class='hr-inner ' ><span class='hr-inner-style'><\/span><\/span><\/div>\n<div  class='av-buildercomment  av-blog-meta-html-info-disabled av-blog-meta-tag-disabled  '><\/div>\n","protected":false},"excerpt":{"rendered":"","protected":false},"author":1,"featured_media":43958,"comment_status":"open","ping_status":"open","sticky":false,"template":"","format":"standard","meta":{"footnotes":""},"categories":[55],"tags":[],"class_list":["post-43957","post","type-post","status-publish","format-standard","has-post-thumbnail","hentry","category-justicia"],"jetpack_featured_media_url":"https:\/\/radiorevelacionfm.cl\/wp-content\/uploads\/2024\/07\/trabajos-aysen-1-1_optimized.jpg","_links":{"self":[{"href":"https:\/\/radiorevelacionfm.cl\/index.php?rest_route=\/wp\/v2\/posts\/43957","targetHints":{"allow":["GET"]}}],"collection":[{"href":"https:\/\/radiorevelacionfm.cl\/index.php?rest_route=\/wp\/v2\/posts"}],"about":[{"href":"https:\/\/radiorevelacionfm.cl\/index.php?rest_route=\/wp\/v2\/types\/post"}],"author":[{"embeddable":true,"href":"https:\/\/radiorevelacionfm.cl\/index.php?rest_route=\/wp\/v2\/users\/1"}],"replies":[{"embeddable":true,"href":"https:\/\/radiorevelacionfm.cl\/index.php?rest_route=%2Fwp%2Fv2%2Fcomments&post=43957"}],"version-history":[{"count":1,"href":"https:\/\/radiorevelacionfm.cl\/index.php?rest_route=\/wp\/v2\/posts\/43957\/revisions"}],"predecessor-version":[{"id":43959,"href":"https:\/\/radiorevelacionfm.cl\/index.php?rest_route=\/wp\/v2\/posts\/43957\/revisions\/43959"}],"wp:featuredmedia":[{"embeddable":true,"href":"https:\/\/radiorevelacionfm.cl\/index.php?rest_route=\/wp\/v2\/media\/43958"}],"wp:attachment":[{"href":"https:\/\/radiorevelacionfm.cl\/index.php?rest_route=%2Fwp%2Fv2%2Fmedia&parent=43957"}],"wp:term":[{"taxonomy":"category","embeddable":true,"href":"https:\/\/radiorevelacionfm.cl\/index.php?rest_route=%2Fwp%2Fv2%2Fcategories&post=43957"},{"taxonomy":"post_tag","embeddable":true,"href":"https:\/\/radiorevelacionfm.cl\/index.php?rest_route=%2Fwp%2Fv2%2Ftags&post=43957"}],"curies":[{"name":"wp","href":"https:\/\/api.w.org\/{rel}","templated":true}]}}