{"id":43951,"date":"2024-07-07T23:12:12","date_gmt":"2024-07-08T02:12:12","guid":{"rendered":"https:\/\/radiorevelacionfm.cl\/?p=43951"},"modified":"2024-07-07T23:12:12","modified_gmt":"2024-07-08T02:12:12","slug":"senadora-ordenes-destaco-publicacion-de-ley-que-consagra-internet-como-un-servicio-publico","status":"publish","type":"post","link":"https:\/\/radiorevelacionfm.cl\/?p=43951","title":{"rendered":"Senadora \u00d3rdenes destac\u00f3 publicaci\u00f3n de ley que consagra internet como un servicio p\u00fablico"},"content":{"rendered":"<div class=\"flex_column av_one_full  flex_column_div av-zero-column-padding first  avia-builder-el-0  el_before_av_one_full  avia-builder-el-first  \" style='border-radius:0px; '><div  class='avia-image-container  av-styling-    avia-builder-el-1  avia-builder-el-no-sibling  avia-align-center '  itemprop=\"image\" itemscope=\"itemscope\" itemtype=\"https:\/\/schema.org\/ImageObject\"  ><div class='avia-image-container-inner'><div class='avia-image-overlay-wrap'><img decoding=\"async\" class='wp-image-43952 avia-img-lazy-loading-not-43952 avia_image' src=\"https:\/\/radiorevelacionfm.cl\/wp-content\/uploads\/2024\/07\/SENADORA-FOTO-1-6-1-1.jpg\" alt='' title='SENADORA FOTO #1 (6) (1) (1)' height=\"600\" width=\"1062\"  itemprop=\"thumbnailUrl\" srcset=\"https:\/\/radiorevelacionfm.cl\/wp-content\/uploads\/2024\/07\/SENADORA-FOTO-1-6-1-1.jpg 1062w, https:\/\/radiorevelacionfm.cl\/wp-content\/uploads\/2024\/07\/SENADORA-FOTO-1-6-1-1-300x169.jpg 300w, https:\/\/radiorevelacionfm.cl\/wp-content\/uploads\/2024\/07\/SENADORA-FOTO-1-6-1-1-1030x582.jpg 1030w, https:\/\/radiorevelacionfm.cl\/wp-content\/uploads\/2024\/07\/SENADORA-FOTO-1-6-1-1-768x434.jpg 768w, https:\/\/radiorevelacionfm.cl\/wp-content\/uploads\/2024\/07\/SENADORA-FOTO-1-6-1-1-705x398.jpg 705w, https:\/\/radiorevelacionfm.cl\/wp-content\/uploads\/2024\/07\/SENADORA-FOTO-1-6-1-1-450x254.jpg 450w, https:\/\/radiorevelacionfm.cl\/wp-content\/uploads\/2024\/07\/SENADORA-FOTO-1-6-1-1-600x339.jpg 600w\" sizes=\"(max-width: 1062px) 100vw, 1062px\" \/><\/div><\/div><\/div><\/div><div class=\"flex_column av_one_full  flex_column_div av-zero-column-padding first  avia-builder-el-2  el_after_av_one_full  el_before_av_one_full  column-top-margin\" style='border-radius:0px; '><section class=\"av_textblock_section \"  itemscope=\"itemscope\" itemtype=\"https:\/\/schema.org\/BlogPosting\" itemprop=\"blogPost\" ><div class='avia_textblock  '   itemprop=\"text\" ><p style=\"text-align: center;\"><strong><span style=\"font-size: 18pt;\">Senadora \u00d3rdenes destac\u00f3 publicaci\u00f3n de ley que consagra internet como un servicio p\u00fablico<\/span><\/strong><\/p>\n<div id=\"gtx-trans\" style=\"position: absolute; left: -50px; top: 4.31534px;\">\n<div class=\"gtx-trans-icon\"><\/div>\n<\/div>\n<\/div><\/section><\/div><div class=\"flex_column av_one_full  flex_column_div av-zero-column-padding first  avia-builder-el-4  el_after_av_one_full  el_before_av_hr  column-top-margin\" style='border-radius:0px; '><section class=\"av_textblock_section \"  itemscope=\"itemscope\" itemtype=\"https:\/\/schema.org\/BlogPosting\" itemprop=\"blogPost\" ><div class='avia_textblock  '   itemprop=\"text\" ><p style=\"text-align: justify;\">El jueves 4 de julio se public\u00f3 en el Diario Oficial la Ley de Internet como Servicio P\u00fablico, que consagra la conectividad digital como un derecho b\u00e1sico, entreg\u00e1ndole herramientas al Estado para garantizarlo a la ciudadan\u00eda. La senadora por la regi\u00f3n de Ays\u00e9n, Ximena \u00d3rdenes Neira, quien preside la Comisi\u00f3n de Transportes y Telecomunicaciones del Senado, fue parte del hito realizado por el gobierno en la comuna de Renca.<\/p>\n<p style=\"text-align: justify;\">\u201cTenemos grandes desaf\u00edos en la sociedad digital, que parten por incluir a todos; este es un factor determinante. Chile ha avanzado de manera importante en lo que tiene que ver con despliegue de infraestructura digital y queremos generar mejores condiciones para el acceso. Esto es lo que hace esta ley de Internet como Servicio P\u00fablico. Considera un Plan Nacional Digital\u201d, sostuvo la parlamentaria en el punto de prensa realizado al t\u00e9rmino de la ceremonia.<\/p>\n<p style=\"text-align: justify;\">\u201cLogramos establecer que se pueda subsidiar la demanda y terminar con la imagen del estudiante en el techo, que es algo que vimos y que no queremos ver m\u00e1s\u201d, a\u00f1adi\u00f3 la senadora \u00d3rdenes, asegurando que \u201cInternet hoy abre espacios para acceder a bienes y servicios, para ejercer nuestra ciudadan\u00eda activa, es un factor clave para el futuro del trabajo y sin dudas, para hacer tr\u00e1mites en l\u00ednea, lo que nos exige un proceso de transformaci\u00f3n digital en el Estado\u201d.<\/p>\n<p style=\"text-align: justify;\">La presidenta de la Comisi\u00f3n de Transportes y Telecomunicaciones del Senado, concluy\u00f3 destacando el trabajo realizado en conjunto con el Ministerio y agradeciendo a todos aquellos que aportaron a trav\u00e9s de sus comentarios, sugerencias para alcanzar esta ley.<\/p>\n<p style=\"text-align: justify;\">Del mismo modo, ministro de la cartera a cargo de las telecomunicaciones, Juan Carlos Mu\u00f1oz, tambi\u00e9n destac\u00f3 el hito se\u00f1alando: \u201cFinalmente tenemos nuestra Ley de Internet como servicio p\u00fablico publicada en el Diario Oficial. Una ley que permite, por una parte, que las empresas de Internet est\u00e9n obligadas a servir en las zonas censales de forma completa y no puedan elegir algunos edificios o zonas, dej\u00e1ndolas fuera\u201d. Al mismo tiempo, se\u00f1al\u00f3 que \u201cpermite que el Estado pueda salir a ayudar financieramente aquellas familias que tienen problemas para cubrir y financiar servicios de Internet\u201d.<\/p>\n<p style=\"text-align: justify;\">\u201cEsto es clave para que no se nos vayan quedando ni\u00f1os y familias sin acceso a un servicio que termina siendo fundamental para su desarrollo\u201d, cerr\u00f3 el Ministro Mu\u00f1oz, agradeciendo el trabajo hecho en el Congreso.<\/p>\n<p style=\"text-align: justify;\">Respecto al trabajo legislativo, la senadora \u00d3rdenes mostr\u00f3 estar muy contenta de \u201cterminar una etapa que tom\u00f3 tiempo, tom\u00f3 debate. Internet hoy es un factor de inclusi\u00f3n social y para nosotros y es muy importante garantizar el acceso de todos los ciudadanos. Ac\u00e1 lo que se hace es reconocer Internet como un Servicio P\u00fablico de telecomunicaciones, estableciendo, tanto, medidas de equidad, como tambi\u00e9n, contar con un Plan Nacional Digital\u201d.<\/p>\n<p style=\"text-align: justify;\">Por otro lado, la parlamentaria reconoci\u00f3 que en la ley \u201ctambi\u00e9n se estableci\u00f3 que se pueda subsidiar la demanda de ciertos usuarios, por lo que va a haber una oportunidad mayor para que todas las personas puedan estar conectadas, porque entendemos que Internet tambi\u00e9n es un derecho en la nueva sociedad digital\u201d.<\/p>\n<p style=\"text-align: justify;\">Cabe destacar que la ley faculta el que internet\u00a0pueda ser fiscalizado\u00a0de la misma forma que la telefon\u00eda. Adem\u00e1s, permite crear mecanismos para subsidios a la demanda, ayudando a las familias que no puedan contratar planes y posibilita la\u00a0<strong>creaci\u00f3n de cooperativas de Internet para que grupos u organizaciones comunitarias\u00a0<\/strong>se puedan coordinar y autoabastecer de conectividad.<\/p>\n<p style=\"text-align: justify;\">Tambi\u00e9n, la norma se\u00f1ala que de manera anual, durante la discusi\u00f3n de Presupuesto, se disponga de un\u00a0<strong>subsidio para el pago de las cuentas de servicios de Internet<\/strong>\u00a0a un determinado porcentaje de los usuarios m\u00e1s vulnerables de nuestro pa\u00eds, de acuerdo a lo consignado en el Registro Social de Hogares (RSH) u otro instrumento id\u00f3neo que se establezca, con cargo a los recursos del Fondo de Desarrollo de las Telecomunicaciones (FDT).<\/p>\n<\/div><\/section><\/div><div  style='height:50px' class='hr hr-invisible   avia-builder-el-6  el_after_av_one_full  el_before_av_social_share '><span class='hr-inner ' ><span class='hr-inner-style'><\/span><\/span><\/div><\/p>\n<div  class='av-social-sharing-box  avia-builder-el-7  el_after_av_hr  el_before_av_hr  '><div class='av-share-box'><h5 class='av-share-link-description av-no-toc '>Compartir esta noticia<\/h5><ul class='av-share-box-list noLightbox'><li class='av-share-link av-social-link-facebook' ><a target=\"_blank\" aria-label=\"Compartir en Facebook\" href='https:\/\/www.facebook.com\/sharer.php?u=https:\/\/radiorevelacionfm.cl\/?p=43951&#038;t=Senadora%20%C3%93rdenes%20destac%C3%B3%20publicaci%C3%B3n%20de%20ley%20que%20consagra%20internet%20como%20un%20servicio%20p%C3%BAblico' aria-hidden='false' data-av_icon='\ue8f3' data-av_iconfont='entypo-fontello' title='' data-avia-related-tooltip='Compartir en Facebook' rel=\"noopener\"><span class='avia_hidden_link_text'>Compartir en Facebook<\/span><\/a><\/li><li class='av-share-link av-social-link-twitter' ><a target=\"_blank\" aria-label=\"Compartir en Twitter\" href='https:\/\/twitter.com\/share?text=Senadora%20%C3%93rdenes%20destac%C3%B3%20publicaci%C3%B3n%20de%20ley%20que%20consagra%20internet%20como%20un%20servicio%20p%C3%BAblico&#038;url=https:\/\/radiorevelacionfm.cl\/?p=43951' aria-hidden='false' data-av_icon='\ue8f1' data-av_iconfont='entypo-fontello' title='' data-avia-related-tooltip='Compartir en Twitter' rel=\"noopener\"><span class='avia_hidden_link_text'>Compartir en Twitter<\/span><\/a><\/li><li class='av-share-link av-social-link-whatsapp' ><a target=\"_blank\" aria-label=\"Compartir en Whatsapp\" href='https:\/\/api.whatsapp.com\/send?text=https:\/\/radiorevelacionfm.cl\/?p=43951' aria-hidden='false' data-av_icon='\uf232' data-av_iconfont='entypo-fontello' title='' data-avia-related-tooltip='Compartir en Whatsapp' rel=\"noopener\"><span class='avia_hidden_link_text'>Compartir en Whatsapp<\/span><\/a><\/li><li class='av-share-link av-social-link-linkedin' ><a target=\"_blank\" aria-label=\"Compartir en LinkedIn\" href='https:\/\/linkedin.com\/shareArticle?mini=true&#038;title=Senadora%20%C3%93rdenes%20destac%C3%B3%20publicaci%C3%B3n%20de%20ley%20que%20consagra%20internet%20como%20un%20servicio%20p%C3%BAblico&#038;url=https:\/\/radiorevelacionfm.cl\/?p=43951' aria-hidden='false' data-av_icon='\ue8fc' data-av_iconfont='entypo-fontello' title='' data-avia-related-tooltip='Compartir en LinkedIn' rel=\"noopener\"><span class='avia_hidden_link_text'>Compartir en LinkedIn<\/span><\/a><\/li><li class='av-share-link av-social-link-mail' ><a  aria-label=\"Compartir por correo\" href='mailto:?subject=Senadora%20%C3%93rdenes%20destac%C3%B3%20publicaci%C3%B3n%20de%20ley%20que%20consagra%20internet%20como%20un%20servicio%20p%C3%BAblico&#038;body=https:\/\/radiorevelacionfm.cl\/?p=43951' aria-hidden='false' data-av_icon='\ue805' data-av_iconfont='entypo-fontello' title='' data-avia-related-tooltip='Compartir por correo'><span class='avia_hidden_link_text'>Compartir por correo<\/span><\/a><\/li><\/ul><\/div><\/div>\n<div  style='height:50px' class='hr hr-invisible   avia-builder-el-8  el_after_av_social_share  el_before_av_comments_list '><span class='hr-inner ' ><span class='hr-inner-style'><\/span><\/span><\/div>\n<div  class='av-buildercomment  av-blog-meta-html-info-disabled av-blog-meta-tag-disabled  '><\/div>\n","protected":false},"excerpt":{"rendered":"","protected":false},"author":1,"featured_media":43952,"comment_status":"open","ping_status":"open","sticky":false,"template":"","format":"standard","meta":{"footnotes":""},"categories":[35],"tags":[],"class_list":["post-43951","post","type-post","status-publish","format-standard","has-post-thumbnail","hentry","category-politica"],"jetpack_featured_media_url":"https:\/\/radiorevelacionfm.cl\/wp-content\/uploads\/2024\/07\/SENADORA-FOTO-1-6-1-1.jpg","_links":{"self":[{"href":"https:\/\/radiorevelacionfm.cl\/index.php?rest_route=\/wp\/v2\/posts\/43951","targetHints":{"allow":["GET"]}}],"collection":[{"href":"https:\/\/radiorevelacionfm.cl\/index.php?rest_route=\/wp\/v2\/posts"}],"about":[{"href":"https:\/\/radiorevelacionfm.cl\/index.php?rest_route=\/wp\/v2\/types\/post"}],"author":[{"embeddable":true,"href":"https:\/\/radiorevelacionfm.cl\/index.php?rest_route=\/wp\/v2\/users\/1"}],"replies":[{"embeddable":true,"href":"https:\/\/radiorevelacionfm.cl\/index.php?rest_route=%2Fwp%2Fv2%2Fcomments&post=43951"}],"version-history":[{"count":1,"href":"https:\/\/radiorevelacionfm.cl\/index.php?rest_route=\/wp\/v2\/posts\/43951\/revisions"}],"predecessor-version":[{"id":43953,"href":"https:\/\/radiorevelacionfm.cl\/index.php?rest_route=\/wp\/v2\/posts\/43951\/revisions\/43953"}],"wp:featuredmedia":[{"embeddable":true,"href":"https:\/\/radiorevelacionfm.cl\/index.php?rest_route=\/wp\/v2\/media\/43952"}],"wp:attachment":[{"href":"https:\/\/radiorevelacionfm.cl\/index.php?rest_route=%2Fwp%2Fv2%2Fmedia&parent=43951"}],"wp:term":[{"taxonomy":"category","embeddable":true,"href":"https:\/\/radiorevelacionfm.cl\/index.php?rest_route=%2Fwp%2Fv2%2Fcategories&post=43951"},{"taxonomy":"post_tag","embeddable":true,"href":"https:\/\/radiorevelacionfm.cl\/index.php?rest_route=%2Fwp%2Fv2%2Ftags&post=43951"}],"curies":[{"name":"wp","href":"https:\/\/api.w.org\/{rel}","templated":true}]}}